{"id":48850,"date":"2025-12-02T19:20:31","date_gmt":"2025-12-03T01:20:31","guid":{"rendered":"https:\/\/contextoanalisisperiodistico.com\/?p=48850"},"modified":"2025-12-02T19:20:45","modified_gmt":"2025-12-03T01:20:45","slug":"obsequia-fundacion-nino-uniformes-a-jovenes-deportistas","status":"publish","type":"post","link":"https:\/\/contextoanalisisperiodistico.com\/index.php\/2025\/12\/02\/obsequia-fundacion-nino-uniformes-a-jovenes-deportistas\/","title":{"rendered":"Obsequia Fundaci\u00f3n Nino, uniformes a j\u00f3venes deportistas"},"content":{"rendered":"<div id=\"fb-root\"><\/div>\n\n<p>La Fundaci\u00f3n Nino, obsequi\u00f3 uniformes deportivos al equipo de b\u00e1squetbol del Instituto de Estudios de Bachillerato de Oaxaca (IEBO) n\u00famero 126 plantel Achiutla, instituci\u00f3n educativa ubicada en la regi\u00f3n de la Mixteca Baja.<\/p>\n\n\n\n<p>A trav\u00e9s de sus redes sociales, la Fundaci\u00f3n Nino agradeci\u00f3 la confianza que las y los j\u00f3venes deportistas de Oaxaca le tienen, para trabajar y fortalecer las actividades deportivas en sus comunidades.<\/p>\n\n\n\n<p>\u00abImpulsamos el deporte en la Mixteca Baja con la entrega de uniformes al equipo de b\u00e1squetbol del IEBO 126, plantel Achiutla, quienes se preparan para representar a su escuela en la muestra cultural y deportiva de la regi\u00f3n\u00bb, destac\u00f3 la Fundaci\u00f3n Nino en sus redes sociales.<\/p>\n\n\n\n<p>Asimismo, la Fundaci\u00f3n Nino reiter\u00f3 que seguir\u00e1 respaldando el talento y la energ\u00eda de las juventudes del estado, fortaleciendo su esp\u00edritu deportivo y acompa\u00f1\u00e1ndolos en cada paso que den dentro y fuera de la cancha, para, ijugar con todo!<\/p>\n\n\n\n<h1 class=\"wp-block-heading\"><\/h1>\n\n\n\n<h1 class=\"wp-block-heading\"><\/h1>\n\n\n\n<h1 class=\"wp-block-heading\"><\/h1>\n\n\n\n<figure class=\"wp-block-image size-large\"><img fetchpriority=\"high\" decoding=\"async\" width=\"1024\" height=\"747\" src=\"https:\/\/contextoanalisisperiodistico.com\/wp-content\/uploads\/2025\/12\/img-20251202-wa01067491518024933888054-1024x747.jpg\" alt=\"\" class=\"wp-image-48852\" srcset=\"https:\/\/contextoanalisisperiodistico.com\/wp-content\/uploads\/2025\/12\/img-20251202-wa01067491518024933888054-1024x747.jpg 1024w, https:\/\/contextoanalisisperiodistico.com\/wp-content\/uploads\/2025\/12\/img-20251202-wa01067491518024933888054-300x219.jpg 300w, https:\/\/contextoanalisisperiodistico.com\/wp-content\/uploads\/2025\/12\/img-20251202-wa01067491518024933888054-768x560.jpg 768w, https:\/\/contextoanalisisperiodistico.com\/wp-content\/uploads\/2025\/12\/img-20251202-wa01067491518024933888054.jpg 1080w\" sizes=\"(max-width: 1024px) 100vw, 1024px\" \/><\/figure>\n","protected":false},"excerpt":{"rendered":"<p>La Fundaci\u00f3n Nino, obsequi\u00f3 uniformes deportivos al equipo de b\u00e1squetbol del Instituto de Estudios de&#8230;<\/p>\n","protected":false},"author":4,"featured_media":48851,"comment_status":"closed","ping_status":"open","sticky":false,"template":"","format":"standard","meta":{"footnotes":""},"categories":[9],"tags":[356],"jetpack_sharing_enabled":true,"featured_image_urls":{"full":["https:\/\/contextoanalisisperiodistico.com\/wp-content\/uploads\/2025\/12\/IMG-20251202-WA0107.jpg",1080,607,false],"thumbnail":["https:\/\/contextoanalisisperiodistico.com\/wp-content\/uploads\/2025\/12\/IMG-20251202-WA0107-150x150.jpg",150,150,true],"medium":["https:\/\/contextoanalisisperiodistico.com\/wp-content\/uploads\/2025\/12\/IMG-20251202-WA0107-300x169.jpg",300,169,true],"medium_large":["https:\/\/contextoanalisisperiodistico.com\/wp-content\/uploads\/2025\/12\/IMG-20251202-WA0107-768x432.jpg",640,360,true],"large":["https:\/\/contextoanalisisperiodistico.com\/wp-content\/uploads\/2025\/12\/IMG-20251202-WA0107-1024x576.jpg",640,360,true],"1536x1536":["https:\/\/contextoanalisisperiodistico.com\/wp-content\/uploads\/2025\/12\/IMG-20251202-WA0107.jpg",1080,607,false],"2048x2048":["https:\/\/contextoanalisisperiodistico.com\/wp-content\/uploads\/2025\/12\/IMG-20251202-WA0107.jpg",1080,607,false],"covernews-slider-full":["https:\/\/contextoanalisisperiodistico.com\/wp-content\/uploads\/2025\/12\/IMG-20251202-WA0107.jpg",1080,607,false],"covernews-slider-center":["https:\/\/contextoanalisisperiodistico.com\/wp-content\/uploads\/2025\/12\/IMG-20251202-WA0107-800x500.jpg",800,500,true],"covernews-featured":["https:\/\/contextoanalisisperiodistico.com\/wp-content\/uploads\/2025\/12\/IMG-20251202-WA0107-1024x576.jpg",1024,576,true],"covernews-medium":["https:\/\/contextoanalisisperiodistico.com\/wp-content\/uploads\/2025\/12\/IMG-20251202-WA0107-540x340.jpg",540,340,true],"covernews-medium-square":["https:\/\/contextoanalisisperiodistico.com\/wp-content\/uploads\/2025\/12\/IMG-20251202-WA0107-400x250.jpg",400,250,true]},"author_info":{"display_name":"Mario Gir\u00f3n","author_link":"https:\/\/contextoanalisisperiodistico.com\/index.php\/author\/director\/"},"category_info":"<a href=\"https:\/\/contextoanalisisperiodistico.com\/index.php\/category\/politica\/\" rel=\"category tag\">Pol\u00edtica<\/a>","tag_info":"Pol\u00edtica","comment_count":"0","jetpack_featured_media_url":"https:\/\/contextoanalisisperiodistico.com\/wp-content\/uploads\/2025\/12\/IMG-20251202-WA0107.jpg","_links":{"self":[{"href":"https:\/\/contextoanalisisperiodistico.com\/index.php\/wp-json\/wp\/v2\/posts\/48850"}],"collection":[{"href":"https:\/\/contextoanalisisperiodistico.com\/index.php\/wp-json\/wp\/v2\/posts"}],"about":[{"href":"https:\/\/contextoanalisisperiodistico.com\/index.php\/wp-json\/wp\/v2\/types\/post"}],"author":[{"embeddable":true,"href":"https:\/\/contextoanalisisperiodistico.com\/index.php\/wp-json\/wp\/v2\/users\/4"}],"replies":[{"embeddable":true,"href":"https:\/\/contextoanalisisperiodistico.com\/index.php\/wp-json\/wp\/v2\/comments?post=48850"}],"version-history":[{"count":1,"href":"https:\/\/contextoanalisisperiodistico.com\/index.php\/wp-json\/wp\/v2\/posts\/48850\/revisions"}],"predecessor-version":[{"id":48853,"href":"https:\/\/contextoanalisisperiodistico.com\/index.php\/wp-json\/wp\/v2\/posts\/48850\/revisions\/48853"}],"wp:featuredmedia":[{"embeddable":true,"href":"https:\/\/contextoanalisisperiodistico.com\/index.php\/wp-json\/wp\/v2\/media\/48851"}],"wp:attachment":[{"href":"https:\/\/contextoanalisisperiodistico.com\/index.php\/wp-json\/wp\/v2\/media?parent=48850"}],"wp:term":[{"taxonomy":"category","embeddable":true,"href":"https:\/\/contextoanalisisperiodistico.com\/index.php\/wp-json\/wp\/v2\/categories?post=48850"},{"taxonomy":"post_tag","embeddable":true,"href":"https:\/\/contextoanalisisperiodistico.com\/index.php\/wp-json\/wp\/v2\/tags?post=48850"}],"curies":[{"name":"wp","href":"https:\/\/api.w.org\/{rel}","templated":true}]}}