{"id":48844,"date":"2025-12-02T15:33:58","date_gmt":"2025-12-02T21:33:58","guid":{"rendered":"https:\/\/contextoanalisisperiodistico.com\/index.php\/2025\/12\/02\/fortalece-salomon-jara-redes-de-mujeres-para-la-seguridad-justicia-bienestar-y-paz-en-oaxaca\/"},"modified":"2025-12-02T15:33:58","modified_gmt":"2025-12-02T21:33:58","slug":"fortalece-salomon-jara-redes-de-mujeres-para-la-seguridad-justicia-bienestar-y-paz-en-oaxaca","status":"publish","type":"post","link":"https:\/\/contextoanalisisperiodistico.com\/index.php\/2025\/12\/02\/fortalece-salomon-jara-redes-de-mujeres-para-la-seguridad-justicia-bienestar-y-paz-en-oaxaca\/","title":{"rendered":"Fortalece Salom\u00f3n Jara redes de mujeres para la seguridad, justicia, bienestar y paz en Oaxaca"},"content":{"rendered":"<div id=\"fb-root\"><\/div>\n\n<p>\u2022 El Mandatario estatal sostiene un encuentro con las representantes de 300 Mucpaz que trabajan en diferentes regiones de la entidad<\/p>\n\n\n\n<figure class=\"wp-block-image size-large\"><img fetchpriority=\"high\" decoding=\"async\" width=\"1024\" height=\"682\" src=\"https:\/\/contextoanalisisperiodistico.com\/wp-content\/uploads\/2025\/12\/img-20251202-wa00827712440932938469726-1024x682.jpg\" alt=\"\" class=\"wp-image-48840\" srcset=\"https:\/\/contextoanalisisperiodistico.com\/wp-content\/uploads\/2025\/12\/img-20251202-wa00827712440932938469726-1024x682.jpg 1024w, https:\/\/contextoanalisisperiodistico.com\/wp-content\/uploads\/2025\/12\/img-20251202-wa00827712440932938469726-300x200.jpg 300w, https:\/\/contextoanalisisperiodistico.com\/wp-content\/uploads\/2025\/12\/img-20251202-wa00827712440932938469726-768x512.jpg 768w, https:\/\/contextoanalisisperiodistico.com\/wp-content\/uploads\/2025\/12\/img-20251202-wa00827712440932938469726.jpg 1280w\" sizes=\"(max-width: 1024px) 100vw, 1024px\" \/><\/figure>\n\n\n\n<figure class=\"wp-block-image\"><img decoding=\"async\" width=\"1024\" height=\"682\" src=\"https:\/\/contextoanalisisperiodistico.com\/wp-content\/uploads\/2025\/12\/img-20251202-wa00846994197532009904288-1024x682.jpg\" alt=\"\" class=\"wp-image-48842\" srcset=\"https:\/\/contextoanalisisperiodistico.com\/wp-content\/uploads\/2025\/12\/img-20251202-wa00846994197532009904288-1024x682.jpg 1024w, https:\/\/contextoanalisisperiodistico.com\/wp-content\/uploads\/2025\/12\/img-20251202-wa00846994197532009904288-300x200.jpg 300w, https:\/\/contextoanalisisperiodistico.com\/wp-content\/uploads\/2025\/12\/img-20251202-wa00846994197532009904288-768x512.jpg 768w, https:\/\/contextoanalisisperiodistico.com\/wp-content\/uploads\/2025\/12\/img-20251202-wa00846994197532009904288.jpg 1280w\" sizes=\"(max-width: 1024px) 100vw, 1024px\" \/><\/figure>\n\n\n\n<figure class=\"wp-block-image\"><img decoding=\"async\" width=\"1024\" height=\"682\" src=\"https:\/\/contextoanalisisperiodistico.com\/wp-content\/uploads\/2025\/12\/img-20251202-wa0079837665121880291376-1024x682.jpg\" alt=\"\" class=\"wp-image-48841\" srcset=\"https:\/\/contextoanalisisperiodistico.com\/wp-content\/uploads\/2025\/12\/img-20251202-wa0079837665121880291376-1024x682.jpg 1024w, https:\/\/contextoanalisisperiodistico.com\/wp-content\/uploads\/2025\/12\/img-20251202-wa0079837665121880291376-300x200.jpg 300w, https:\/\/contextoanalisisperiodistico.com\/wp-content\/uploads\/2025\/12\/img-20251202-wa0079837665121880291376-768x512.jpg 768w, https:\/\/contextoanalisisperiodistico.com\/wp-content\/uploads\/2025\/12\/img-20251202-wa0079837665121880291376.jpg 1280w\" sizes=\"(max-width: 1024px) 100vw, 1024px\" \/><\/figure>\n\n\n\n<figure class=\"wp-block-image\"><img loading=\"lazy\" decoding=\"async\" width=\"1024\" height=\"682\" src=\"https:\/\/contextoanalisisperiodistico.com\/wp-content\/uploads\/2025\/12\/img-20251202-wa00814777456625258126536-1024x682.jpg\" alt=\"\" class=\"wp-image-48843\" srcset=\"https:\/\/contextoanalisisperiodistico.com\/wp-content\/uploads\/2025\/12\/img-20251202-wa00814777456625258126536-1024x682.jpg 1024w, https:\/\/contextoanalisisperiodistico.com\/wp-content\/uploads\/2025\/12\/img-20251202-wa00814777456625258126536-300x200.jpg 300w, https:\/\/contextoanalisisperiodistico.com\/wp-content\/uploads\/2025\/12\/img-20251202-wa00814777456625258126536-768x512.jpg 768w, https:\/\/contextoanalisisperiodistico.com\/wp-content\/uploads\/2025\/12\/img-20251202-wa00814777456625258126536.jpg 1280w\" sizes=\"(max-width: 1024px) 100vw, 1024px\" \/><\/figure>\n\n\n\n<p>Santa Luc\u00eda del Camino, Oax. 2 de diciembre de 2025.- El Gobernador Salom\u00f3n Jara Cruz inaugur\u00f3 el Tercer Encuentro Estatal de Redes de Mujeres Constructoras de Paz, como parte de las acciones que realiza el Gobierno del Estado para la prevenci\u00f3n, atenci\u00f3n y erradicaci\u00f3n de la violencia contra este sector de la poblaci\u00f3n.<\/p>\n\n\n\n<p>Ante la Presidenta Honoraria del Sistema para el Desarrollo Integral de la Familia (DIF) Oaxaca, Irma Bola\u00f1os Quijano y representantes de las 300 redes integradas en la actual administraci\u00f3n; el Mandatario estatal destac\u00f3 que esta reuni\u00f3n permite visibilizar los avances, compartir nuevas pr\u00e1cticas y generar herramientas para su empoderamiento.<\/p>\n\n\n\n<p>\u201cEn la Primavera Oaxaque\u00f1a estamos trabajando para saldar la deuda hist\u00f3rica con las oaxaque\u00f1as y erradicar todos los tipos de violencia y, junto con ustedes, construir actividades que contribuyan a su sano desarrollo, colocando siempre en el centro de las decisiones a las mujeres que tanto han aportado a la entidad\u201d, sostuvo.<\/p>\n\n\n\n<p>En el encuentro, celebrado en el Centro Cultural y de Convenciones de Oaxaca (CCCO), Jara Cruz destac\u00f3 que es deber del Gobierno del Estado generar y ofrecer mejores condiciones para la igualdad entre mujeres y hombres; as\u00ed como garantizar una democracia participativa y de representaci\u00f3n equitativa en todos los espacios de divisi\u00f3n pol\u00edtica de la entidad.<\/p>\n\n\n\n<p>Se\u00f1al\u00f3 que su administraci\u00f3n garantiza la vigilancia plena de los derechos humanos como una condici\u00f3n irrevocable para la seguridad, justicia, bienestar y paz del estado, en el que est\u00e1n incluidas las mujeres, por lo que convoc\u00f3 a ser part\u00edcipes para que Oaxaca sea un ejemplo de igualdad para este sector.<\/p>\n\n\n\n<p>En su oportunidad la titular del Secretariado Ejecutivo del Sistema Estatal de Seguridad P\u00fablica (SESESP), Karina Bar\u00f3n Ortiz expuso que entre 2023 y 2025, 7 mil 33 integrantes constituyeron en la entidad 300 redes de Mujeres Constructoras de Paz (Mucpaz), las cuales son la prueba que se trabaja desde lo comunitario, el territorio y de la fuerza colectiva.<\/p>\n\n\n\n<p>Explic\u00f3 que durante estos tres a\u00f1os se han recuperado espacios p\u00fablicos para que vuelvan a pertenecer a las comunidades, se han instalado luminarias para crear senderos seguros para todas, impartido talleres para prevenir la violencia, cursos de defensa personal y capacitaci\u00f3n sobre la Cartilla de los Derechos de las Mujeres, adem\u00e1s, se ha fortalecido su autonom\u00eda econ\u00f3mica con microcr\u00e9ditos y actividades productivas.<\/p>\n\n\n\n<p>-0-<\/p>\n","protected":false},"excerpt":{"rendered":"<p>\u2022 El Mandatario estatal sostiene un encuentro con las representantes de 300 Mucpaz que trabajan&#8230;<\/p>\n","protected":false},"author":4,"featured_media":48839,"comment_status":"","ping_status":"open","sticky":false,"template":"","format":"standard","meta":{"footnotes":""},"categories":[9],"tags":[316],"jetpack_sharing_enabled":true,"featured_image_urls":{"full":["https:\/\/contextoanalisisperiodistico.com\/wp-content\/uploads\/2025\/12\/IMG-20251202-WA0080.jpg",1280,853,false],"thumbnail":["https:\/\/contextoanalisisperiodistico.com\/wp-content\/uploads\/2025\/12\/IMG-20251202-WA0080-150x150.jpg",150,150,true],"medium":["https:\/\/contextoanalisisperiodistico.com\/wp-content\/uploads\/2025\/12\/IMG-20251202-WA0080-300x200.jpg",300,200,true],"medium_large":["https:\/\/contextoanalisisperiodistico.com\/wp-content\/uploads\/2025\/12\/IMG-20251202-WA0080-768x512.jpg",640,427,true],"large":["https:\/\/contextoanalisisperiodistico.com\/wp-content\/uploads\/2025\/12\/IMG-20251202-WA0080-1024x682.jpg",640,426,true],"1536x1536":["https:\/\/contextoanalisisperiodistico.com\/wp-content\/uploads\/2025\/12\/IMG-20251202-WA0080.jpg",1280,853,false],"2048x2048":["https:\/\/contextoanalisisperiodistico.com\/wp-content\/uploads\/2025\/12\/IMG-20251202-WA0080.jpg",1280,853,false],"covernews-slider-full":["https:\/\/contextoanalisisperiodistico.com\/wp-content\/uploads\/2025\/12\/IMG-20251202-WA0080-1115x715.jpg",1115,715,true],"covernews-slider-center":["https:\/\/contextoanalisisperiodistico.com\/wp-content\/uploads\/2025\/12\/IMG-20251202-WA0080-800x500.jpg",800,500,true],"covernews-featured":["https:\/\/contextoanalisisperiodistico.com\/wp-content\/uploads\/2025\/12\/IMG-20251202-WA0080-1024x682.jpg",1024,682,true],"covernews-medium":["https:\/\/contextoanalisisperiodistico.com\/wp-content\/uploads\/2025\/12\/IMG-20251202-WA0080-540x340.jpg",540,340,true],"covernews-medium-square":["https:\/\/contextoanalisisperiodistico.com\/wp-content\/uploads\/2025\/12\/IMG-20251202-WA0080-400x250.jpg",400,250,true]},"author_info":{"display_name":"Mario Gir\u00f3n","author_link":"https:\/\/contextoanalisisperiodistico.com\/index.php\/author\/director\/"},"category_info":"<a href=\"https:\/\/contextoanalisisperiodistico.com\/index.php\/category\/politica\/\" rel=\"category tag\">Pol\u00edtica<\/a>","tag_info":"Pol\u00edtica","comment_count":"0","jetpack_featured_media_url":"https:\/\/contextoanalisisperiodistico.com\/wp-content\/uploads\/2025\/12\/IMG-20251202-WA0080.jpg","_links":{"self":[{"href":"https:\/\/contextoanalisisperiodistico.com\/index.php\/wp-json\/wp\/v2\/posts\/48844"}],"collection":[{"href":"https:\/\/contextoanalisisperiodistico.com\/index.php\/wp-json\/wp\/v2\/posts"}],"about":[{"href":"https:\/\/contextoanalisisperiodistico.com\/index.php\/wp-json\/wp\/v2\/types\/post"}],"author":[{"embeddable":true,"href":"https:\/\/contextoanalisisperiodistico.com\/index.php\/wp-json\/wp\/v2\/users\/4"}],"replies":[{"embeddable":true,"href":"https:\/\/contextoanalisisperiodistico.com\/index.php\/wp-json\/wp\/v2\/comments?post=48844"}],"version-history":[{"count":0,"href":"https:\/\/contextoanalisisperiodistico.com\/index.php\/wp-json\/wp\/v2\/posts\/48844\/revisions"}],"wp:featuredmedia":[{"embeddable":true,"href":"https:\/\/contextoanalisisperiodistico.com\/index.php\/wp-json\/wp\/v2\/media\/48839"}],"wp:attachment":[{"href":"https:\/\/contextoanalisisperiodistico.com\/index.php\/wp-json\/wp\/v2\/media?parent=48844"}],"wp:term":[{"taxonomy":"category","embeddable":true,"href":"https:\/\/contextoanalisisperiodistico.com\/index.php\/wp-json\/wp\/v2\/categories?post=48844"},{"taxonomy":"post_tag","embeddable":true,"href":"https:\/\/contextoanalisisperiodistico.com\/index.php\/wp-json\/wp\/v2\/tags?post=48844"}],"curies":[{"name":"wp","href":"https:\/\/api.w.org\/{rel}","templated":true}]}}