{"id":48838,"date":"2025-12-02T13:40:38","date_gmt":"2025-12-02T19:40:38","guid":{"rendered":"https:\/\/contextoanalisisperiodistico.com\/index.php\/2025\/12\/02\/otorga-gobierno-de-oaxaca-mas-de-11-mil-servicios-en-valles-centrales-con-vee-tata-salud-en-tu-municipio\/"},"modified":"2025-12-02T13:40:38","modified_gmt":"2025-12-02T19:40:38","slug":"otorga-gobierno-de-oaxaca-mas-de-11-mil-servicios-en-valles-centrales-con-vee-tata-salud-en-tu-municipio","status":"publish","type":"post","link":"https:\/\/contextoanalisisperiodistico.com\/index.php\/2025\/12\/02\/otorga-gobierno-de-oaxaca-mas-de-11-mil-servicios-en-valles-centrales-con-vee-tata-salud-en-tu-municipio\/","title":{"rendered":"Otorga Gobierno de Oaxaca m\u00e1s de 11 mil servicios en Valles Centrales con Ve\u2019e Tata-Salud en tu Municipio"},"content":{"rendered":"<div id=\"fb-root\"><\/div>\n\n<p>\u2022 Como parte de este programa, hasta el 30 de noviembre, se han realizado 19 mil 85 mastograf\u00edas en la entidad que permitieron identificar 1 mil 718 casos BI-RADS 0, 97 BI-RADS 4 y 33 BI-RADS 5<\/p>\n\n\n\n<figure class=\"wp-block-image size-large\"><img fetchpriority=\"high\" decoding=\"async\" width=\"1024\" height=\"683\" src=\"https:\/\/contextoanalisisperiodistico.com\/wp-content\/uploads\/2025\/12\/img-20251202-wa00684491733359941113399-1024x683.jpg\" alt=\"\" class=\"wp-image-48834\" srcset=\"https:\/\/contextoanalisisperiodistico.com\/wp-content\/uploads\/2025\/12\/img-20251202-wa00684491733359941113399-1024x683.jpg 1024w, https:\/\/contextoanalisisperiodistico.com\/wp-content\/uploads\/2025\/12\/img-20251202-wa00684491733359941113399-300x200.jpg 300w, https:\/\/contextoanalisisperiodistico.com\/wp-content\/uploads\/2025\/12\/img-20251202-wa00684491733359941113399-768x512.jpg 768w, https:\/\/contextoanalisisperiodistico.com\/wp-content\/uploads\/2025\/12\/img-20251202-wa00684491733359941113399-1536x1024.jpg 1536w, https:\/\/contextoanalisisperiodistico.com\/wp-content\/uploads\/2025\/12\/img-20251202-wa00684491733359941113399.jpg 1600w\" sizes=\"(max-width: 1024px) 100vw, 1024px\" \/><\/figure>\n\n\n\n<figure class=\"wp-block-image\"><img decoding=\"async\" width=\"1024\" height=\"682\" src=\"https:\/\/contextoanalisisperiodistico.com\/wp-content\/uploads\/2025\/12\/img-20251202-wa00663354262424582291953-1024x682.jpg\" alt=\"\" class=\"wp-image-48835\" srcset=\"https:\/\/contextoanalisisperiodistico.com\/wp-content\/uploads\/2025\/12\/img-20251202-wa00663354262424582291953-1024x682.jpg 1024w, https:\/\/contextoanalisisperiodistico.com\/wp-content\/uploads\/2025\/12\/img-20251202-wa00663354262424582291953-300x200.jpg 300w, https:\/\/contextoanalisisperiodistico.com\/wp-content\/uploads\/2025\/12\/img-20251202-wa00663354262424582291953-768x512.jpg 768w, https:\/\/contextoanalisisperiodistico.com\/wp-content\/uploads\/2025\/12\/img-20251202-wa00663354262424582291953.jpg 1280w\" sizes=\"(max-width: 1024px) 100vw, 1024px\" \/><\/figure>\n\n\n\n<figure class=\"wp-block-image\"><img decoding=\"async\" width=\"1024\" height=\"683\" src=\"https:\/\/contextoanalisisperiodistico.com\/wp-content\/uploads\/2025\/12\/img-20251202-wa00693473202567372789929-1024x683.jpg\" alt=\"\" class=\"wp-image-48837\" srcset=\"https:\/\/contextoanalisisperiodistico.com\/wp-content\/uploads\/2025\/12\/img-20251202-wa00693473202567372789929-1024x683.jpg 1024w, https:\/\/contextoanalisisperiodistico.com\/wp-content\/uploads\/2025\/12\/img-20251202-wa00693473202567372789929-300x200.jpg 300w, https:\/\/contextoanalisisperiodistico.com\/wp-content\/uploads\/2025\/12\/img-20251202-wa00693473202567372789929-768x512.jpg 768w, https:\/\/contextoanalisisperiodistico.com\/wp-content\/uploads\/2025\/12\/img-20251202-wa00693473202567372789929-1536x1024.jpg 1536w, https:\/\/contextoanalisisperiodistico.com\/wp-content\/uploads\/2025\/12\/img-20251202-wa00693473202567372789929.jpg 1600w\" sizes=\"(max-width: 1024px) 100vw, 1024px\" \/><\/figure>\n\n\n\n<figure class=\"wp-block-image\"><img loading=\"lazy\" decoding=\"async\" width=\"1024\" height=\"683\" src=\"https:\/\/contextoanalisisperiodistico.com\/wp-content\/uploads\/2025\/12\/img-20251202-wa00657622422613378123542-1024x683.jpg\" alt=\"\" class=\"wp-image-48836\" srcset=\"https:\/\/contextoanalisisperiodistico.com\/wp-content\/uploads\/2025\/12\/img-20251202-wa00657622422613378123542-1024x683.jpg 1024w, https:\/\/contextoanalisisperiodistico.com\/wp-content\/uploads\/2025\/12\/img-20251202-wa00657622422613378123542-300x200.jpg 300w, https:\/\/contextoanalisisperiodistico.com\/wp-content\/uploads\/2025\/12\/img-20251202-wa00657622422613378123542-768x512.jpg 768w, https:\/\/contextoanalisisperiodistico.com\/wp-content\/uploads\/2025\/12\/img-20251202-wa00657622422613378123542-1536x1024.jpg 1536w, https:\/\/contextoanalisisperiodistico.com\/wp-content\/uploads\/2025\/12\/img-20251202-wa00657622422613378123542.jpg 1600w\" sizes=\"(max-width: 1024px) 100vw, 1024px\" \/><\/figure>\n\n\n\n<p>Oaxaca de Ju\u00e1rez, Oax. 2 de diciembre de 2025.- La titular de la Secretar\u00eda de Bienestar, Tequio e Inclusi\u00f3n (Sebienti), Vilma Mart\u00ednez Cort\u00e9s inform\u00f3 que el programa Ve\u2019e Tata-Salud en tu Municipio cerr\u00f3 noviembre con 11 mil 967 servicios gratuitos otorgados en Valles Centrales, resultado del trabajo realizado en territorio para brindar apoyos a las familias oaxaque\u00f1as.<\/p>\n\n\n\n<p>Del 13 al 29 de ese mes, se otorgaron mil 142 consultas m\u00e9dicas, 2 mil 777 odontol\u00f3gicas, 303 nutricionales, 151 atenciones psicol\u00f3gicas, adem\u00e1s de 121 detecciones de hipertensi\u00f3n, 883 tomas de glucosa y mil 666 registros de signos vitales.<\/p>\n\n\n\n<p>Asimismo, se realizaron 462 pruebas de Virus de Inmunodeficiencia Humana (VIH), como parte de las acciones de prevenci\u00f3n y detecci\u00f3n oportuna.<\/p>\n\n\n\n<p>De manera complementaria, se acercaron servicios p\u00fablicos como la entrega de 979 actas de nacimiento actualizadas, 374 lentes graduados y la realizaci\u00f3n de 336 cortes de cabello. Tambi\u00e9n, pl\u00e1ticas de prevenci\u00f3n que reunieron a 2 mil 747 personas.<\/p>\n\n\n\n<p>Como parte de este programa, hasta el 30 de noviembre, la dependencia realiz\u00f3 19 mil 85 mastograf\u00edas en la entidad que permitieron identificar 1 mil 718 casos BI-RADS 0, 97 BI-RADS 4 y 33 BI-RADS 5; los cuales reciben seguimiento cl\u00ednico especializado.<\/p>\n\n\n\n<p>Adem\u00e1s, se han efectuado 741 ultrasonidos a pacientes con BI-RADS 0 y 41 biopsias para mujeres con hallazgos BI-RADS 4 y 5.<\/p>\n\n\n\n<p>En la primera semana de diciembre, estos servicios llegar\u00e1n a San Jer\u00f3nimo Tec\u00f3atl, Santa Mar\u00eda la Asunci\u00f3n, Salina Cruz, Heroica Ciudad de Miahuatl\u00e1n de Porfirio D\u00edaz, Heroica Ciudad de Ejutla de Crespo, Ayoquezco de Aldama y San Antonino Castillo Velasco.<\/p>\n\n\n\n<p>-0-<\/p>\n","protected":false},"excerpt":{"rendered":"<p>\u2022 Como parte de este programa, hasta el 30 de noviembre, se han realizado 19&#8230;<\/p>\n","protected":false},"author":4,"featured_media":48833,"comment_status":"","ping_status":"open","sticky":false,"template":"","format":"standard","meta":{"footnotes":""},"categories":[92],"tags":[316],"jetpack_sharing_enabled":true,"featured_image_urls":{"full":["https:\/\/contextoanalisisperiodistico.com\/wp-content\/uploads\/2025\/12\/IMG-20251202-WA0067.jpg",1600,1067,false],"thumbnail":["https:\/\/contextoanalisisperiodistico.com\/wp-content\/uploads\/2025\/12\/IMG-20251202-WA0067-150x150.jpg",150,150,true],"medium":["https:\/\/contextoanalisisperiodistico.com\/wp-content\/uploads\/2025\/12\/IMG-20251202-WA0067-300x200.jpg",300,200,true],"medium_large":["https:\/\/contextoanalisisperiodistico.com\/wp-content\/uploads\/2025\/12\/IMG-20251202-WA0067-768x512.jpg",640,427,true],"large":["https:\/\/contextoanalisisperiodistico.com\/wp-content\/uploads\/2025\/12\/IMG-20251202-WA0067-1024x683.jpg",640,427,true],"1536x1536":["https:\/\/contextoanalisisperiodistico.com\/wp-content\/uploads\/2025\/12\/IMG-20251202-WA0067-1536x1024.jpg",1536,1024,true],"2048x2048":["https:\/\/contextoanalisisperiodistico.com\/wp-content\/uploads\/2025\/12\/IMG-20251202-WA0067.jpg",1600,1067,false],"covernews-slider-full":["https:\/\/contextoanalisisperiodistico.com\/wp-content\/uploads\/2025\/12\/IMG-20251202-WA0067-1115x715.jpg",1115,715,true],"covernews-slider-center":["https:\/\/contextoanalisisperiodistico.com\/wp-content\/uploads\/2025\/12\/IMG-20251202-WA0067-800x500.jpg",800,500,true],"covernews-featured":["https:\/\/contextoanalisisperiodistico.com\/wp-content\/uploads\/2025\/12\/IMG-20251202-WA0067-1024x683.jpg",1024,683,true],"covernews-medium":["https:\/\/contextoanalisisperiodistico.com\/wp-content\/uploads\/2025\/12\/IMG-20251202-WA0067-540x340.jpg",540,340,true],"covernews-medium-square":["https:\/\/contextoanalisisperiodistico.com\/wp-content\/uploads\/2025\/12\/IMG-20251202-WA0067-400x250.jpg",400,250,true]},"author_info":{"display_name":"Mario Gir\u00f3n","author_link":"https:\/\/contextoanalisisperiodistico.com\/index.php\/author\/director\/"},"category_info":"<a href=\"https:\/\/contextoanalisisperiodistico.com\/index.php\/category\/salud\/\" rel=\"category tag\">Salud<\/a>","tag_info":"Salud","comment_count":"0","jetpack_featured_media_url":"https:\/\/contextoanalisisperiodistico.com\/wp-content\/uploads\/2025\/12\/IMG-20251202-WA0067.jpg","_links":{"self":[{"href":"https:\/\/contextoanalisisperiodistico.com\/index.php\/wp-json\/wp\/v2\/posts\/48838"}],"collection":[{"href":"https:\/\/contextoanalisisperiodistico.com\/index.php\/wp-json\/wp\/v2\/posts"}],"about":[{"href":"https:\/\/contextoanalisisperiodistico.com\/index.php\/wp-json\/wp\/v2\/types\/post"}],"author":[{"embeddable":true,"href":"https:\/\/contextoanalisisperiodistico.com\/index.php\/wp-json\/wp\/v2\/users\/4"}],"replies":[{"embeddable":true,"href":"https:\/\/contextoanalisisperiodistico.com\/index.php\/wp-json\/wp\/v2\/comments?post=48838"}],"version-history":[{"count":0,"href":"https:\/\/contextoanalisisperiodistico.com\/index.php\/wp-json\/wp\/v2\/posts\/48838\/revisions"}],"wp:featuredmedia":[{"embeddable":true,"href":"https:\/\/contextoanalisisperiodistico.com\/index.php\/wp-json\/wp\/v2\/media\/48833"}],"wp:attachment":[{"href":"https:\/\/contextoanalisisperiodistico.com\/index.php\/wp-json\/wp\/v2\/media?parent=48838"}],"wp:term":[{"taxonomy":"category","embeddable":true,"href":"https:\/\/contextoanalisisperiodistico.com\/index.php\/wp-json\/wp\/v2\/categories?post=48838"},{"taxonomy":"post_tag","embeddable":true,"href":"https:\/\/contextoanalisisperiodistico.com\/index.php\/wp-json\/wp\/v2\/tags?post=48838"}],"curies":[{"name":"wp","href":"https:\/\/api.w.org\/{rel}","templated":true}]}}