{"id":48828,"date":"2025-12-02T13:32:19","date_gmt":"2025-12-02T19:32:19","guid":{"rendered":"https:\/\/contextoanalisisperiodistico.com\/?p=48828"},"modified":"2025-12-02T13:34:39","modified_gmt":"2025-12-02T19:34:39","slug":"aplicar-sin-excusa-la-ley-a-los-que-como-basurero-usan-calles-capitalinas-regidor-alvarez-martinez","status":"publish","type":"post","link":"https:\/\/contextoanalisisperiodistico.com\/index.php\/2025\/12\/02\/aplicar-sin-excusa-la-ley-a-los-que-como-basurero-usan-calles-capitalinas-regidor-alvarez-martinez\/","title":{"rendered":"Aplicar sin excusa la ley, a los que como basurero usan calles capitalinas: regidor, \u00c1lvarez Mart\u00ednez"},"content":{"rendered":"<div id=\"fb-root\"><\/div>\n\n<p>*Termin\u00f3 el tiempo de la advertencia; es el&nbsp; momento de aplicar sanciones, as\u00ed como la vigilancia permanente en puntos cr\u00edticos para lograr punto final a la impunidad con la que toman las calles como basurero<\/p>\n\n\n\n<p><br \/>Mario GIR\u00d3N<\/p>\n\n\n\n<p><br \/>\u201cTermin\u00f3 el tiempo de la advertencia de sanciones a responsables de actos deliberados de vandalismo sanitario; es imperativo aplicar la ley, sin excusa, incluido el arresto administrativo, a los que sean sorprendidos en flagrancia abandonando basura y, en consecuencia, contaminando la v\u00eda p\u00fablica y atentando contra la salud de los capitalinos\u201d, solicit\u00f3 el Regidor del Centro Hist\u00f3rico y Patrimonio Mundial, Antonio \u00c1lvarez Mart\u00ednez.<br \/>En la sesi\u00f3n ordinaria de Cabildo de Oaxaca de Ju\u00e1rez, el representante popular por el partido Morena, esta ma\u00f1ana explic\u00f3 que su planteamiento es resultado de lo ocurrido la semana pasada en la esquina de Aldama y D\u00edaz Ordaz, con la aparici\u00f3n de un importante volumen de basura:<br \/>\u201cPor supuesto que no se trat\u00f3 de un accidente como tampoco de un olvido de la autoridad municipal. Fue un acto deliberado de vandalismo sanitario. Basura abandonada que ensucia nuestro patrimonio, pone en riesgo la salud ciudadana y nos degrada como sociedad\u201d.<br \/>Al reconocer que la limpieza de las calles de Oaxaca de Ju\u00e1rez se logra con conciencia, subray\u00f3 que hoy m\u00e1s que nunca la meta puede alcanzarse con la aplicaci\u00f3n estricta de la ley; por lo que, el representante popular, hizo un llamado profundo y frontal a la conciencia c\u00edvica no permitiendo que las calles sean vistas o convertidas en basureros. Calific\u00f3 de inaceptable que el progreso de nuestra ciudad se vea frenado por la irresponsabilidad de quienes, bajo la oscuridad, abandonan sus residuos s\u00f3lidos y org\u00e1nicos en la v\u00eda p\u00fablica.<br \/>En tal sentido, el concejal capitalino exhort\u00f3 a la Procuradur\u00eda Ambiental del Municipio de Oaxaca de Ju\u00e1rez y a la Secretar\u00eda de Seguridad P\u00fablica Municipal, reforzar la vigilancia nocturna y matutina en puntos cr\u00edticos con la finalidad de poner punto final a la impunidad evitando que las calles sigan siendo utilizadas como basurero p\u00fablico.<\/p>\n\n\n\n<figure class=\"wp-block-video\"><video controls src=\"https:\/\/contextoanalisisperiodistico.com\/wp-content\/uploads\/2025\/12\/VID-20251202-WA0036.mp4\"><\/video><\/figure>\n\n\n\n<figure class=\"wp-block-image size-large\"><img fetchpriority=\"high\" decoding=\"async\" width=\"466\" height=\"953\" src=\"https:\/\/contextoanalisisperiodistico.com\/wp-content\/uploads\/2025\/12\/img_20251202_1225573335738435906434374.jpg\" alt=\"\" class=\"wp-image-48829\" srcset=\"https:\/\/contextoanalisisperiodistico.com\/wp-content\/uploads\/2025\/12\/img_20251202_1225573335738435906434374.jpg 466w, https:\/\/contextoanalisisperiodistico.com\/wp-content\/uploads\/2025\/12\/img_20251202_1225573335738435906434374-147x300.jpg 147w\" sizes=\"(max-width: 466px) 100vw, 466px\" \/><\/figure>\n","protected":false},"excerpt":{"rendered":"<p>*Termin\u00f3 el tiempo de la advertencia; es el&nbsp; momento de aplicar sanciones, as\u00ed como la&#8230;<\/p>\n","protected":false},"author":4,"featured_media":48831,"comment_status":"closed","ping_status":"open","sticky":false,"template":"","format":"standard","meta":{"footnotes":""},"categories":[9],"tags":[349,202,148,232,22],"jetpack_sharing_enabled":true,"featured_image_urls":{"full":["https:\/\/contextoanalisisperiodistico.com\/wp-content\/uploads\/2025\/12\/IMG-20251202-WA0049.jpg",1440,960,false],"thumbnail":["https:\/\/contextoanalisisperiodistico.com\/wp-content\/uploads\/2025\/12\/IMG-20251202-WA0049-150x150.jpg",150,150,true],"medium":["https:\/\/contextoanalisisperiodistico.com\/wp-content\/uploads\/2025\/12\/IMG-20251202-WA0049-300x200.jpg",300,200,true],"medium_large":["https:\/\/contextoanalisisperiodistico.com\/wp-content\/uploads\/2025\/12\/IMG-20251202-WA0049-768x512.jpg",640,427,true],"large":["https:\/\/contextoanalisisperiodistico.com\/wp-content\/uploads\/2025\/12\/IMG-20251202-WA0049-1024x683.jpg",640,427,true],"1536x1536":["https:\/\/contextoanalisisperiodistico.com\/wp-content\/uploads\/2025\/12\/IMG-20251202-WA0049.jpg",1440,960,false],"2048x2048":["https:\/\/contextoanalisisperiodistico.com\/wp-content\/uploads\/2025\/12\/IMG-20251202-WA0049.jpg",1440,960,false],"covernews-slider-full":["https:\/\/contextoanalisisperiodistico.com\/wp-content\/uploads\/2025\/12\/IMG-20251202-WA0049-1115x715.jpg",1115,715,true],"covernews-slider-center":["https:\/\/contextoanalisisperiodistico.com\/wp-content\/uploads\/2025\/12\/IMG-20251202-WA0049-800x500.jpg",800,500,true],"covernews-featured":["https:\/\/contextoanalisisperiodistico.com\/wp-content\/uploads\/2025\/12\/IMG-20251202-WA0049-1024x683.jpg",1024,683,true],"covernews-medium":["https:\/\/contextoanalisisperiodistico.com\/wp-content\/uploads\/2025\/12\/IMG-20251202-WA0049-540x340.jpg",540,340,true],"covernews-medium-square":["https:\/\/contextoanalisisperiodistico.com\/wp-content\/uploads\/2025\/12\/IMG-20251202-WA0049-400x250.jpg",400,250,true]},"author_info":{"display_name":"Mario Gir\u00f3n","author_link":"https:\/\/contextoanalisisperiodistico.com\/index.php\/author\/director\/"},"category_info":"<a href=\"https:\/\/contextoanalisisperiodistico.com\/index.php\/category\/politica\/\" rel=\"category tag\">Pol\u00edtica<\/a>","tag_info":"Pol\u00edtica","comment_count":"0","jetpack_featured_media_url":"https:\/\/contextoanalisisperiodistico.com\/wp-content\/uploads\/2025\/12\/IMG-20251202-WA0049.jpg","_links":{"self":[{"href":"https:\/\/contextoanalisisperiodistico.com\/index.php\/wp-json\/wp\/v2\/posts\/48828"}],"collection":[{"href":"https:\/\/contextoanalisisperiodistico.com\/index.php\/wp-json\/wp\/v2\/posts"}],"about":[{"href":"https:\/\/contextoanalisisperiodistico.com\/index.php\/wp-json\/wp\/v2\/types\/post"}],"author":[{"embeddable":true,"href":"https:\/\/contextoanalisisperiodistico.com\/index.php\/wp-json\/wp\/v2\/users\/4"}],"replies":[{"embeddable":true,"href":"https:\/\/contextoanalisisperiodistico.com\/index.php\/wp-json\/wp\/v2\/comments?post=48828"}],"version-history":[{"count":2,"href":"https:\/\/contextoanalisisperiodistico.com\/index.php\/wp-json\/wp\/v2\/posts\/48828\/revisions"}],"predecessor-version":[{"id":48832,"href":"https:\/\/contextoanalisisperiodistico.com\/index.php\/wp-json\/wp\/v2\/posts\/48828\/revisions\/48832"}],"wp:featuredmedia":[{"embeddable":true,"href":"https:\/\/contextoanalisisperiodistico.com\/index.php\/wp-json\/wp\/v2\/media\/48831"}],"wp:attachment":[{"href":"https:\/\/contextoanalisisperiodistico.com\/index.php\/wp-json\/wp\/v2\/media?parent=48828"}],"wp:term":[{"taxonomy":"category","embeddable":true,"href":"https:\/\/contextoanalisisperiodistico.com\/index.php\/wp-json\/wp\/v2\/categories?post=48828"},{"taxonomy":"post_tag","embeddable":true,"href":"https:\/\/contextoanalisisperiodistico.com\/index.php\/wp-json\/wp\/v2\/tags?post=48828"}],"curies":[{"name":"wp","href":"https:\/\/api.w.org\/{rel}","templated":true}]}}