{"id":48769,"date":"2025-11-30T21:52:42","date_gmt":"2025-12-01T03:52:42","guid":{"rendered":"https:\/\/contextoanalisisperiodistico.com\/index.php\/2025\/11\/30\/en-presencia-de-20-mil-asistentes-irma-bolanos-y-salomon-jara-inauguran-el-festival-navideno-que-fortalece-lazos-familiares\/"},"modified":"2025-12-01T07:34:55","modified_gmt":"2025-12-01T13:34:55","slug":"en-presencia-de-20-mil-asistentes-irma-bolanos-y-salomon-jara-inauguran-el-festival-navideno-que-fortalece-lazos-familiares","status":"publish","type":"post","link":"https:\/\/contextoanalisisperiodistico.com\/index.php\/2025\/11\/30\/en-presencia-de-20-mil-asistentes-irma-bolanos-y-salomon-jara-inauguran-el-festival-navideno-que-fortalece-lazos-familiares\/","title":{"rendered":"Irma Bola\u00f1os y Salom\u00f3n Jara inauguran el Festival Navide\u00f1o que fortalece lazos familiares"},"content":{"rendered":"<div id=\"fb-root\"><\/div>\n\n<p>\u2022\u00a0En presencia de 20 mil asistentes,\u00a0la Presidenta Honoraria del Sistema DIF Oaxaca y el Gobernador del Estado tambi\u00e9n encendieron el \u00c1rbol de Navidad en el Parque Primavera Oaxaque\u00f1a Cho Ndob\u00e1<\/p>\n\n\n\n<p>\u2022 Las actividades estar\u00e1n disponibles a partir del 30 de noviembre al 6 de enero de 2026, de 12:00 a 21:00 horas<\/p>\n\n\n\n<p>Oaxaca de Ju\u00e1rez, Oax. 30 de noviembre de 2025.- En un espacio seguro, lleno por el calor, la alegr\u00eda y la esperanza de 20 mil personas que se dieron cita en el Parque Primavera Oaxaque\u00f1a Cho Ndob\u00e1, la Presidenta Honoraria del Sistema para el Desarrollo Integral de la Familia (DIF) Oaxaca, Irma Bola\u00f1os Quijano y el Gobernador Salom\u00f3n Jara Cruz inauguraron el Festival Navide\u00f1o, que marca el inicio de la temporada decembrina.<\/p>\n\n\n\n<p>Familias enteras provenientes de diferentes partes de la capital del estado y de los municipios conurbados convivieron por horas, en esta celebraci\u00f3n organizada por el Gobierno de Oaxaca, en las cuales fortalecieron sus lazos, al tiempo que escribieron memorias entra\u00f1ables y compartieron sonrisas.<\/p>\n\n\n\n<p>Durante el encendido del \u00c1rbol de Navidad de varios metros de altura, la directora general del organismo estatal, Maribel Salinas Velasco destac\u00f3 que la Primavera Oaxaque\u00f1a antepone el inter\u00e9s de superior de la ni\u00f1ez y adolescencia; prueba de ello, agreg\u00f3, es este festival con din\u00e1micas dirigidas a ellas y ellos, las cuales abonan a la construcci\u00f3n de relaciones armoniosas.<\/p>\n\n\n\n<p>\u201cOaxaca se ilumina no s\u00f3lo con luces de este \u00e1rbol de navidad, s\u00edmbolo de esperanza, sino con los valores que nos distinguen: la paz, solidaridad, unidad y calidez de las familias\u201d, expres\u00f3.<\/p>\n\n\n\n<p>El esp\u00edritu navide\u00f1o fue evocado con un inigualable espect\u00e1culo piromusical y la apertura de la pista de hielo, en donde patinadoras y patinadores ofrecieron un espect\u00e1culo que rob\u00f3 sonrisas y la admiraci\u00f3n entre las y los asistentes.<\/p>\n\n\n\n<p>De manera posterior, la Presidenta Honoraria y el titular del Poder Ejecutivo del Estado abrieron el Tianguis Gastron\u00f3mico \u201cPosada de los Sabores\u201d, en el cual a trav\u00e9s de 38 stands se ofrecen diversas comidas y bebidas t\u00edpicas de estas fechas decembrinas, como: ponche, bu\u00f1uelos, pozole, entre otros.<\/p>\n\n\n\n<p>Con el corte inaugural del muro de escalada, las ni\u00f1as, ni\u00f1os y adolescentes fueron testigos de una demostraci\u00f3n por parte de personas expertas y, de inmediato, pudieron vivir esta experiencia que fomenta el inter\u00e9s en el deporte.<\/p>\n\n\n\n<p>Cabe recordar que este Festival Navide\u00f1o se encuentra a disposici\u00f3n de la ciudadan\u00eda a partir de este domingo hasta el 6 de enero de 2026, de 12:00 a 21:00 horas; en el cual las y los asistentes tambi\u00e9n podr\u00e1n acceder a diversas actividades como el carrusel, rueda de la fortuna, barco pirata, futbolito, inflables, la pista de hielo, por mencionar algunas.<\/p>\n\n\n\n<p>-0-<\/p>\n\n\n\n<figure class=\"wp-block-image size-large\"><img fetchpriority=\"high\" decoding=\"async\" width=\"1024\" height=\"682\" src=\"https:\/\/contextoanalisisperiodistico.com\/wp-content\/uploads\/2025\/11\/img-20251130-wa00882436409438810889724-1024x682.jpg\" alt=\"\" class=\"wp-image-48761\" srcset=\"https:\/\/contextoanalisisperiodistico.com\/wp-content\/uploads\/2025\/11\/img-20251130-wa00882436409438810889724-1024x682.jpg 1024w, https:\/\/contextoanalisisperiodistico.com\/wp-content\/uploads\/2025\/11\/img-20251130-wa00882436409438810889724-300x200.jpg 300w, https:\/\/contextoanalisisperiodistico.com\/wp-content\/uploads\/2025\/11\/img-20251130-wa00882436409438810889724-768x512.jpg 768w, https:\/\/contextoanalisisperiodistico.com\/wp-content\/uploads\/2025\/11\/img-20251130-wa00882436409438810889724.jpg 1280w\" sizes=\"(max-width: 1024px) 100vw, 1024px\" \/><\/figure>\n\n\n\n<figure class=\"wp-block-image\"><img decoding=\"async\" width=\"1024\" height=\"682\" src=\"https:\/\/contextoanalisisperiodistico.com\/wp-content\/uploads\/2025\/11\/img-20251130-wa00924887821032445101591-1024x682.jpg\" alt=\"\" class=\"wp-image-48763\" srcset=\"https:\/\/contextoanalisisperiodistico.com\/wp-content\/uploads\/2025\/11\/img-20251130-wa00924887821032445101591-1024x682.jpg 1024w, https:\/\/contextoanalisisperiodistico.com\/wp-content\/uploads\/2025\/11\/img-20251130-wa00924887821032445101591-300x200.jpg 300w, https:\/\/contextoanalisisperiodistico.com\/wp-content\/uploads\/2025\/11\/img-20251130-wa00924887821032445101591-768x512.jpg 768w, https:\/\/contextoanalisisperiodistico.com\/wp-content\/uploads\/2025\/11\/img-20251130-wa00924887821032445101591.jpg 1280w\" sizes=\"(max-width: 1024px) 100vw, 1024px\" \/><\/figure>\n\n\n\n<figure class=\"wp-block-image\"><img decoding=\"async\" width=\"1024\" height=\"682\" src=\"https:\/\/contextoanalisisperiodistico.com\/wp-content\/uploads\/2025\/11\/img-20251130-wa00935664639269984320502-1024x682.jpg\" alt=\"\" class=\"wp-image-48765\" srcset=\"https:\/\/contextoanalisisperiodistico.com\/wp-content\/uploads\/2025\/11\/img-20251130-wa00935664639269984320502-1024x682.jpg 1024w, https:\/\/contextoanalisisperiodistico.com\/wp-content\/uploads\/2025\/11\/img-20251130-wa00935664639269984320502-300x200.jpg 300w, https:\/\/contextoanalisisperiodistico.com\/wp-content\/uploads\/2025\/11\/img-20251130-wa00935664639269984320502-768x512.jpg 768w, https:\/\/contextoanalisisperiodistico.com\/wp-content\/uploads\/2025\/11\/img-20251130-wa00935664639269984320502.jpg 1280w\" sizes=\"(max-width: 1024px) 100vw, 1024px\" \/><\/figure>\n\n\n\n<figure class=\"wp-block-image\"><img loading=\"lazy\" decoding=\"async\" width=\"1024\" height=\"682\" src=\"https:\/\/contextoanalisisperiodistico.com\/wp-content\/uploads\/2025\/11\/img-20251130-wa00944030027380409790238-1024x682.jpg\" alt=\"\" class=\"wp-image-48762\" srcset=\"https:\/\/contextoanalisisperiodistico.com\/wp-content\/uploads\/2025\/11\/img-20251130-wa00944030027380409790238-1024x682.jpg 1024w, https:\/\/contextoanalisisperiodistico.com\/wp-content\/uploads\/2025\/11\/img-20251130-wa00944030027380409790238-300x200.jpg 300w, https:\/\/contextoanalisisperiodistico.com\/wp-content\/uploads\/2025\/11\/img-20251130-wa00944030027380409790238-768x512.jpg 768w, https:\/\/contextoanalisisperiodistico.com\/wp-content\/uploads\/2025\/11\/img-20251130-wa00944030027380409790238.jpg 1280w\" sizes=\"(max-width: 1024px) 100vw, 1024px\" \/><\/figure>\n\n\n\n<figure class=\"wp-block-image\"><img loading=\"lazy\" decoding=\"async\" width=\"1024\" height=\"682\" src=\"https:\/\/contextoanalisisperiodistico.com\/wp-content\/uploads\/2025\/11\/img-20251130-wa00978655032421136643968-1024x682.jpg\" alt=\"\" class=\"wp-image-48764\" srcset=\"https:\/\/contextoanalisisperiodistico.com\/wp-content\/uploads\/2025\/11\/img-20251130-wa00978655032421136643968-1024x682.jpg 1024w, https:\/\/contextoanalisisperiodistico.com\/wp-content\/uploads\/2025\/11\/img-20251130-wa00978655032421136643968-300x200.jpg 300w, https:\/\/contextoanalisisperiodistico.com\/wp-content\/uploads\/2025\/11\/img-20251130-wa00978655032421136643968-768x512.jpg 768w, https:\/\/contextoanalisisperiodistico.com\/wp-content\/uploads\/2025\/11\/img-20251130-wa00978655032421136643968.jpg 1280w\" sizes=\"(max-width: 1024px) 100vw, 1024px\" \/><\/figure>\n\n\n\n<figure class=\"wp-block-image\"><img loading=\"lazy\" decoding=\"async\" width=\"1024\" height=\"682\" src=\"https:\/\/contextoanalisisperiodistico.com\/wp-content\/uploads\/2025\/11\/img-20251130-wa01005113155476087229615-1024x682.jpg\" alt=\"\" class=\"wp-image-48766\" srcset=\"https:\/\/contextoanalisisperiodistico.com\/wp-content\/uploads\/2025\/11\/img-20251130-wa01005113155476087229615-1024x682.jpg 1024w, https:\/\/contextoanalisisperiodistico.com\/wp-content\/uploads\/2025\/11\/img-20251130-wa01005113155476087229615-300x200.jpg 300w, https:\/\/contextoanalisisperiodistico.com\/wp-content\/uploads\/2025\/11\/img-20251130-wa01005113155476087229615-768x512.jpg 768w, https:\/\/contextoanalisisperiodistico.com\/wp-content\/uploads\/2025\/11\/img-20251130-wa01005113155476087229615.jpg 1280w\" sizes=\"(max-width: 1024px) 100vw, 1024px\" \/><\/figure>\n\n\n\n<figure class=\"wp-block-image\"><img loading=\"lazy\" decoding=\"async\" width=\"1024\" height=\"682\" src=\"https:\/\/contextoanalisisperiodistico.com\/wp-content\/uploads\/2025\/11\/img-20251130-wa01014997654041627558740-1024x682.jpg\" alt=\"\" class=\"wp-image-48768\" srcset=\"https:\/\/contextoanalisisperiodistico.com\/wp-content\/uploads\/2025\/11\/img-20251130-wa01014997654041627558740-1024x682.jpg 1024w, https:\/\/contextoanalisisperiodistico.com\/wp-content\/uploads\/2025\/11\/img-20251130-wa01014997654041627558740-300x200.jpg 300w, https:\/\/contextoanalisisperiodistico.com\/wp-content\/uploads\/2025\/11\/img-20251130-wa01014997654041627558740-768x512.jpg 768w, https:\/\/contextoanalisisperiodistico.com\/wp-content\/uploads\/2025\/11\/img-20251130-wa01014997654041627558740.jpg 1280w\" sizes=\"(max-width: 1024px) 100vw, 1024px\" \/><\/figure>\n\n\n\n<figure class=\"wp-block-image\"><img loading=\"lazy\" decoding=\"async\" width=\"1024\" height=\"682\" src=\"https:\/\/contextoanalisisperiodistico.com\/wp-content\/uploads\/2025\/11\/img-20251130-wa00915029398586532679224-1024x682.jpg\" alt=\"\" class=\"wp-image-48767\" srcset=\"https:\/\/contextoanalisisperiodistico.com\/wp-content\/uploads\/2025\/11\/img-20251130-wa00915029398586532679224-1024x682.jpg 1024w, https:\/\/contextoanalisisperiodistico.com\/wp-content\/uploads\/2025\/11\/img-20251130-wa00915029398586532679224-300x200.jpg 300w, https:\/\/contextoanalisisperiodistico.com\/wp-content\/uploads\/2025\/11\/img-20251130-wa00915029398586532679224-768x512.jpg 768w, https:\/\/contextoanalisisperiodistico.com\/wp-content\/uploads\/2025\/11\/img-20251130-wa00915029398586532679224.jpg 1280w\" sizes=\"(max-width: 1024px) 100vw, 1024px\" \/><\/figure>\n","protected":false},"excerpt":{"rendered":"<p>\u2022\u00a0En presencia de 20 mil asistentes,\u00a0la Presidenta Honoraria del Sistema DIF Oaxaca y el Gobernador&#8230;<\/p>\n","protected":false},"author":4,"featured_media":48772,"comment_status":"closed","ping_status":"open","sticky":false,"template":"","format":"standard","meta":{"footnotes":""},"categories":[9],"tags":[316],"jetpack_sharing_enabled":true,"featured_image_urls":{"full":["https:\/\/contextoanalisisperiodistico.com\/wp-content\/uploads\/2025\/12\/IMG-20251130-WA0101.jpg",1280,853,false],"thumbnail":["https:\/\/contextoanalisisperiodistico.com\/wp-content\/uploads\/2025\/12\/IMG-20251130-WA0101-150x150.jpg",150,150,true],"medium":["https:\/\/contextoanalisisperiodistico.com\/wp-content\/uploads\/2025\/12\/IMG-20251130-WA0101-300x200.jpg",300,200,true],"medium_large":["https:\/\/contextoanalisisperiodistico.com\/wp-content\/uploads\/2025\/12\/IMG-20251130-WA0101-768x512.jpg",640,427,true],"large":["https:\/\/contextoanalisisperiodistico.com\/wp-content\/uploads\/2025\/12\/IMG-20251130-WA0101-1024x682.jpg",640,426,true],"1536x1536":["https:\/\/contextoanalisisperiodistico.com\/wp-content\/uploads\/2025\/12\/IMG-20251130-WA0101.jpg",1280,853,false],"2048x2048":["https:\/\/contextoanalisisperiodistico.com\/wp-content\/uploads\/2025\/12\/IMG-20251130-WA0101.jpg",1280,853,false],"covernews-slider-full":["https:\/\/contextoanalisisperiodistico.com\/wp-content\/uploads\/2025\/12\/IMG-20251130-WA0101-1115x715.jpg",1115,715,true],"covernews-slider-center":["https:\/\/contextoanalisisperiodistico.com\/wp-content\/uploads\/2025\/12\/IMG-20251130-WA0101-800x500.jpg",800,500,true],"covernews-featured":["https:\/\/contextoanalisisperiodistico.com\/wp-content\/uploads\/2025\/12\/IMG-20251130-WA0101-1024x682.jpg",1024,682,true],"covernews-medium":["https:\/\/contextoanalisisperiodistico.com\/wp-content\/uploads\/2025\/12\/IMG-20251130-WA0101-540x340.jpg",540,340,true],"covernews-medium-square":["https:\/\/contextoanalisisperiodistico.com\/wp-content\/uploads\/2025\/12\/IMG-20251130-WA0101-400x250.jpg",400,250,true]},"author_info":{"display_name":"Mario Gir\u00f3n","author_link":"https:\/\/contextoanalisisperiodistico.com\/index.php\/author\/director\/"},"category_info":"<a href=\"https:\/\/contextoanalisisperiodistico.com\/index.php\/category\/politica\/\" rel=\"category tag\">Pol\u00edtica<\/a>","tag_info":"Pol\u00edtica","comment_count":"0","jetpack_featured_media_url":"https:\/\/contextoanalisisperiodistico.com\/wp-content\/uploads\/2025\/12\/IMG-20251130-WA0101.jpg","_links":{"self":[{"href":"https:\/\/contextoanalisisperiodistico.com\/index.php\/wp-json\/wp\/v2\/posts\/48769"}],"collection":[{"href":"https:\/\/contextoanalisisperiodistico.com\/index.php\/wp-json\/wp\/v2\/posts"}],"about":[{"href":"https:\/\/contextoanalisisperiodistico.com\/index.php\/wp-json\/wp\/v2\/types\/post"}],"author":[{"embeddable":true,"href":"https:\/\/contextoanalisisperiodistico.com\/index.php\/wp-json\/wp\/v2\/users\/4"}],"replies":[{"embeddable":true,"href":"https:\/\/contextoanalisisperiodistico.com\/index.php\/wp-json\/wp\/v2\/comments?post=48769"}],"version-history":[{"count":2,"href":"https:\/\/contextoanalisisperiodistico.com\/index.php\/wp-json\/wp\/v2\/posts\/48769\/revisions"}],"predecessor-version":[{"id":48771,"href":"https:\/\/contextoanalisisperiodistico.com\/index.php\/wp-json\/wp\/v2\/posts\/48769\/revisions\/48771"}],"wp:featuredmedia":[{"embeddable":true,"href":"https:\/\/contextoanalisisperiodistico.com\/index.php\/wp-json\/wp\/v2\/media\/48772"}],"wp:attachment":[{"href":"https:\/\/contextoanalisisperiodistico.com\/index.php\/wp-json\/wp\/v2\/media?parent=48769"}],"wp:term":[{"taxonomy":"category","embeddable":true,"href":"https:\/\/contextoanalisisperiodistico.com\/index.php\/wp-json\/wp\/v2\/categories?post=48769"},{"taxonomy":"post_tag","embeddable":true,"href":"https:\/\/contextoanalisisperiodistico.com\/index.php\/wp-json\/wp\/v2\/tags?post=48769"}],"curies":[{"name":"wp","href":"https:\/\/api.w.org\/{rel}","templated":true}]}}