{"id":48726,"date":"2025-11-29T18:49:12","date_gmt":"2025-11-30T00:49:12","guid":{"rendered":"https:\/\/contextoanalisisperiodistico.com\/index.php\/2025\/11\/29\/policia-municipal-detiene-a-una-persona-por-el-presunto-delito-de-sustraccion-de-menores\/"},"modified":"2025-11-29T18:49:12","modified_gmt":"2025-11-30T00:49:12","slug":"policia-municipal-detiene-a-una-persona-por-el-presunto-delito-de-sustraccion-de-menores","status":"publish","type":"post","link":"https:\/\/contextoanalisisperiodistico.com\/index.php\/2025\/11\/29\/policia-municipal-detiene-a-una-persona-por-el-presunto-delito-de-sustraccion-de-menores\/","title":{"rendered":"Polic\u00eda Municipal detiene a una persona por el presunto delito de sustracci\u00f3n de menores"},"content":{"rendered":"<div id=\"fb-root\"><\/div>\n\n<p>Oaxaca de Ju\u00e1rez, Oax., 29 de noviembre de 2025.- Personal de la Secretar\u00eda de Seguridad Vecinal realiz\u00f3 la detenci\u00f3n de una persona al ser se\u00f1alada como presunta responsable del delito de sustracci\u00f3n de menores.<\/p>\n\n\n\n<p>Gracias a una alerta del C5i, elementos de la Direcci\u00f3n de Proximidad Social brindaron un apoyo en Perif\u00e9rico y S\u00edmbolos Patrios, donde se ubica la base de camionetas que viajan hacia la Costa.<\/p>\n\n\n\n<p>En ese lugar contactaron con un masculino, quien dijo que momentos antes, recibi\u00f3 una llamada de su hermana, quien le inform\u00f3 que su sobrina, de 15 a\u00f1os de edad, se hab\u00eda fugado de su domicilio, en una comunidad de la Costa y estaba por arribar a la terminal de las camionetas.<\/p>\n\n\n\n<p>Al presentarse al lugar, confirm\u00f3 que su sobrina viajaba acompa\u00f1ada de un sujeto que la abrazaba por lo cual pidi\u00f3 apoyo.<\/p>\n\n\n\n<p>Los elementos abordaron a la joven de 15 a\u00f1os, quien confirm\u00f3 que hab\u00eda salido de su domicilio sin el permiso de sus padres, as\u00ed como dijo que el sujeto que la acompa\u00f1aba es su novio, a quien conoci\u00f3 a trav\u00e9s de Facebook y la hab\u00eda invitado a conocer la ciudad de Oaxaca.<\/p>\n\n\n\n<p>Ante el se\u00f1alamiento del masculino, procedieron a la detenci\u00f3n de Luis A. H. H., de 20 a\u00f1os de edad, quien fue consignado a la Fiscal\u00eda General del Estado como presunto responsable del delito de sustracci\u00f3n de menores.<\/p>\n","protected":false},"excerpt":{"rendered":"<p>Oaxaca de Ju\u00e1rez, Oax., 29 de noviembre de 2025.- Personal de la Secretar\u00eda de Seguridad&#8230;<\/p>\n","protected":false},"author":4,"featured_media":48725,"comment_status":"","ping_status":"open","sticky":false,"template":"","format":"standard","meta":{"footnotes":""},"categories":[10],"tags":[352,303],"jetpack_sharing_enabled":true,"featured_image_urls":{"full":["https:\/\/contextoanalisisperiodistico.com\/wp-content\/uploads\/2025\/11\/IMG-20251129-WA0067.jpg",441,428,false],"thumbnail":["https:\/\/contextoanalisisperiodistico.com\/wp-content\/uploads\/2025\/11\/IMG-20251129-WA0067-150x150.jpg",150,150,true],"medium":["https:\/\/contextoanalisisperiodistico.com\/wp-content\/uploads\/2025\/11\/IMG-20251129-WA0067-300x291.jpg",300,291,true],"medium_large":["https:\/\/contextoanalisisperiodistico.com\/wp-content\/uploads\/2025\/11\/IMG-20251129-WA0067.jpg",441,428,false],"large":["https:\/\/contextoanalisisperiodistico.com\/wp-content\/uploads\/2025\/11\/IMG-20251129-WA0067.jpg",441,428,false],"1536x1536":["https:\/\/contextoanalisisperiodistico.com\/wp-content\/uploads\/2025\/11\/IMG-20251129-WA0067.jpg",441,428,false],"2048x2048":["https:\/\/contextoanalisisperiodistico.com\/wp-content\/uploads\/2025\/11\/IMG-20251129-WA0067.jpg",441,428,false],"covernews-slider-full":["https:\/\/contextoanalisisperiodistico.com\/wp-content\/uploads\/2025\/11\/IMG-20251129-WA0067.jpg",441,428,false],"covernews-slider-center":["https:\/\/contextoanalisisperiodistico.com\/wp-content\/uploads\/2025\/11\/IMG-20251129-WA0067.jpg",441,428,false],"covernews-featured":["https:\/\/contextoanalisisperiodistico.com\/wp-content\/uploads\/2025\/11\/IMG-20251129-WA0067.jpg",441,428,false],"covernews-medium":["https:\/\/contextoanalisisperiodistico.com\/wp-content\/uploads\/2025\/11\/IMG-20251129-WA0067-441x340.jpg",441,340,true],"covernews-medium-square":["https:\/\/contextoanalisisperiodistico.com\/wp-content\/uploads\/2025\/11\/IMG-20251129-WA0067-400x250.jpg",400,250,true]},"author_info":{"display_name":"Mario Gir\u00f3n","author_link":"https:\/\/contextoanalisisperiodistico.com\/index.php\/author\/director\/"},"category_info":"<a href=\"https:\/\/contextoanalisisperiodistico.com\/index.php\/category\/seguridad\/\" rel=\"category tag\">Seguridad<\/a>","tag_info":"Seguridad","comment_count":"0","jetpack_featured_media_url":"https:\/\/contextoanalisisperiodistico.com\/wp-content\/uploads\/2025\/11\/IMG-20251129-WA0067.jpg","_links":{"self":[{"href":"https:\/\/contextoanalisisperiodistico.com\/index.php\/wp-json\/wp\/v2\/posts\/48726"}],"collection":[{"href":"https:\/\/contextoanalisisperiodistico.com\/index.php\/wp-json\/wp\/v2\/posts"}],"about":[{"href":"https:\/\/contextoanalisisperiodistico.com\/index.php\/wp-json\/wp\/v2\/types\/post"}],"author":[{"embeddable":true,"href":"https:\/\/contextoanalisisperiodistico.com\/index.php\/wp-json\/wp\/v2\/users\/4"}],"replies":[{"embeddable":true,"href":"https:\/\/contextoanalisisperiodistico.com\/index.php\/wp-json\/wp\/v2\/comments?post=48726"}],"version-history":[{"count":0,"href":"https:\/\/contextoanalisisperiodistico.com\/index.php\/wp-json\/wp\/v2\/posts\/48726\/revisions"}],"wp:featuredmedia":[{"embeddable":true,"href":"https:\/\/contextoanalisisperiodistico.com\/index.php\/wp-json\/wp\/v2\/media\/48725"}],"wp:attachment":[{"href":"https:\/\/contextoanalisisperiodistico.com\/index.php\/wp-json\/wp\/v2\/media?parent=48726"}],"wp:term":[{"taxonomy":"category","embeddable":true,"href":"https:\/\/contextoanalisisperiodistico.com\/index.php\/wp-json\/wp\/v2\/categories?post=48726"},{"taxonomy":"post_tag","embeddable":true,"href":"https:\/\/contextoanalisisperiodistico.com\/index.php\/wp-json\/wp\/v2\/tags?post=48726"}],"curies":[{"name":"wp","href":"https:\/\/api.w.org\/{rel}","templated":true}]}}