{"id":48723,"date":"2025-11-29T14:21:42","date_gmt":"2025-11-29T20:21:42","guid":{"rendered":"https:\/\/contextoanalisisperiodistico.com\/index.php\/2025\/11\/29\/honra-gobernador-de-oaxaca-a-guardianes-de-semillas-nativas-en-feria-nacional-de-la-agrobiodiversidad\/"},"modified":"2025-11-29T14:21:42","modified_gmt":"2025-11-29T20:21:42","slug":"honra-gobernador-de-oaxaca-a-guardianes-de-semillas-nativas-en-feria-nacional-de-la-agrobiodiversidad","status":"publish","type":"post","link":"https:\/\/contextoanalisisperiodistico.com\/index.php\/2025\/11\/29\/honra-gobernador-de-oaxaca-a-guardianes-de-semillas-nativas-en-feria-nacional-de-la-agrobiodiversidad\/","title":{"rendered":"Honra Gobernador de Oaxaca a guardianes de semillas nativas en Feria Nacional de la Agrobiodiversidad"},"content":{"rendered":"<div id=\"fb-root\"><\/div>\n\n<p>\u2022 En la tierra donde se domestic\u00f3 el ma\u00edz, Salom\u00f3n Jara destaca riqueza gen\u00e9tica de la entidad<br \/>\u2022 El estado es uno de los centros de biodiversidad agr\u00edcola m\u00e1s importantes de la humanidad<\/p>\n\n\n\n<figure class=\"wp-block-image size-large\"><img fetchpriority=\"high\" decoding=\"async\" width=\"1024\" height=\"682\" src=\"https:\/\/contextoanalisisperiodistico.com\/wp-content\/uploads\/2025\/11\/img-20251129-wa00463461334498223487038-1024x682.jpg\" alt=\"\" class=\"wp-image-48721\" srcset=\"https:\/\/contextoanalisisperiodistico.com\/wp-content\/uploads\/2025\/11\/img-20251129-wa00463461334498223487038-1024x682.jpg 1024w, https:\/\/contextoanalisisperiodistico.com\/wp-content\/uploads\/2025\/11\/img-20251129-wa00463461334498223487038-300x200.jpg 300w, https:\/\/contextoanalisisperiodistico.com\/wp-content\/uploads\/2025\/11\/img-20251129-wa00463461334498223487038-768x512.jpg 768w, https:\/\/contextoanalisisperiodistico.com\/wp-content\/uploads\/2025\/11\/img-20251129-wa00463461334498223487038.jpg 1280w\" sizes=\"(max-width: 1024px) 100vw, 1024px\" \/><\/figure>\n\n\n\n<figure class=\"wp-block-image\"><img decoding=\"async\" width=\"300\" height=\"200\" src=\"https:\/\/contextoanalisisperiodistico.com\/wp-content\/uploads\/2025\/11\/img-20251129-wa00486251595730874569222-300x200.jpg\" alt=\"\" class=\"wp-image-48722\" srcset=\"https:\/\/contextoanalisisperiodistico.com\/wp-content\/uploads\/2025\/11\/img-20251129-wa00486251595730874569222-300x200.jpg 300w, https:\/\/contextoanalisisperiodistico.com\/wp-content\/uploads\/2025\/11\/img-20251129-wa00486251595730874569222-768x511.jpg 768w, https:\/\/contextoanalisisperiodistico.com\/wp-content\/uploads\/2025\/11\/img-20251129-wa00486251595730874569222.jpg 900w\" sizes=\"(max-width: 300px) 100vw, 300px\" \/><\/figure>\n\n\n\n<p>San Pablo Villa de Mitla, Oax. 29 de noviembre de 2025.- El Gobernador Salom\u00f3n Jara Cruz y la secretaria de Medio Ambiente y Recursos Naturales (Semarnat), Alicia B\u00e1rcena Ibarra; inauguraron la primera Feria Nacional de la Agrobiodiversidad, que honra la labor de personas campesinas y reconoce a las comunidades guardianas de semillas nativas.<\/p>\n\n\n\n<p>En este evento celebrado en el ejido Uni\u00f3n Zapata del municipio de San Pablo Villa de Mitla, territorio que resguarda una riqueza gen\u00e9tica invaluable con las 35 razas de ma\u00edz nativo registradas en el pa\u00eds; el Mandatario estatal reiter\u00f3 el compromiso de su gobierno para devolverle al campo el papel central que merece en el desarrollo de Oaxaca y seguir trabajando, junto a las y los campesinos.<\/p>\n\n\n\n<p>\u201cEl progreso de Oaxaca y el pa\u00eds no puede construirse dejando atr\u00e1s a quienes cultivan la tierra y han escrito la historia m\u00e1s profunda de la identidad de M\u00e9xico\u201d, expres\u00f3.<\/p>\n\n\n\n<p>De esta manera, junto a la representante de la Diosa Cente\u00f3tl 2025, Patricia Casiano Zaragoza, y la Presidenta Honoraria del Sistema DIF Oaxaca, Irma Bola\u00f1os Quijano, celebr\u00f3 el crecimiento de esta feria, que reconoce la riqueza alimentaria, la grandeza de la tierra y el esfuerzo de quienes la trabajan con sabidur\u00eda y profundo arraigo.<\/p>\n\n\n\n<p>\u201cHoy venimos a celebrar esta feria que durante m\u00e1s de una d\u00e9cada ha sido un espacio de intercambio, aprendizaje y orgullo. Aqu\u00ed se comparten saberes sobre la conservaci\u00f3n de las semillas y se fortalecen nuestras pr\u00e1cticas tradicionales, se impulsa tambi\u00e9n la cocina de los pueblos y comunidades originarias\u201d, afirm\u00f3.<\/p>\n\n\n\n<p>Desde Uni\u00f3n Zapata, donde yace la cueva Guila Naquitz, en la que se encontraron los primeros vestigios de la domesticaci\u00f3n del ma\u00edz, frijol, chile y calabaza; Jara Cruz hizo un llamado a unir esfuerzos para asegurar el abasto alimentario de las comunidades y hacer frente a los desaf\u00edos del cambio clim\u00e1tico.<\/p>\n\n\n\n<p>En su oportunidad, la titular de la Semarnat destac\u00f3 que este encuentro contribuye a los esfuerzos que se realizan para proteger a los ma\u00edces nativos del pa\u00eds, por lo que refrend\u00f3 el acompa\u00f1amiento del Gobierno de M\u00e9xico a las y los productores para fortalecer el campo.<\/p>\n\n\n\n<p>\u201cCelebramos este momento; gracias por compartir su identidad, conocimientos, saberes y sabores\u201d, dijo.<\/p>\n\n\n\n<p>Por su parte, el secretario de Fomento Agroalimentario y Desarrollo Rural (Sefader), V\u00edctor L\u00f3pez Leyva destac\u00f3 que en Oaxaca se producen 35 de las 59 razas de ma\u00edz nativo que existen en M\u00e9xico, lo que demuestra la relevancia de este territorio en el cultivo de este cereal, que es el m\u00e1s importante del planeta.<\/p>\n\n\n\n<p>\u201cEso significa que Oaxaca es uno de los centros de biodiversidad agr\u00edcola m\u00e1s importantes de la humanidad\u201d agreg\u00f3.<\/p>\n\n\n\n<p>En 2024, Oaxaca super\u00f3 una producci\u00f3n de 771 mil toneladas de ma\u00edz; y como parte del Plan Nacional de Ma\u00edz Nativo impulsado por el Gobierno federal se prev\u00e9 superar las 800 mil toneladas en 2026.<\/p>\n\n\n\n<p>Esta Feria naci\u00f3 y se realiz\u00f3 durante 12 ediciones a nivel estatal; en esta ocasi\u00f3n cont\u00f3 con 800 personas productoras expositoras de 25 estados de la rep\u00fablica, as\u00ed como de pa\u00edses como Belice y Guatemala; acompa\u00f1ados por t\u00e9cnicos de los programas Sembrando Vida y Escuelas de Campo del Gobierno Federal, y de Abasto Seguro de Ma\u00edz y Autosuficiencia alimentaria, del Gobierno de Oaxaca.<\/p>\n\n\n\n<p>Asimismo, en el marco de los 25 a\u00f1os de la Comisi\u00f3n Nacional de \u00c1reas Naturales Protegidas (Conanp), se realiz\u00f3 la entrega de Premios a Ecoguardas 2025<\/p>\n\n\n\n<p>-0-<\/p>\n","protected":false},"excerpt":{"rendered":"<p>\u2022 En la tierra donde se domestic\u00f3 el ma\u00edz, Salom\u00f3n Jara destaca riqueza gen\u00e9tica de&#8230;<\/p>\n","protected":false},"author":4,"featured_media":48720,"comment_status":"","ping_status":"open","sticky":false,"template":"","format":"standard","meta":{"footnotes":""},"categories":[9],"tags":[316],"jetpack_sharing_enabled":true,"featured_image_urls":{"full":["https:\/\/contextoanalisisperiodistico.com\/wp-content\/uploads\/2025\/11\/IMG-20251129-WA0047.jpg",1280,853,false],"thumbnail":["https:\/\/contextoanalisisperiodistico.com\/wp-content\/uploads\/2025\/11\/IMG-20251129-WA0047-150x150.jpg",150,150,true],"medium":["https:\/\/contextoanalisisperiodistico.com\/wp-content\/uploads\/2025\/11\/IMG-20251129-WA0047-300x200.jpg",300,200,true],"medium_large":["https:\/\/contextoanalisisperiodistico.com\/wp-content\/uploads\/2025\/11\/IMG-20251129-WA0047-768x512.jpg",640,427,true],"large":["https:\/\/contextoanalisisperiodistico.com\/wp-content\/uploads\/2025\/11\/IMG-20251129-WA0047-1024x682.jpg",640,426,true],"1536x1536":["https:\/\/contextoanalisisperiodistico.com\/wp-content\/uploads\/2025\/11\/IMG-20251129-WA0047.jpg",1280,853,false],"2048x2048":["https:\/\/contextoanalisisperiodistico.com\/wp-content\/uploads\/2025\/11\/IMG-20251129-WA0047.jpg",1280,853,false],"covernews-slider-full":["https:\/\/contextoanalisisperiodistico.com\/wp-content\/uploads\/2025\/11\/IMG-20251129-WA0047-1115x715.jpg",1115,715,true],"covernews-slider-center":["https:\/\/contextoanalisisperiodistico.com\/wp-content\/uploads\/2025\/11\/IMG-20251129-WA0047-800x500.jpg",800,500,true],"covernews-featured":["https:\/\/contextoanalisisperiodistico.com\/wp-content\/uploads\/2025\/11\/IMG-20251129-WA0047-1024x682.jpg",1024,682,true],"covernews-medium":["https:\/\/contextoanalisisperiodistico.com\/wp-content\/uploads\/2025\/11\/IMG-20251129-WA0047-540x340.jpg",540,340,true],"covernews-medium-square":["https:\/\/contextoanalisisperiodistico.com\/wp-content\/uploads\/2025\/11\/IMG-20251129-WA0047-400x250.jpg",400,250,true]},"author_info":{"display_name":"Mario Gir\u00f3n","author_link":"https:\/\/contextoanalisisperiodistico.com\/index.php\/author\/director\/"},"category_info":"<a href=\"https:\/\/contextoanalisisperiodistico.com\/index.php\/category\/politica\/\" rel=\"category tag\">Pol\u00edtica<\/a>","tag_info":"Pol\u00edtica","comment_count":"0","jetpack_featured_media_url":"https:\/\/contextoanalisisperiodistico.com\/wp-content\/uploads\/2025\/11\/IMG-20251129-WA0047.jpg","_links":{"self":[{"href":"https:\/\/contextoanalisisperiodistico.com\/index.php\/wp-json\/wp\/v2\/posts\/48723"}],"collection":[{"href":"https:\/\/contextoanalisisperiodistico.com\/index.php\/wp-json\/wp\/v2\/posts"}],"about":[{"href":"https:\/\/contextoanalisisperiodistico.com\/index.php\/wp-json\/wp\/v2\/types\/post"}],"author":[{"embeddable":true,"href":"https:\/\/contextoanalisisperiodistico.com\/index.php\/wp-json\/wp\/v2\/users\/4"}],"replies":[{"embeddable":true,"href":"https:\/\/contextoanalisisperiodistico.com\/index.php\/wp-json\/wp\/v2\/comments?post=48723"}],"version-history":[{"count":0,"href":"https:\/\/contextoanalisisperiodistico.com\/index.php\/wp-json\/wp\/v2\/posts\/48723\/revisions"}],"wp:featuredmedia":[{"embeddable":true,"href":"https:\/\/contextoanalisisperiodistico.com\/index.php\/wp-json\/wp\/v2\/media\/48720"}],"wp:attachment":[{"href":"https:\/\/contextoanalisisperiodistico.com\/index.php\/wp-json\/wp\/v2\/media?parent=48723"}],"wp:term":[{"taxonomy":"category","embeddable":true,"href":"https:\/\/contextoanalisisperiodistico.com\/index.php\/wp-json\/wp\/v2\/categories?post=48723"},{"taxonomy":"post_tag","embeddable":true,"href":"https:\/\/contextoanalisisperiodistico.com\/index.php\/wp-json\/wp\/v2\/tags?post=48723"}],"curies":[{"name":"wp","href":"https:\/\/api.w.org\/{rel}","templated":true}]}}