{"id":48548,"date":"2025-11-25T15:38:52","date_gmt":"2025-11-25T21:38:52","guid":{"rendered":"https:\/\/contextoanalisisperiodistico.com\/index.php\/2025\/11\/25\/destaca-salomon-jara-inversion-superior-a-42-mdp-en-atencion-y-prevencion-de-la-violencia-contra-las-oaxaquenas\/"},"modified":"2025-11-25T15:39:48","modified_gmt":"2025-11-25T21:39:48","slug":"destaca-salomon-jara-inversion-superior-a-42-mdp-en-atencion-y-prevencion-de-la-violencia-contra-las-oaxaquenas","status":"publish","type":"post","link":"https:\/\/contextoanalisisperiodistico.com\/index.php\/2025\/11\/25\/destaca-salomon-jara-inversion-superior-a-42-mdp-en-atencion-y-prevencion-de-la-violencia-contra-las-oaxaquenas\/","title":{"rendered":"Destaca Salom\u00f3n Jara inversi\u00f3n superior a 42 mdp en atenci\u00f3n y prevenci\u00f3n de la violencia contra oaxaque\u00f1as"},"content":{"rendered":"<div id=\"fb-root\"><\/div>\n\n<p>\u2022 Asimismo, se han entregado m\u00e1s de 153 mil Cartillas de Derechos de las Mujeres y se han beneficiado a m\u00e1s de 73 mil personas con asesor\u00edas, atenci\u00f3n psicol\u00f3gica y capacitaci\u00f3n<\/p>\n\n\n\n<figure class=\"wp-block-image size-large\"><img fetchpriority=\"high\" decoding=\"async\" width=\"1024\" height=\"682\" src=\"https:\/\/contextoanalisisperiodistico.com\/wp-content\/uploads\/2025\/11\/img-20251125-wa00777068684131873271118-1024x682.jpg\" alt=\"\" class=\"wp-image-48546\" srcset=\"https:\/\/contextoanalisisperiodistico.com\/wp-content\/uploads\/2025\/11\/img-20251125-wa00777068684131873271118-1024x682.jpg 1024w, https:\/\/contextoanalisisperiodistico.com\/wp-content\/uploads\/2025\/11\/img-20251125-wa00777068684131873271118-300x200.jpg 300w, https:\/\/contextoanalisisperiodistico.com\/wp-content\/uploads\/2025\/11\/img-20251125-wa00777068684131873271118-768x512.jpg 768w, https:\/\/contextoanalisisperiodistico.com\/wp-content\/uploads\/2025\/11\/img-20251125-wa00777068684131873271118.jpg 1280w\" sizes=\"(max-width: 1024px) 100vw, 1024px\" \/><\/figure>\n\n\n\n<figure class=\"wp-block-image\"><img decoding=\"async\" width=\"1024\" height=\"682\" src=\"https:\/\/contextoanalisisperiodistico.com\/wp-content\/uploads\/2025\/11\/img-20251125-wa00781938820527352852612-1024x682.jpg\" alt=\"\" class=\"wp-image-48547\" srcset=\"https:\/\/contextoanalisisperiodistico.com\/wp-content\/uploads\/2025\/11\/img-20251125-wa00781938820527352852612-1024x682.jpg 1024w, https:\/\/contextoanalisisperiodistico.com\/wp-content\/uploads\/2025\/11\/img-20251125-wa00781938820527352852612-300x200.jpg 300w, https:\/\/contextoanalisisperiodistico.com\/wp-content\/uploads\/2025\/11\/img-20251125-wa00781938820527352852612-768x512.jpg 768w, https:\/\/contextoanalisisperiodistico.com\/wp-content\/uploads\/2025\/11\/img-20251125-wa00781938820527352852612.jpg 1280w\" sizes=\"(max-width: 1024px) 100vw, 1024px\" \/><\/figure>\n\n\n\n<p>Santa Luc\u00eda del Camino, Oax. 25 de noviembre de 2025.- Durante el Encuentro Estatal de las Mujeres Tejedoras de la Patria, el Gobernador Salom\u00f3n Jara Cruz destac\u00f3 que m\u00e1s de 42.1 millones de pesos se han destinado a los diferentes componentes de atenci\u00f3n y prevenci\u00f3n de la violencia contra las oaxaque\u00f1as.<\/p>\n\n\n\n<p>\u201cHoy enviamos un mensaje claro a todas las mujeres. Ustedes no est\u00e1n solas. En Oaxaca se les respeta, se les acompa\u00f1a y se trabaja todos los d\u00edas para garantizar su derecho a una vida libre de violencia, a la felicidad y al bienestar. Sigamos tejiendo juntas y juntos el futuro que nuestra tierra merece\u201d, asever\u00f3<\/p>\n\n\n\n<p>El Mandatario estatal inform\u00f3 que, hasta la fecha, se han entregado 153 mil 410 Cartillas de Derechos de las Mujeres y se han beneficiado a m\u00e1s de 73 mil personas con asesor\u00edas, atenci\u00f3n psicol\u00f3gica y capacitaci\u00f3n en derechos humanos.<\/p>\n\n\n\n<p>En el Centro Cultural y de Convenciones de Oaxaca (CCCO), enfatiz\u00f3 que estos esfuerzos son posibles gracias a la labor de 5 mil 882 tejedoras de la patria, que posicionan a Oaxaca como el cuarto estado con mayor participaci\u00f3n a nivel nacional en esta estrategia que fomenta el liderazgo femenino y la construcci\u00f3n de v\u00ednculos comunitarios.<\/p>\n\n\n\n<p>En el marco del D\u00eda Internacional de la Eliminaci\u00f3n de la Violencia contra las Mujeres, el Gobierno del Estado anunci\u00f3 que financiar\u00e1 los primeros 3 meses del Programa de Atenci\u00f3n Integral para el Bienestar de las Mujeres (Paibim), que fortalece las capacidades institucionales para prevenir, atender, sancionar y erradicar todas las formas de violencia contra este sector.<\/p>\n\n\n\n<p>Este mecanismo se suma a los 41 centros libres que operan en las ocho regiones para brindar atenci\u00f3n psicoemocional, asesor\u00eda jur\u00eddica, orientaci\u00f3n en derechos y acciones que impulsen la autonom\u00eda econ\u00f3mica de las mujeres.<\/p>\n\n\n\n<p>La titular de la Secretar\u00eda de las Mujeres (SM), Anah\u00ed Sarmiento P\u00e9rez reconoci\u00f3 el trabajo que realizan las l\u00edderes comunitarias. \u201cUstedes son las tejedoras del bien com\u00fan, las que cuidan, las que sostienen a sus comunidades, las que tejen igualdad; las que combaten la violencia, tejiendo la paz\u201d.<\/p>\n\n\n\n<p>Por su parte, la activista y defensora de los derechos humanos, Olimpia Coral Melo, impulsora de la ley que lleva su nombre en contra el acoso digital; extern\u00f3 que en colaboraci\u00f3n con el Gobierno de la Primavera Oaxaque\u00f1a se iniciar\u00e1n capacitaciones, orientaciones y trabajos de alfabetismo en estos entornos que permean tambi\u00e9n en el mundo fuera de las pantallas.<\/p>\n\n\n\n<p>Asimismo, se\u00f1al\u00f3 que, en la Cartilla de los Derechos de las Mujeres se incluyen garant\u00edas digitales en el art\u00edculo 12, lo cual es un acto hist\u00f3rico en temas de protecci\u00f3n a este sector.<\/p>\n\n\n\n<p>-0-<\/p>\n\n\n\n<p><\/p>\n\n\n\n<p><\/p>\n","protected":false},"excerpt":{"rendered":"<p>\u2022 Asimismo, se han entregado m\u00e1s de 153 mil Cartillas de Derechos de las Mujeres&#8230;<\/p>\n","protected":false},"author":4,"featured_media":48545,"comment_status":"closed","ping_status":"open","sticky":false,"template":"","format":"standard","meta":{"footnotes":""},"categories":[9],"tags":[316],"jetpack_sharing_enabled":true,"featured_image_urls":{"full":["https:\/\/contextoanalisisperiodistico.com\/wp-content\/uploads\/2025\/11\/IMG-20251125-WA0076.jpg",1280,853,false],"thumbnail":["https:\/\/contextoanalisisperiodistico.com\/wp-content\/uploads\/2025\/11\/IMG-20251125-WA0076-150x150.jpg",150,150,true],"medium":["https:\/\/contextoanalisisperiodistico.com\/wp-content\/uploads\/2025\/11\/IMG-20251125-WA0076-300x200.jpg",300,200,true],"medium_large":["https:\/\/contextoanalisisperiodistico.com\/wp-content\/uploads\/2025\/11\/IMG-20251125-WA0076-768x512.jpg",640,427,true],"large":["https:\/\/contextoanalisisperiodistico.com\/wp-content\/uploads\/2025\/11\/IMG-20251125-WA0076-1024x682.jpg",640,426,true],"1536x1536":["https:\/\/contextoanalisisperiodistico.com\/wp-content\/uploads\/2025\/11\/IMG-20251125-WA0076.jpg",1280,853,false],"2048x2048":["https:\/\/contextoanalisisperiodistico.com\/wp-content\/uploads\/2025\/11\/IMG-20251125-WA0076.jpg",1280,853,false],"covernews-slider-full":["https:\/\/contextoanalisisperiodistico.com\/wp-content\/uploads\/2025\/11\/IMG-20251125-WA0076-1115x715.jpg",1115,715,true],"covernews-slider-center":["https:\/\/contextoanalisisperiodistico.com\/wp-content\/uploads\/2025\/11\/IMG-20251125-WA0076-800x500.jpg",800,500,true],"covernews-featured":["https:\/\/contextoanalisisperiodistico.com\/wp-content\/uploads\/2025\/11\/IMG-20251125-WA0076-1024x682.jpg",1024,682,true],"covernews-medium":["https:\/\/contextoanalisisperiodistico.com\/wp-content\/uploads\/2025\/11\/IMG-20251125-WA0076-540x340.jpg",540,340,true],"covernews-medium-square":["https:\/\/contextoanalisisperiodistico.com\/wp-content\/uploads\/2025\/11\/IMG-20251125-WA0076-400x250.jpg",400,250,true]},"author_info":{"display_name":"Mario Gir\u00f3n","author_link":"https:\/\/contextoanalisisperiodistico.com\/index.php\/author\/director\/"},"category_info":"<a href=\"https:\/\/contextoanalisisperiodistico.com\/index.php\/category\/politica\/\" rel=\"category tag\">Pol\u00edtica<\/a>","tag_info":"Pol\u00edtica","comment_count":"0","jetpack_featured_media_url":"https:\/\/contextoanalisisperiodistico.com\/wp-content\/uploads\/2025\/11\/IMG-20251125-WA0076.jpg","_links":{"self":[{"href":"https:\/\/contextoanalisisperiodistico.com\/index.php\/wp-json\/wp\/v2\/posts\/48548"}],"collection":[{"href":"https:\/\/contextoanalisisperiodistico.com\/index.php\/wp-json\/wp\/v2\/posts"}],"about":[{"href":"https:\/\/contextoanalisisperiodistico.com\/index.php\/wp-json\/wp\/v2\/types\/post"}],"author":[{"embeddable":true,"href":"https:\/\/contextoanalisisperiodistico.com\/index.php\/wp-json\/wp\/v2\/users\/4"}],"replies":[{"embeddable":true,"href":"https:\/\/contextoanalisisperiodistico.com\/index.php\/wp-json\/wp\/v2\/comments?post=48548"}],"version-history":[{"count":2,"href":"https:\/\/contextoanalisisperiodistico.com\/index.php\/wp-json\/wp\/v2\/posts\/48548\/revisions"}],"predecessor-version":[{"id":48550,"href":"https:\/\/contextoanalisisperiodistico.com\/index.php\/wp-json\/wp\/v2\/posts\/48548\/revisions\/48550"}],"wp:featuredmedia":[{"embeddable":true,"href":"https:\/\/contextoanalisisperiodistico.com\/index.php\/wp-json\/wp\/v2\/media\/48545"}],"wp:attachment":[{"href":"https:\/\/contextoanalisisperiodistico.com\/index.php\/wp-json\/wp\/v2\/media?parent=48548"}],"wp:term":[{"taxonomy":"category","embeddable":true,"href":"https:\/\/contextoanalisisperiodistico.com\/index.php\/wp-json\/wp\/v2\/categories?post=48548"},{"taxonomy":"post_tag","embeddable":true,"href":"https:\/\/contextoanalisisperiodistico.com\/index.php\/wp-json\/wp\/v2\/tags?post=48548"}],"curies":[{"name":"wp","href":"https:\/\/api.w.org\/{rel}","templated":true}]}}