{"id":48541,"date":"2025-11-25T14:55:06","date_gmt":"2025-11-25T20:55:06","guid":{"rendered":"https:\/\/contextoanalisisperiodistico.com\/index.php\/2025\/11\/25\/promovida-por-el-mc-scjn-echa-abajo-reglas-inconstitucionales-en-la-revocacion-de-mandato\/"},"modified":"2025-11-25T15:00:45","modified_gmt":"2025-11-25T21:00:45","slug":"promovida-por-el-mc-scjn-echa-abajo-reglas-inconstitucionales-en-la-revocacion-de-mandato","status":"publish","type":"post","link":"https:\/\/contextoanalisisperiodistico.com\/index.php\/2025\/11\/25\/promovida-por-el-mc-scjn-echa-abajo-reglas-inconstitucionales-en-la-revocacion-de-mandato\/","title":{"rendered":"Promovido por MC, SCJN echa abajo reglas ilegales en la revocaci\u00f3n de mandato"},"content":{"rendered":"<div id=\"fb-root\"><\/div>\n\n<p><br \/>*Victoria ciudadana: el Poder Judicial otorga la raz\u00f3n a la acci\u00f3n de inconstitucionalidad denunciada por Movimiento Ciudadano.<\/p>\n\n\n\n<p>(COMUNICADO).-Movimiento Ciudadano Oaxaca reconoce y celebra la resoluci\u00f3n de la Suprema Corte de Justicia de la Naci\u00f3n (SCJN), que declar\u00f3 inconstitucionales partes de las reformas impulsadas por MORENA y el PRI, en el Congreso local respecto al proceso de Revocaci\u00f3n de Mandato. Esta resoluci\u00f3n representa una victoria para la ciudadan\u00eda oaxaque\u00f1a, que ahora contar\u00e1 con un proceso m\u00e1s accesible, justo y transparente para evaluar el desempe\u00f1o de Salom\u00f3n Jara. La acci\u00f3n de inconstitucionalidad promovida por Movimiento Ciudadano Oaxaca y retomada en el proyecto del Ministro Giovanni Azael Figueroa Mej\u00eda declara la invalidez de tres puntos clave que obstaculizaban ilegalmente el derecho ciudadano:<\/p>\n\n\n\n<ol class=\"wp-block-list\">\n<li>Se Mantiene el Plazo Federal (3 Meses): El Congreso de Oaxaca redujo de tres meses a solo un mes el plazo para que la ciudadan\u00eda pudiera solicitar el inicio del proceso de Revocaci\u00f3n de Mandato. \u00a1Esto es Inv\u00e1lido! El proyecto de sentencia ratifica que el plazo obligatorio es de tres meses, tal como lo establece la Constituci\u00f3n Federal.<\/li>\n\n\n\n<li>Se Elimina el Requisito Adicional y Excesivo de Firmas: La reforma local exig\u00eda un requisito inconstitucional: que adem\u00e1s del 10% de la lista nominal estatal, se deb\u00eda reunir tambi\u00e9n el 10% de firmas en cada municipio. \u00a1Esto es Inv\u00e1lido! El proyecto confirma que esta exigencia era desproporcional y una carga adicional no autorizada, que solo buscaba obstaculizar el proceso.<\/li>\n\n\n\n<li>Se Anula el Plazo Ilegal para Recolectar Firmas: Las reglas y plazos accesorios para la recolecci\u00f3n de firmas, que se desprend\u00edan del plazo inconstitucional de un mes, tambi\u00e9n fueron declaradas Inv\u00e1lidas.<\/li>\n<\/ol>\n\n\n\n<p>Este proceso jur\u00eddico que encabez\u00f3 Alberto Sosa, Coordinador Estatal de Movimiento Ciudadano, Francisco Melo, Secretario del Consejo Nacional y la Diputada Local, Ale Morlan, se realiz\u00f3 con el firme compromiso de defender los derechos pol\u00edticos de las y los oaxaque\u00f1os, evitando que cambios legislativos apresurados o de inter\u00e9s partidista debilitaran los mecanismos de participaci\u00f3n. \u201cLa democracia no se negocia ni se recorta. Los derechos ciudadanos, especialmente los que permiten evaluar a nuestros gobernantes, deben ser respetados. Este proyecto de sentencia es un claro mensaje de que los legisladores locales no pueden reescribir la Constituci\u00f3n a su conveniencia\u201d, declar\u00f3 Alberto Sosa. La decisi\u00f3n de la SCJN reafirma que la Revocaci\u00f3n de Mandato debe ser un ejercicio aut\u00e9nticamente ciudadano, no una herramienta controlada desde el poder.<\/p>\n\n\n\n<p>En Movimiento Ciudadano seguiremos impulsando las causas de la gente, la transparencia y luchando por la defensa de los derechos pol\u00edticos de la ciudadan\u00eda oaxaque\u00f1a.<\/p>\n","protected":false},"excerpt":{"rendered":"<p>*Victoria ciudadana: el Poder Judicial otorga la raz\u00f3n a la acci\u00f3n de inconstitucionalidad denunciada por&#8230;<\/p>\n","protected":false},"author":4,"featured_media":48540,"comment_status":"closed","ping_status":"open","sticky":false,"template":"","format":"standard","meta":{"footnotes":""},"categories":[9],"tags":[316,223,218,219],"jetpack_sharing_enabled":true,"featured_image_urls":{"full":["https:\/\/contextoanalisisperiodistico.com\/wp-content\/uploads\/2025\/11\/Screenshot_2025-11-25-14-47-58-14_6012fa4d4ddec268fc5c7112cbb265e7.jpg",591,1161,false],"thumbnail":["https:\/\/contextoanalisisperiodistico.com\/wp-content\/uploads\/2025\/11\/Screenshot_2025-11-25-14-47-58-14_6012fa4d4ddec268fc5c7112cbb265e7-150x150.jpg",150,150,true],"medium":["https:\/\/contextoanalisisperiodistico.com\/wp-content\/uploads\/2025\/11\/Screenshot_2025-11-25-14-47-58-14_6012fa4d4ddec268fc5c7112cbb265e7-153x300.jpg",153,300,true],"medium_large":["https:\/\/contextoanalisisperiodistico.com\/wp-content\/uploads\/2025\/11\/Screenshot_2025-11-25-14-47-58-14_6012fa4d4ddec268fc5c7112cbb265e7.jpg",591,1161,false],"large":["https:\/\/contextoanalisisperiodistico.com\/wp-content\/uploads\/2025\/11\/Screenshot_2025-11-25-14-47-58-14_6012fa4d4ddec268fc5c7112cbb265e7-521x1024.jpg",521,1024,true],"1536x1536":["https:\/\/contextoanalisisperiodistico.com\/wp-content\/uploads\/2025\/11\/Screenshot_2025-11-25-14-47-58-14_6012fa4d4ddec268fc5c7112cbb265e7.jpg",591,1161,false],"2048x2048":["https:\/\/contextoanalisisperiodistico.com\/wp-content\/uploads\/2025\/11\/Screenshot_2025-11-25-14-47-58-14_6012fa4d4ddec268fc5c7112cbb265e7.jpg",591,1161,false],"covernews-slider-full":["https:\/\/contextoanalisisperiodistico.com\/wp-content\/uploads\/2025\/11\/Screenshot_2025-11-25-14-47-58-14_6012fa4d4ddec268fc5c7112cbb265e7-591x715.jpg",591,715,true],"covernews-slider-center":["https:\/\/contextoanalisisperiodistico.com\/wp-content\/uploads\/2025\/11\/Screenshot_2025-11-25-14-47-58-14_6012fa4d4ddec268fc5c7112cbb265e7-591x500.jpg",591,500,true],"covernews-featured":["https:\/\/contextoanalisisperiodistico.com\/wp-content\/uploads\/2025\/11\/Screenshot_2025-11-25-14-47-58-14_6012fa4d4ddec268fc5c7112cbb265e7.jpg",591,1161,false],"covernews-medium":["https:\/\/contextoanalisisperiodistico.com\/wp-content\/uploads\/2025\/11\/Screenshot_2025-11-25-14-47-58-14_6012fa4d4ddec268fc5c7112cbb265e7-540x340.jpg",540,340,true],"covernews-medium-square":["https:\/\/contextoanalisisperiodistico.com\/wp-content\/uploads\/2025\/11\/Screenshot_2025-11-25-14-47-58-14_6012fa4d4ddec268fc5c7112cbb265e7-400x250.jpg",400,250,true]},"author_info":{"display_name":"Mario Gir\u00f3n","author_link":"https:\/\/contextoanalisisperiodistico.com\/index.php\/author\/director\/"},"category_info":"<a href=\"https:\/\/contextoanalisisperiodistico.com\/index.php\/category\/politica\/\" rel=\"category tag\">Pol\u00edtica<\/a>","tag_info":"Pol\u00edtica","comment_count":"0","jetpack_featured_media_url":"https:\/\/contextoanalisisperiodistico.com\/wp-content\/uploads\/2025\/11\/Screenshot_2025-11-25-14-47-58-14_6012fa4d4ddec268fc5c7112cbb265e7.jpg","_links":{"self":[{"href":"https:\/\/contextoanalisisperiodistico.com\/index.php\/wp-json\/wp\/v2\/posts\/48541"}],"collection":[{"href":"https:\/\/contextoanalisisperiodistico.com\/index.php\/wp-json\/wp\/v2\/posts"}],"about":[{"href":"https:\/\/contextoanalisisperiodistico.com\/index.php\/wp-json\/wp\/v2\/types\/post"}],"author":[{"embeddable":true,"href":"https:\/\/contextoanalisisperiodistico.com\/index.php\/wp-json\/wp\/v2\/users\/4"}],"replies":[{"embeddable":true,"href":"https:\/\/contextoanalisisperiodistico.com\/index.php\/wp-json\/wp\/v2\/comments?post=48541"}],"version-history":[{"count":3,"href":"https:\/\/contextoanalisisperiodistico.com\/index.php\/wp-json\/wp\/v2\/posts\/48541\/revisions"}],"predecessor-version":[{"id":48544,"href":"https:\/\/contextoanalisisperiodistico.com\/index.php\/wp-json\/wp\/v2\/posts\/48541\/revisions\/48544"}],"wp:featuredmedia":[{"embeddable":true,"href":"https:\/\/contextoanalisisperiodistico.com\/index.php\/wp-json\/wp\/v2\/media\/48540"}],"wp:attachment":[{"href":"https:\/\/contextoanalisisperiodistico.com\/index.php\/wp-json\/wp\/v2\/media?parent=48541"}],"wp:term":[{"taxonomy":"category","embeddable":true,"href":"https:\/\/contextoanalisisperiodistico.com\/index.php\/wp-json\/wp\/v2\/categories?post=48541"},{"taxonomy":"post_tag","embeddable":true,"href":"https:\/\/contextoanalisisperiodistico.com\/index.php\/wp-json\/wp\/v2\/tags?post=48541"}],"curies":[{"name":"wp","href":"https:\/\/api.w.org\/{rel}","templated":true}]}}