{"id":48524,"date":"2025-11-25T13:43:31","date_gmt":"2025-11-25T19:43:31","guid":{"rendered":"https:\/\/contextoanalisisperiodistico.com\/index.php\/2025\/11\/25\/mas-de-1-1-millon-de-personas-se-han-trasladado-en-la-ruta-troncal-del-binnibus-yuroo-viguera-yuroo-xoxocotlan\/"},"modified":"2025-11-25T13:43:31","modified_gmt":"2025-11-25T19:43:31","slug":"mas-de-1-1-millon-de-personas-se-han-trasladado-en-la-ruta-troncal-del-binnibus-yuroo-viguera-yuroo-xoxocotlan","status":"publish","type":"post","link":"https:\/\/contextoanalisisperiodistico.com\/index.php\/2025\/11\/25\/mas-de-1-1-millon-de-personas-se-han-trasladado-en-la-ruta-troncal-del-binnibus-yuroo-viguera-yuroo-xoxocotlan\/","title":{"rendered":"M\u00e1s de 1.1 mill\u00f3n de personas se han trasladado en la Ruta Troncal del BinniBus Yuroo Viguera\u2013Yuroo Xoxocotl\u00e1n"},"content":{"rendered":"<div id=\"fb-root\"><\/div>\n\n<p>\u2022 Asimismo, las nuevas ampliaciones de rutas han incrementado el n\u00famero de usuarias y usuarios en su primera semana de operaci\u00f3n<\/p>\n\n\n\n<figure class=\"wp-block-image size-large\"><img fetchpriority=\"high\" decoding=\"async\" width=\"819\" height=\"1024\" src=\"https:\/\/contextoanalisisperiodistico.com\/wp-content\/uploads\/2025\/11\/img-20251125-wa00503444109881640908090-819x1024.jpg\" alt=\"\" class=\"wp-image-48518\" srcset=\"https:\/\/contextoanalisisperiodistico.com\/wp-content\/uploads\/2025\/11\/img-20251125-wa00503444109881640908090-819x1024.jpg 819w, https:\/\/contextoanalisisperiodistico.com\/wp-content\/uploads\/2025\/11\/img-20251125-wa00503444109881640908090-240x300.jpg 240w, https:\/\/contextoanalisisperiodistico.com\/wp-content\/uploads\/2025\/11\/img-20251125-wa00503444109881640908090-768x960.jpg 768w, https:\/\/contextoanalisisperiodistico.com\/wp-content\/uploads\/2025\/11\/img-20251125-wa00503444109881640908090.jpg 1024w\" sizes=\"(max-width: 819px) 100vw, 819px\" \/><\/figure>\n\n\n\n<figure class=\"wp-block-image\"><img decoding=\"async\" width=\"819\" height=\"1024\" src=\"https:\/\/contextoanalisisperiodistico.com\/wp-content\/uploads\/2025\/11\/img-20251120-wa01231917069521709401585-819x1024.jpg\" alt=\"\" class=\"wp-image-48522\" srcset=\"https:\/\/contextoanalisisperiodistico.com\/wp-content\/uploads\/2025\/11\/img-20251120-wa01231917069521709401585-819x1024.jpg 819w, https:\/\/contextoanalisisperiodistico.com\/wp-content\/uploads\/2025\/11\/img-20251120-wa01231917069521709401585-240x300.jpg 240w, https:\/\/contextoanalisisperiodistico.com\/wp-content\/uploads\/2025\/11\/img-20251120-wa01231917069521709401585-768x960.jpg 768w, https:\/\/contextoanalisisperiodistico.com\/wp-content\/uploads\/2025\/11\/img-20251120-wa01231917069521709401585-1229x1536.jpg 1229w, https:\/\/contextoanalisisperiodistico.com\/wp-content\/uploads\/2025\/11\/img-20251120-wa01231917069521709401585-1024x1280.jpg 1024w, https:\/\/contextoanalisisperiodistico.com\/wp-content\/uploads\/2025\/11\/img-20251120-wa01231917069521709401585.jpg 1280w\" sizes=\"(max-width: 819px) 100vw, 819px\" \/><\/figure>\n\n\n\n<figure class=\"wp-block-image\"><img decoding=\"async\" width=\"819\" height=\"1024\" src=\"https:\/\/contextoanalisisperiodistico.com\/wp-content\/uploads\/2025\/11\/img-20251125-wa00456023515110195618627-819x1024.jpg\" alt=\"\" class=\"wp-image-48520\" srcset=\"https:\/\/contextoanalisisperiodistico.com\/wp-content\/uploads\/2025\/11\/img-20251125-wa00456023515110195618627-819x1024.jpg 819w, https:\/\/contextoanalisisperiodistico.com\/wp-content\/uploads\/2025\/11\/img-20251125-wa00456023515110195618627-240x300.jpg 240w, https:\/\/contextoanalisisperiodistico.com\/wp-content\/uploads\/2025\/11\/img-20251125-wa00456023515110195618627-768x960.jpg 768w, https:\/\/contextoanalisisperiodistico.com\/wp-content\/uploads\/2025\/11\/img-20251125-wa00456023515110195618627-1229x1536.jpg 1229w, https:\/\/contextoanalisisperiodistico.com\/wp-content\/uploads\/2025\/11\/img-20251125-wa00456023515110195618627-1024x1280.jpg 1024w, https:\/\/contextoanalisisperiodistico.com\/wp-content\/uploads\/2025\/11\/img-20251125-wa00456023515110195618627.jpg 1280w\" sizes=\"(max-width: 819px) 100vw, 819px\" \/><\/figure>\n\n\n\n<figure class=\"wp-block-image\"><img loading=\"lazy\" decoding=\"async\" width=\"819\" height=\"1024\" src=\"https:\/\/contextoanalisisperiodistico.com\/wp-content\/uploads\/2025\/11\/img-20251125-wa00468404776484779895824-819x1024.jpg\" alt=\"\" class=\"wp-image-48521\" srcset=\"https:\/\/contextoanalisisperiodistico.com\/wp-content\/uploads\/2025\/11\/img-20251125-wa00468404776484779895824-819x1024.jpg 819w, https:\/\/contextoanalisisperiodistico.com\/wp-content\/uploads\/2025\/11\/img-20251125-wa00468404776484779895824-240x300.jpg 240w, https:\/\/contextoanalisisperiodistico.com\/wp-content\/uploads\/2025\/11\/img-20251125-wa00468404776484779895824-768x960.jpg 768w, https:\/\/contextoanalisisperiodistico.com\/wp-content\/uploads\/2025\/11\/img-20251125-wa00468404776484779895824-1229x1536.jpg 1229w, https:\/\/contextoanalisisperiodistico.com\/wp-content\/uploads\/2025\/11\/img-20251125-wa00468404776484779895824-1024x1280.jpg 1024w, https:\/\/contextoanalisisperiodistico.com\/wp-content\/uploads\/2025\/11\/img-20251125-wa00468404776484779895824.jpg 1280w\" sizes=\"(max-width: 819px) 100vw, 819px\" \/><\/figure>\n\n\n\n<figure class=\"wp-block-image\"><img loading=\"lazy\" decoding=\"async\" width=\"819\" height=\"1024\" src=\"https:\/\/contextoanalisisperiodistico.com\/wp-content\/uploads\/2025\/11\/img-20251125-wa00479138204283803324540-819x1024.jpg\" alt=\"\" class=\"wp-image-48519\" srcset=\"https:\/\/contextoanalisisperiodistico.com\/wp-content\/uploads\/2025\/11\/img-20251125-wa00479138204283803324540-819x1024.jpg 819w, https:\/\/contextoanalisisperiodistico.com\/wp-content\/uploads\/2025\/11\/img-20251125-wa00479138204283803324540-240x300.jpg 240w, https:\/\/contextoanalisisperiodistico.com\/wp-content\/uploads\/2025\/11\/img-20251125-wa00479138204283803324540-768x960.jpg 768w, https:\/\/contextoanalisisperiodistico.com\/wp-content\/uploads\/2025\/11\/img-20251125-wa00479138204283803324540-1229x1536.jpg 1229w, https:\/\/contextoanalisisperiodistico.com\/wp-content\/uploads\/2025\/11\/img-20251125-wa00479138204283803324540-1024x1280.jpg 1024w, https:\/\/contextoanalisisperiodistico.com\/wp-content\/uploads\/2025\/11\/img-20251125-wa00479138204283803324540.jpg 1280w\" sizes=\"(max-width: 819px) 100vw, 819px\" \/><\/figure>\n\n\n\n<figure class=\"wp-block-image\"><img loading=\"lazy\" decoding=\"async\" width=\"819\" height=\"1024\" src=\"https:\/\/contextoanalisisperiodistico.com\/wp-content\/uploads\/2025\/11\/img-20251125-wa00487276655238880516177-819x1024.jpg\" alt=\"\" class=\"wp-image-48523\" srcset=\"https:\/\/contextoanalisisperiodistico.com\/wp-content\/uploads\/2025\/11\/img-20251125-wa00487276655238880516177-819x1024.jpg 819w, https:\/\/contextoanalisisperiodistico.com\/wp-content\/uploads\/2025\/11\/img-20251125-wa00487276655238880516177-240x300.jpg 240w, https:\/\/contextoanalisisperiodistico.com\/wp-content\/uploads\/2025\/11\/img-20251125-wa00487276655238880516177-768x960.jpg 768w, https:\/\/contextoanalisisperiodistico.com\/wp-content\/uploads\/2025\/11\/img-20251125-wa00487276655238880516177-1229x1536.jpg 1229w, https:\/\/contextoanalisisperiodistico.com\/wp-content\/uploads\/2025\/11\/img-20251125-wa00487276655238880516177-1024x1280.jpg 1024w, https:\/\/contextoanalisisperiodistico.com\/wp-content\/uploads\/2025\/11\/img-20251125-wa00487276655238880516177.jpg 1280w\" sizes=\"(max-width: 819px) 100vw, 819px\" \/><\/figure>\n\n\n\n<p>Oaxaca de Ju\u00e1rez, Oax. 25 de noviembre de 2025.- El Sistema de Transporte Colectivo Metropolitano BinniBus inform\u00f3 que, del 20 de septiembre al 24 de noviembre, la Ruta Troncal Yuroo Viguera\u2013Yuroo Xoxocotl\u00e1n ha beneficiado a 1 mill\u00f3n 127 mil 646 personas usuarias.<\/p>\n\n\n\n<p>Este modelo de movilidad, en promedio, transport\u00f3 a 17 mil 85 pasajeras y pasajeros con 23 unidades cada d\u00eda, en un horario de 6:00 a 22:00 horas; con servicio gratuito durante su etapa preoperativa de lunes a domingo.<\/p>\n\n\n\n<p>La directora del Sistema BinniBus, Karina G\u00f3mez Esteban asegur\u00f3 que presentan resultados positivos las ampliaciones de las rutas RC15 y RC06, en el primer caso, que cubre del Internado de Reyes Mantec\u00f3n hacia el M\u00f3dulo Azul Fovissste, el n\u00famero de personas usuarias aument\u00f3 de 2 mil 767 a 3 mil 760.<\/p>\n\n\n\n<p>En tanto, la RC06 que tiene un recorrido de San Jacinto Amilpas al Palacio Municipal de San Jer\u00f3nimo Yahuiche; registr\u00f3 m\u00e1s de mil 503 viajes diarios.<\/p>\n\n\n\n<p>En relaci\u00f3n a las nuevas rutas que iniciaron operaciones el 17 de noviembre: RC05 Yuroo Viguera\u2013Colonia Los \u00c1ngeles\u2013Jard\u00edn Madero, atiende diariamente a 748 personas usuarias.<\/p>\n\n\n\n<p>Mientras que, la ruta RC09 Colonia Bugambilias\u2013Fraccionamiento El Rosario\u2013Punta Vizcaya, transporta a mil 214 personas por d\u00eda; y la ruta RC11 La Raya\u2013Aeropuerto\u2013M\u00f3dulo Azul Fovissste efect\u00faa mil 553 traslados diarios.<\/p>\n\n\n\n<p>-0-<\/p>\n","protected":false},"excerpt":{"rendered":"<p>\u2022 Asimismo, las nuevas ampliaciones de rutas han incrementado el n\u00famero de usuarias y usuarios&#8230;<\/p>\n","protected":false},"author":4,"featured_media":48517,"comment_status":"","ping_status":"open","sticky":false,"template":"","format":"standard","meta":{"footnotes":""},"categories":[3],"tags":[316],"jetpack_sharing_enabled":true,"featured_image_urls":{"full":["https:\/\/contextoanalisisperiodistico.com\/wp-content\/uploads\/2025\/11\/IMG-20251125-WA0049.jpg",1024,1280,false],"thumbnail":["https:\/\/contextoanalisisperiodistico.com\/wp-content\/uploads\/2025\/11\/IMG-20251125-WA0049-150x150.jpg",150,150,true],"medium":["https:\/\/contextoanalisisperiodistico.com\/wp-content\/uploads\/2025\/11\/IMG-20251125-WA0049-240x300.jpg",240,300,true],"medium_large":["https:\/\/contextoanalisisperiodistico.com\/wp-content\/uploads\/2025\/11\/IMG-20251125-WA0049-768x960.jpg",640,800,true],"large":["https:\/\/contextoanalisisperiodistico.com\/wp-content\/uploads\/2025\/11\/IMG-20251125-WA0049-819x1024.jpg",640,800,true],"1536x1536":["https:\/\/contextoanalisisperiodistico.com\/wp-content\/uploads\/2025\/11\/IMG-20251125-WA0049.jpg",1024,1280,false],"2048x2048":["https:\/\/contextoanalisisperiodistico.com\/wp-content\/uploads\/2025\/11\/IMG-20251125-WA0049.jpg",1024,1280,false],"covernews-slider-full":["https:\/\/contextoanalisisperiodistico.com\/wp-content\/uploads\/2025\/11\/IMG-20251125-WA0049-1024x715.jpg",1024,715,true],"covernews-slider-center":["https:\/\/contextoanalisisperiodistico.com\/wp-content\/uploads\/2025\/11\/IMG-20251125-WA0049-800x500.jpg",800,500,true],"covernews-featured":["https:\/\/contextoanalisisperiodistico.com\/wp-content\/uploads\/2025\/11\/IMG-20251125-WA0049.jpg",1024,1280,false],"covernews-medium":["https:\/\/contextoanalisisperiodistico.com\/wp-content\/uploads\/2025\/11\/IMG-20251125-WA0049-540x340.jpg",540,340,true],"covernews-medium-square":["https:\/\/contextoanalisisperiodistico.com\/wp-content\/uploads\/2025\/11\/IMG-20251125-WA0049-400x250.jpg",400,250,true]},"author_info":{"display_name":"Mario Gir\u00f3n","author_link":"https:\/\/contextoanalisisperiodistico.com\/index.php\/author\/director\/"},"category_info":"<a href=\"https:\/\/contextoanalisisperiodistico.com\/index.php\/category\/ciudad\/\" rel=\"category tag\">Ciudad<\/a>","tag_info":"Ciudad","comment_count":"0","jetpack_featured_media_url":"https:\/\/contextoanalisisperiodistico.com\/wp-content\/uploads\/2025\/11\/IMG-20251125-WA0049.jpg","_links":{"self":[{"href":"https:\/\/contextoanalisisperiodistico.com\/index.php\/wp-json\/wp\/v2\/posts\/48524"}],"collection":[{"href":"https:\/\/contextoanalisisperiodistico.com\/index.php\/wp-json\/wp\/v2\/posts"}],"about":[{"href":"https:\/\/contextoanalisisperiodistico.com\/index.php\/wp-json\/wp\/v2\/types\/post"}],"author":[{"embeddable":true,"href":"https:\/\/contextoanalisisperiodistico.com\/index.php\/wp-json\/wp\/v2\/users\/4"}],"replies":[{"embeddable":true,"href":"https:\/\/contextoanalisisperiodistico.com\/index.php\/wp-json\/wp\/v2\/comments?post=48524"}],"version-history":[{"count":0,"href":"https:\/\/contextoanalisisperiodistico.com\/index.php\/wp-json\/wp\/v2\/posts\/48524\/revisions"}],"wp:featuredmedia":[{"embeddable":true,"href":"https:\/\/contextoanalisisperiodistico.com\/index.php\/wp-json\/wp\/v2\/media\/48517"}],"wp:attachment":[{"href":"https:\/\/contextoanalisisperiodistico.com\/index.php\/wp-json\/wp\/v2\/media?parent=48524"}],"wp:term":[{"taxonomy":"category","embeddable":true,"href":"https:\/\/contextoanalisisperiodistico.com\/index.php\/wp-json\/wp\/v2\/categories?post=48524"},{"taxonomy":"post_tag","embeddable":true,"href":"https:\/\/contextoanalisisperiodistico.com\/index.php\/wp-json\/wp\/v2\/tags?post=48524"}],"curies":[{"name":"wp","href":"https:\/\/api.w.org\/{rel}","templated":true}]}}