{"id":48509,"date":"2025-11-25T13:32:36","date_gmt":"2025-11-25T19:32:36","guid":{"rendered":"https:\/\/contextoanalisisperiodistico.com\/index.php\/2025\/11\/25\/se-suma-gobierno-de-oaxaca-al-compromiso-nacional-por-la-vida-felicidad-y-respeto-a-las-mujeres-para-erradicar-violencia-de-genero\/"},"modified":"2025-11-25T13:32:36","modified_gmt":"2025-11-25T19:32:36","slug":"se-suma-gobierno-de-oaxaca-al-compromiso-nacional-por-la-vida-felicidad-y-respeto-a-las-mujeres-para-erradicar-violencia-de-genero","status":"publish","type":"post","link":"https:\/\/contextoanalisisperiodistico.com\/index.php\/2025\/11\/25\/se-suma-gobierno-de-oaxaca-al-compromiso-nacional-por-la-vida-felicidad-y-respeto-a-las-mujeres-para-erradicar-violencia-de-genero\/","title":{"rendered":"Se suma Gobierno de Oaxaca al Compromiso Nacional por la Vida, Felicidad y Respeto a las Mujeres para erradicar violencia de g\u00e9nero"},"content":{"rendered":"<div id=\"fb-root\"><\/div>\n\n<p>\u2022 El Gobernador Salom\u00f3n Jara Cruz firm\u00f3 el documento que formaliza su respaldo a los 10 puntos de esta estrategia implementada por la Presidenta Claudia Sheinbaum<\/p>\n\n\n\n<figure class=\"wp-block-image size-large\"><img fetchpriority=\"high\" decoding=\"async\" width=\"1024\" height=\"682\" src=\"https:\/\/contextoanalisisperiodistico.com\/wp-content\/uploads\/2025\/11\/img-20251125-wa00296521896583178685149-1024x682.jpg\" alt=\"\" class=\"wp-image-48508\" srcset=\"https:\/\/contextoanalisisperiodistico.com\/wp-content\/uploads\/2025\/11\/img-20251125-wa00296521896583178685149-1024x682.jpg 1024w, https:\/\/contextoanalisisperiodistico.com\/wp-content\/uploads\/2025\/11\/img-20251125-wa00296521896583178685149-300x200.jpg 300w, https:\/\/contextoanalisisperiodistico.com\/wp-content\/uploads\/2025\/11\/img-20251125-wa00296521896583178685149-768x512.jpg 768w, https:\/\/contextoanalisisperiodistico.com\/wp-content\/uploads\/2025\/11\/img-20251125-wa00296521896583178685149.jpg 1280w\" sizes=\"(max-width: 1024px) 100vw, 1024px\" \/><\/figure>\n\n\n\n<p>\u2022 La Primavera Oaxaque\u00f1a abrir\u00e1 dos refugios para brindar protecci\u00f3n a esta poblaci\u00f3n en situaci\u00f3n de violencia extrema<\/p>\n\n\n\n<p>Oaxaca de Ju\u00e1rez, Oax. 25 de noviembre de 2025. En el marco del D\u00eda Internacional de la Eliminaci\u00f3n de la Violencia contra la Mujer, el Gobernador Salom\u00f3n Jara Cruz se sum\u00f3 al Compromiso Nacional por la Vida, la Felicidad y el Respeto a las Mujeres; tambi\u00e9n, present\u00f3 las acciones realizadas por su administraci\u00f3n para garantizar una vida plena a este sector y la igualdad sustantiva.<\/p>\n\n\n\n<p>Desde Palacio de Gobierno, el Mandatario estatal firm\u00f3 el documento que formaliza su respaldo a los 10 puntos de esta estrategia implementada por la Presidenta Claudia Sheinbaum, que busca prevenir y atender las diversas manifestaciones de violencia contra las mujeres.<\/p>\n\n\n\n<p>De esta manera, anunci\u00f3 que la Primavera Oaxaque\u00f1a abrir\u00e1 dos refugios para brindar protecci\u00f3n a mujeres en situaci\u00f3n de violencia extrema, as\u00ed como a sus hijas e hijos; adem\u00e1s, seguir\u00e1n en operaci\u00f3n los 41 Centros Libres establecidos en la entidad.<\/p>\n\n\n\n<p>En la conferencia de prensa, Jara Cruz inform\u00f3 que el Congreso del Estado analiza una iniciativa de ley para homologar el tipo penal de abuso sexual en concordancia con el modelo presentado por la Secretar\u00eda de las Mujeres.<\/p>\n\n\n\n<p>El Compromiso Nacional por la Vida, la Felicidad y el Respeto a las Mujeres, que cuenta con el respaldo de las 32 entidades federativas; consiste en la difusi\u00f3n de la campa\u00f1a permanente por la igualdad y contra las violencias para abonar al cambio cultural.<\/p>\n\n\n\n<p>Tambi\u00e9n, destaca la coordinaci\u00f3n con las fiscal\u00edas y los tribunales del Poder Judicial locales, para garantizar que ninguna denuncia sea desechada o desestimada; la capacitaci\u00f3n de las y los servidores p\u00fablicos con perspectiva de g\u00e9nero; as\u00ed como la creaci\u00f3n de espacios seguros para la movilidad de las mujeres.<\/p>\n\n\n\n<p>En Oaxaca, el Gobierno estatal ha realizado diversas acciones para propiciar el desarrollo pleno de las mujeres, libre de violencia y en condiciones de igualdad, entre estas, el Mandatario oaxaque\u00f1o suscribi\u00f3, en junio pasado, un convenio con los 40 municipios para la atenci\u00f3n de la Declaratoria de Alerta de Violencia de G\u00e9nero.<\/p>\n\n\n\n<p>Asimismo, a trav\u00e9s de la Secretar\u00eda de las Mujeres del estado se implementa la Brigada Violeta, conformada por psic\u00f3logas y abogadas que, a la fecha, ha atendido a m\u00e1s de 58 mil mujeres en 68 municipios, con acciones de prevenci\u00f3n y respuesta oportuna ante la violencia de g\u00e9nero.<\/p>\n\n\n\n<p>La Primavera Oaxaque\u00f1a ha brindado 32 mil 515 servicios de orientaci\u00f3n y atenci\u00f3n especializada, a trav\u00e9s del Centro Estatal de Atenci\u00f3n Integral a Mujeres en Situaci\u00f3n de Violencia de G\u00e9nero (CEATI); en tanto, el refugio estatal de Mujeres Transformado su Historia instalado en 2024 ha realizado 9 mil 667 servicios de protecci\u00f3n a esta poblaci\u00f3n en situaci\u00f3n de violencia extrema.<\/p>\n\n\n\n<p>-0-<\/p>\n\n\n\n<p><\/p>\n\n\n\n<p><\/p>\n","protected":false},"excerpt":{"rendered":"<p>\u2022 El Gobernador Salom\u00f3n Jara Cruz firm\u00f3 el documento que formaliza su respaldo a los&#8230;<\/p>\n","protected":false},"author":4,"featured_media":48507,"comment_status":"","ping_status":"open","sticky":false,"template":"","format":"standard","meta":{"footnotes":""},"categories":[9],"tags":[316],"jetpack_sharing_enabled":true,"featured_image_urls":{"full":["https:\/\/contextoanalisisperiodistico.com\/wp-content\/uploads\/2025\/11\/IMG-20251125-WA0029.jpg",1280,853,false],"thumbnail":["https:\/\/contextoanalisisperiodistico.com\/wp-content\/uploads\/2025\/11\/IMG-20251125-WA0029-150x150.jpg",150,150,true],"medium":["https:\/\/contextoanalisisperiodistico.com\/wp-content\/uploads\/2025\/11\/IMG-20251125-WA0029-300x200.jpg",300,200,true],"medium_large":["https:\/\/contextoanalisisperiodistico.com\/wp-content\/uploads\/2025\/11\/IMG-20251125-WA0029-768x512.jpg",640,427,true],"large":["https:\/\/contextoanalisisperiodistico.com\/wp-content\/uploads\/2025\/11\/IMG-20251125-WA0029-1024x682.jpg",640,426,true],"1536x1536":["https:\/\/contextoanalisisperiodistico.com\/wp-content\/uploads\/2025\/11\/IMG-20251125-WA0029.jpg",1280,853,false],"2048x2048":["https:\/\/contextoanalisisperiodistico.com\/wp-content\/uploads\/2025\/11\/IMG-20251125-WA0029.jpg",1280,853,false],"covernews-slider-full":["https:\/\/contextoanalisisperiodistico.com\/wp-content\/uploads\/2025\/11\/IMG-20251125-WA0029-1115x715.jpg",1115,715,true],"covernews-slider-center":["https:\/\/contextoanalisisperiodistico.com\/wp-content\/uploads\/2025\/11\/IMG-20251125-WA0029-800x500.jpg",800,500,true],"covernews-featured":["https:\/\/contextoanalisisperiodistico.com\/wp-content\/uploads\/2025\/11\/IMG-20251125-WA0029-1024x682.jpg",1024,682,true],"covernews-medium":["https:\/\/contextoanalisisperiodistico.com\/wp-content\/uploads\/2025\/11\/IMG-20251125-WA0029-540x340.jpg",540,340,true],"covernews-medium-square":["https:\/\/contextoanalisisperiodistico.com\/wp-content\/uploads\/2025\/11\/IMG-20251125-WA0029-400x250.jpg",400,250,true]},"author_info":{"display_name":"Mario Gir\u00f3n","author_link":"https:\/\/contextoanalisisperiodistico.com\/index.php\/author\/director\/"},"category_info":"<a href=\"https:\/\/contextoanalisisperiodistico.com\/index.php\/category\/politica\/\" rel=\"category tag\">Pol\u00edtica<\/a>","tag_info":"Pol\u00edtica","comment_count":"0","jetpack_featured_media_url":"https:\/\/contextoanalisisperiodistico.com\/wp-content\/uploads\/2025\/11\/IMG-20251125-WA0029.jpg","_links":{"self":[{"href":"https:\/\/contextoanalisisperiodistico.com\/index.php\/wp-json\/wp\/v2\/posts\/48509"}],"collection":[{"href":"https:\/\/contextoanalisisperiodistico.com\/index.php\/wp-json\/wp\/v2\/posts"}],"about":[{"href":"https:\/\/contextoanalisisperiodistico.com\/index.php\/wp-json\/wp\/v2\/types\/post"}],"author":[{"embeddable":true,"href":"https:\/\/contextoanalisisperiodistico.com\/index.php\/wp-json\/wp\/v2\/users\/4"}],"replies":[{"embeddable":true,"href":"https:\/\/contextoanalisisperiodistico.com\/index.php\/wp-json\/wp\/v2\/comments?post=48509"}],"version-history":[{"count":0,"href":"https:\/\/contextoanalisisperiodistico.com\/index.php\/wp-json\/wp\/v2\/posts\/48509\/revisions"}],"wp:featuredmedia":[{"embeddable":true,"href":"https:\/\/contextoanalisisperiodistico.com\/index.php\/wp-json\/wp\/v2\/media\/48507"}],"wp:attachment":[{"href":"https:\/\/contextoanalisisperiodistico.com\/index.php\/wp-json\/wp\/v2\/media?parent=48509"}],"wp:term":[{"taxonomy":"category","embeddable":true,"href":"https:\/\/contextoanalisisperiodistico.com\/index.php\/wp-json\/wp\/v2\/categories?post=48509"},{"taxonomy":"post_tag","embeddable":true,"href":"https:\/\/contextoanalisisperiodistico.com\/index.php\/wp-json\/wp\/v2\/tags?post=48509"}],"curies":[{"name":"wp","href":"https:\/\/api.w.org\/{rel}","templated":true}]}}