{"id":48447,"date":"2025-11-23T11:50:58","date_gmt":"2025-11-23T17:50:58","guid":{"rendered":"https:\/\/contextoanalisisperiodistico.com\/index.php\/2025\/11\/23\/continua-salomon-jara-rescate-del-rio-atoyac-con-mega-tequio-de-limpieza-en-san-lorenzo-cacaotepec-y-oaxaca-de-juarez\/"},"modified":"2025-11-23T11:50:58","modified_gmt":"2025-11-23T17:50:58","slug":"continua-salomon-jara-rescate-del-rio-atoyac-con-mega-tequio-de-limpieza-en-san-lorenzo-cacaotepec-y-oaxaca-de-juarez","status":"publish","type":"post","link":"https:\/\/contextoanalisisperiodistico.com\/index.php\/2025\/11\/23\/continua-salomon-jara-rescate-del-rio-atoyac-con-mega-tequio-de-limpieza-en-san-lorenzo-cacaotepec-y-oaxaca-de-juarez\/","title":{"rendered":"Contin\u00faa Salom\u00f3n Jara rescate del R\u00edo Atoyac con Mega Tequio de Limpieza en San Lorenzo Cacaotepec y Oaxaca de Ju\u00e1rez"},"content":{"rendered":"<div id=\"fb-root\"><\/div>\n\n<ul class=\"wp-block-list\">\n<li>Se busca atender los 32 kil\u00f3metros del afluente; con las acciones de este domingo se suman 6.2 km<\/li>\n<\/ul>\n\n\n\n<p>San Lorenzo Cacaotepec, Oax. 23 de noviembre de 2025.- Con la participaci\u00f3n de m\u00e1s de mil 700 personas, el Gobernador Salom\u00f3n Jara Cruz encabez\u00f3 el Mega Tequio de Limpieza del R\u00edo Atoyac en los municipios de San Lorenzo Cacaotepec y Oaxaca de Ju\u00e1rez, que fomenta esta pr\u00e1ctica ancestral para recuperar este cuerpo de agua emblem\u00e1tico de los Valles Centrales.<\/p>\n\n\n\n<p>Esta tarea se desarroll\u00f3 en 6.2 kil\u00f3metros, que se suman a los 17.8 que ya han sido limpiados en seis de los 13 municipios que atraviesa este afluente. La meta total es sanear 32 kil\u00f3metros.<\/p>\n\n\n\n<p>\u201cHoy reafirmamos que el R\u00edo Atoyac volver\u00e1 a ser un orgullo de Oaxaca y lo lograremos juntas y juntos, paso a paso, kil\u00f3metro a kil\u00f3metro, tequio tras tequio. Volvemos a demostrar que Oaxaca sabe organizarse, sumarse y trabajar por el bien com\u00fan\u201d, enfatiz\u00f3.<\/p>\n\n\n\n<p>El Mandatario estatal detall\u00f3 que con el apoyo de retroexcavadoras, se abri\u00f3 un acceso para retirar la maleza en las riberas del r\u00edo. Adem\u00e1s, se llevaron a cabo trabajos manuales para eliminar carrizo y retirar residuos tanto org\u00e1nicos como inorg\u00e1nicos.<\/p>\n\n\n\n<p>Paralelamente, se realizaron trabajos de rehabilitaci\u00f3n y pintura en 14 canchas deportivas, con el objetivo de devolverles su funcionalidad como espacios de convivencia comunitaria que fortalece la cultura de la paz.<\/p>\n\n\n\n<p>Cabe destacar que en esta demarcaci\u00f3n tambi\u00e9n se erige el proyecto de Ciudad Salud, que pr\u00f3ximamente dar\u00e1 un paso importante en este sector con la edificaci\u00f3n de un hospital del Instituto Mexicano del Seguro Social (IMSS) y otro m\u00e1s del Instituto de Seguridad y Servicios Sociales de los Trabajadores del Estado (ISSSTE).<\/p>\n\n\n\n<p>La titular de la Secretar\u00eda de Bienestar, Tequio e Inclusi\u00f3n (Sebienti), Vilma Mart\u00ednez Cort\u00e9s resalt\u00f3 que estas acciones de limpieza mejoran la calidad del agua, restauran el h\u00e1bitat natural, protegen la flora y fauna, adem\u00e1s, generan conciencia ambiental, necesaria para lograr un mejor futuro para las nuevas generaciones.<\/p>\n\n\n\n<p>\u201cEste Mega Tequio no es solamente una jornada de limpieza, es un acto de amor a Oaxaca y de responsabilidad con quienes vendr\u00e1n despu\u00e9s de nosotros, lo que refleja el esp\u00edritu m\u00e1s profundo de nuestras comunidades\u201d, dijo.<\/p>\n\n\n\n<p>-0-<\/p>\n\n\n\n<p><\/p>\n\n\n\n<p><\/p>\n\n\n\n<figure class=\"wp-block-image size-large\"><img fetchpriority=\"high\" decoding=\"async\" width=\"1024\" height=\"682\" src=\"https:\/\/contextoanalisisperiodistico.com\/wp-content\/uploads\/2025\/11\/img-20251123-wa00226622112317556609623-1024x682.jpg\" alt=\"\" class=\"wp-image-48442\" srcset=\"https:\/\/contextoanalisisperiodistico.com\/wp-content\/uploads\/2025\/11\/img-20251123-wa00226622112317556609623-1024x682.jpg 1024w, https:\/\/contextoanalisisperiodistico.com\/wp-content\/uploads\/2025\/11\/img-20251123-wa00226622112317556609623-300x200.jpg 300w, https:\/\/contextoanalisisperiodistico.com\/wp-content\/uploads\/2025\/11\/img-20251123-wa00226622112317556609623-768x512.jpg 768w, https:\/\/contextoanalisisperiodistico.com\/wp-content\/uploads\/2025\/11\/img-20251123-wa00226622112317556609623.jpg 1252w\" sizes=\"(max-width: 1024px) 100vw, 1024px\" \/><\/figure>\n\n\n\n<figure class=\"wp-block-image\"><img decoding=\"async\" width=\"1024\" height=\"682\" src=\"https:\/\/contextoanalisisperiodistico.com\/wp-content\/uploads\/2025\/11\/img-20251123-wa00244064139283190257122-1024x682.jpg\" alt=\"\" class=\"wp-image-48443\" srcset=\"https:\/\/contextoanalisisperiodistico.com\/wp-content\/uploads\/2025\/11\/img-20251123-wa00244064139283190257122-1024x682.jpg 1024w, https:\/\/contextoanalisisperiodistico.com\/wp-content\/uploads\/2025\/11\/img-20251123-wa00244064139283190257122-300x200.jpg 300w, https:\/\/contextoanalisisperiodistico.com\/wp-content\/uploads\/2025\/11\/img-20251123-wa00244064139283190257122-768x512.jpg 768w, https:\/\/contextoanalisisperiodistico.com\/wp-content\/uploads\/2025\/11\/img-20251123-wa00244064139283190257122.jpg 1280w\" sizes=\"(max-width: 1024px) 100vw, 1024px\" \/><\/figure>\n\n\n\n<figure class=\"wp-block-image\"><img decoding=\"async\" width=\"1024\" height=\"576\" src=\"https:\/\/contextoanalisisperiodistico.com\/wp-content\/uploads\/2025\/11\/img-20251123-wa00273506901308238666759-1024x576.jpg\" alt=\"\" class=\"wp-image-48444\" srcset=\"https:\/\/contextoanalisisperiodistico.com\/wp-content\/uploads\/2025\/11\/img-20251123-wa00273506901308238666759-1024x576.jpg 1024w, https:\/\/contextoanalisisperiodistico.com\/wp-content\/uploads\/2025\/11\/img-20251123-wa00273506901308238666759-300x169.jpg 300w, https:\/\/contextoanalisisperiodistico.com\/wp-content\/uploads\/2025\/11\/img-20251123-wa00273506901308238666759-768x432.jpg 768w, https:\/\/contextoanalisisperiodistico.com\/wp-content\/uploads\/2025\/11\/img-20251123-wa00273506901308238666759.jpg 1280w\" sizes=\"(max-width: 1024px) 100vw, 1024px\" \/><\/figure>\n\n\n\n<figure class=\"wp-block-image\"><img loading=\"lazy\" decoding=\"async\" width=\"1024\" height=\"682\" src=\"https:\/\/contextoanalisisperiodistico.com\/wp-content\/uploads\/2025\/11\/img-20251123-wa00256707762236973784521-1024x682.jpg\" alt=\"\" class=\"wp-image-48445\" srcset=\"https:\/\/contextoanalisisperiodistico.com\/wp-content\/uploads\/2025\/11\/img-20251123-wa00256707762236973784521-1024x682.jpg 1024w, https:\/\/contextoanalisisperiodistico.com\/wp-content\/uploads\/2025\/11\/img-20251123-wa00256707762236973784521-300x200.jpg 300w, https:\/\/contextoanalisisperiodistico.com\/wp-content\/uploads\/2025\/11\/img-20251123-wa00256707762236973784521-768x512.jpg 768w, https:\/\/contextoanalisisperiodistico.com\/wp-content\/uploads\/2025\/11\/img-20251123-wa00256707762236973784521.jpg 1280w\" sizes=\"(max-width: 1024px) 100vw, 1024px\" \/><\/figure>\n\n\n\n<figure class=\"wp-block-image\"><img loading=\"lazy\" decoding=\"async\" width=\"1024\" height=\"682\" src=\"https:\/\/contextoanalisisperiodistico.com\/wp-content\/uploads\/2025\/11\/img-20251123-wa00234738158658292435049-1024x682.jpg\" alt=\"\" class=\"wp-image-48446\" srcset=\"https:\/\/contextoanalisisperiodistico.com\/wp-content\/uploads\/2025\/11\/img-20251123-wa00234738158658292435049-1024x682.jpg 1024w, https:\/\/contextoanalisisperiodistico.com\/wp-content\/uploads\/2025\/11\/img-20251123-wa00234738158658292435049-300x200.jpg 300w, https:\/\/contextoanalisisperiodistico.com\/wp-content\/uploads\/2025\/11\/img-20251123-wa00234738158658292435049-768x512.jpg 768w, https:\/\/contextoanalisisperiodistico.com\/wp-content\/uploads\/2025\/11\/img-20251123-wa00234738158658292435049.jpg 1280w\" sizes=\"(max-width: 1024px) 100vw, 1024px\" \/><\/figure>\n","protected":false},"excerpt":{"rendered":"<p>San Lorenzo Cacaotepec, Oax. 23 de noviembre de 2025.- Con la participaci\u00f3n de m\u00e1s de&#8230;<\/p>\n","protected":false},"author":4,"featured_media":48441,"comment_status":"","ping_status":"open","sticky":false,"template":"","format":"standard","meta":{"footnotes":""},"categories":[9],"tags":[316],"jetpack_sharing_enabled":true,"featured_image_urls":{"full":["https:\/\/contextoanalisisperiodistico.com\/wp-content\/uploads\/2025\/11\/IMG-20251123-WA0026.jpg",1280,853,false],"thumbnail":["https:\/\/contextoanalisisperiodistico.com\/wp-content\/uploads\/2025\/11\/IMG-20251123-WA0026-150x150.jpg",150,150,true],"medium":["https:\/\/contextoanalisisperiodistico.com\/wp-content\/uploads\/2025\/11\/IMG-20251123-WA0026-300x200.jpg",300,200,true],"medium_large":["https:\/\/contextoanalisisperiodistico.com\/wp-content\/uploads\/2025\/11\/IMG-20251123-WA0026-768x512.jpg",640,427,true],"large":["https:\/\/contextoanalisisperiodistico.com\/wp-content\/uploads\/2025\/11\/IMG-20251123-WA0026-1024x682.jpg",640,426,true],"1536x1536":["https:\/\/contextoanalisisperiodistico.com\/wp-content\/uploads\/2025\/11\/IMG-20251123-WA0026.jpg",1280,853,false],"2048x2048":["https:\/\/contextoanalisisperiodistico.com\/wp-content\/uploads\/2025\/11\/IMG-20251123-WA0026.jpg",1280,853,false],"covernews-slider-full":["https:\/\/contextoanalisisperiodistico.com\/wp-content\/uploads\/2025\/11\/IMG-20251123-WA0026-1115x715.jpg",1115,715,true],"covernews-slider-center":["https:\/\/contextoanalisisperiodistico.com\/wp-content\/uploads\/2025\/11\/IMG-20251123-WA0026-800x500.jpg",800,500,true],"covernews-featured":["https:\/\/contextoanalisisperiodistico.com\/wp-content\/uploads\/2025\/11\/IMG-20251123-WA0026-1024x682.jpg",1024,682,true],"covernews-medium":["https:\/\/contextoanalisisperiodistico.com\/wp-content\/uploads\/2025\/11\/IMG-20251123-WA0026-540x340.jpg",540,340,true],"covernews-medium-square":["https:\/\/contextoanalisisperiodistico.com\/wp-content\/uploads\/2025\/11\/IMG-20251123-WA0026-400x250.jpg",400,250,true]},"author_info":{"display_name":"Mario Gir\u00f3n","author_link":"https:\/\/contextoanalisisperiodistico.com\/index.php\/author\/director\/"},"category_info":"<a href=\"https:\/\/contextoanalisisperiodistico.com\/index.php\/category\/politica\/\" rel=\"category tag\">Pol\u00edtica<\/a>","tag_info":"Pol\u00edtica","comment_count":"0","jetpack_featured_media_url":"https:\/\/contextoanalisisperiodistico.com\/wp-content\/uploads\/2025\/11\/IMG-20251123-WA0026.jpg","_links":{"self":[{"href":"https:\/\/contextoanalisisperiodistico.com\/index.php\/wp-json\/wp\/v2\/posts\/48447"}],"collection":[{"href":"https:\/\/contextoanalisisperiodistico.com\/index.php\/wp-json\/wp\/v2\/posts"}],"about":[{"href":"https:\/\/contextoanalisisperiodistico.com\/index.php\/wp-json\/wp\/v2\/types\/post"}],"author":[{"embeddable":true,"href":"https:\/\/contextoanalisisperiodistico.com\/index.php\/wp-json\/wp\/v2\/users\/4"}],"replies":[{"embeddable":true,"href":"https:\/\/contextoanalisisperiodistico.com\/index.php\/wp-json\/wp\/v2\/comments?post=48447"}],"version-history":[{"count":0,"href":"https:\/\/contextoanalisisperiodistico.com\/index.php\/wp-json\/wp\/v2\/posts\/48447\/revisions"}],"wp:featuredmedia":[{"embeddable":true,"href":"https:\/\/contextoanalisisperiodistico.com\/index.php\/wp-json\/wp\/v2\/media\/48441"}],"wp:attachment":[{"href":"https:\/\/contextoanalisisperiodistico.com\/index.php\/wp-json\/wp\/v2\/media?parent=48447"}],"wp:term":[{"taxonomy":"category","embeddable":true,"href":"https:\/\/contextoanalisisperiodistico.com\/index.php\/wp-json\/wp\/v2\/categories?post=48447"},{"taxonomy":"post_tag","embeddable":true,"href":"https:\/\/contextoanalisisperiodistico.com\/index.php\/wp-json\/wp\/v2\/tags?post=48447"}],"curies":[{"name":"wp","href":"https:\/\/api.w.org\/{rel}","templated":true}]}}