{"id":48424,"date":"2025-11-22T18:31:29","date_gmt":"2025-11-23T00:31:29","guid":{"rendered":"https:\/\/contextoanalisisperiodistico.com\/?p=48424"},"modified":"2025-11-22T18:32:16","modified_gmt":"2025-11-23T00:32:16","slug":"continua-la-toma-de-protesta-de-unidades-internas-de-proteccion-civil-en-mercados-municipales","status":"publish","type":"post","link":"https:\/\/contextoanalisisperiodistico.com\/index.php\/2025\/11\/22\/continua-la-toma-de-protesta-de-unidades-internas-de-proteccion-civil-en-mercados-municipales\/","title":{"rendered":"Contin\u00faa la toma de protesta de Unidades Internas de Protecci\u00f3n Civil en mercados municipales"},"content":{"rendered":"<div id=\"fb-root\"><\/div>\n\n<ul class=\"wp-block-list\">\n<li>Refrenda Gobierno Municipal compromiso con la prevenci\u00f3n en mercados capitalinos<\/li>\n<\/ul>\n\n\n\n<figure class=\"wp-block-image size-large\"><img fetchpriority=\"high\" decoding=\"async\" width=\"1024\" height=\"768\" src=\"https:\/\/contextoanalisisperiodistico.com\/wp-content\/uploads\/2025\/11\/img-20251122-wa00121428081275580208562-1024x768.jpg\" alt=\"\" class=\"wp-image-48421\" srcset=\"https:\/\/contextoanalisisperiodistico.com\/wp-content\/uploads\/2025\/11\/img-20251122-wa00121428081275580208562-1024x768.jpg 1024w, https:\/\/contextoanalisisperiodistico.com\/wp-content\/uploads\/2025\/11\/img-20251122-wa00121428081275580208562-300x225.jpg 300w, https:\/\/contextoanalisisperiodistico.com\/wp-content\/uploads\/2025\/11\/img-20251122-wa00121428081275580208562-768x576.jpg 768w, https:\/\/contextoanalisisperiodistico.com\/wp-content\/uploads\/2025\/11\/img-20251122-wa00121428081275580208562-1536x1152.jpg 1536w, https:\/\/contextoanalisisperiodistico.com\/wp-content\/uploads\/2025\/11\/img-20251122-wa00121428081275580208562.jpg 1600w\" sizes=\"(max-width: 1024px) 100vw, 1024px\" \/><\/figure>\n\n\n\n<figure class=\"wp-block-image\"><img decoding=\"async\" width=\"1024\" height=\"768\" src=\"https:\/\/contextoanalisisperiodistico.com\/wp-content\/uploads\/2025\/11\/img-20251122-wa00155911078714062898611-1024x768.jpg\" alt=\"\" class=\"wp-image-48422\" srcset=\"https:\/\/contextoanalisisperiodistico.com\/wp-content\/uploads\/2025\/11\/img-20251122-wa00155911078714062898611-1024x768.jpg 1024w, https:\/\/contextoanalisisperiodistico.com\/wp-content\/uploads\/2025\/11\/img-20251122-wa00155911078714062898611-300x225.jpg 300w, https:\/\/contextoanalisisperiodistico.com\/wp-content\/uploads\/2025\/11\/img-20251122-wa00155911078714062898611-768x576.jpg 768w, https:\/\/contextoanalisisperiodistico.com\/wp-content\/uploads\/2025\/11\/img-20251122-wa00155911078714062898611-1536x1152.jpg 1536w, https:\/\/contextoanalisisperiodistico.com\/wp-content\/uploads\/2025\/11\/img-20251122-wa00155911078714062898611.jpg 1600w\" sizes=\"(max-width: 1024px) 100vw, 1024px\" \/><\/figure>\n\n\n\n<figure class=\"wp-block-image\"><img decoding=\"async\" width=\"1024\" height=\"768\" src=\"https:\/\/contextoanalisisperiodistico.com\/wp-content\/uploads\/2025\/11\/img-20251122-wa00172694125009342038593-1024x768.jpg\" alt=\"\" class=\"wp-image-48423\" srcset=\"https:\/\/contextoanalisisperiodistico.com\/wp-content\/uploads\/2025\/11\/img-20251122-wa00172694125009342038593-1024x768.jpg 1024w, https:\/\/contextoanalisisperiodistico.com\/wp-content\/uploads\/2025\/11\/img-20251122-wa00172694125009342038593-300x225.jpg 300w, https:\/\/contextoanalisisperiodistico.com\/wp-content\/uploads\/2025\/11\/img-20251122-wa00172694125009342038593-768x576.jpg 768w, https:\/\/contextoanalisisperiodistico.com\/wp-content\/uploads\/2025\/11\/img-20251122-wa00172694125009342038593.jpg 1280w\" sizes=\"(max-width: 1024px) 100vw, 1024px\" \/><\/figure>\n\n\n\n<figure class=\"wp-block-image\"><img loading=\"lazy\" decoding=\"async\" width=\"1024\" height=\"768\" src=\"https:\/\/contextoanalisisperiodistico.com\/wp-content\/uploads\/2025\/11\/img-20251122-wa00137597166590292047884-1024x768.jpg\" alt=\"\" class=\"wp-image-48419\" srcset=\"https:\/\/contextoanalisisperiodistico.com\/wp-content\/uploads\/2025\/11\/img-20251122-wa00137597166590292047884-1024x768.jpg 1024w, https:\/\/contextoanalisisperiodistico.com\/wp-content\/uploads\/2025\/11\/img-20251122-wa00137597166590292047884-300x225.jpg 300w, https:\/\/contextoanalisisperiodistico.com\/wp-content\/uploads\/2025\/11\/img-20251122-wa00137597166590292047884-768x576.jpg 768w, https:\/\/contextoanalisisperiodistico.com\/wp-content\/uploads\/2025\/11\/img-20251122-wa00137597166590292047884.jpg 1280w\" sizes=\"(max-width: 1024px) 100vw, 1024px\" \/><\/figure>\n\n\n\n<figure class=\"wp-block-image\"><img loading=\"lazy\" decoding=\"async\" width=\"1024\" height=\"576\" src=\"https:\/\/contextoanalisisperiodistico.com\/wp-content\/uploads\/2025\/11\/img-20251122-wa00143933928944790165129-1024x576.jpg\" alt=\"\" class=\"wp-image-48420\" srcset=\"https:\/\/contextoanalisisperiodistico.com\/wp-content\/uploads\/2025\/11\/img-20251122-wa00143933928944790165129-1024x576.jpg 1024w, https:\/\/contextoanalisisperiodistico.com\/wp-content\/uploads\/2025\/11\/img-20251122-wa00143933928944790165129-300x169.jpg 300w, https:\/\/contextoanalisisperiodistico.com\/wp-content\/uploads\/2025\/11\/img-20251122-wa00143933928944790165129-768x432.jpg 768w, https:\/\/contextoanalisisperiodistico.com\/wp-content\/uploads\/2025\/11\/img-20251122-wa00143933928944790165129.jpg 1280w\" sizes=\"(max-width: 1024px) 100vw, 1024px\" \/><\/figure>\n\n\n\n<p>Oaxaca de Ju\u00e1rez, Oax., 22 de noviembre de 2025. Con el objetivo de fortalecer la cultura de la prevenci\u00f3n y garantizar la seguridad en los centros de abasto de la ciudad, la Direcci\u00f3n de Protecci\u00f3n Civil Municipal, adscrita a la Secretar\u00eda de Gobierno y Territorio de Oaxaca de Ju\u00e1rez, en coordinaci\u00f3n con la Direcci\u00f3n de Mercados, llev\u00f3 a cabo la toma de protesta de nuevas Unidades Internas de Protecci\u00f3n Civil en diversos mercados de la capital.<\/p>\n\n\n\n<p>En esta jornada asumieron su compromiso formal las Unidades Internas de los mercados IV Centenario, La Noria, Mercado de Artesan\u00edas, S\u00e1nchez Pascuas, Paz Migueles, La Merced y Mercado Zonal La Cascada, sumando un total de siete grupos m\u00e1s que se integran a la red municipal de atenci\u00f3n y respuesta ante emergencias. Estas estructuras internas tendr\u00e1n la responsabilidad de implementar acciones preventivas y actuar oportunamente frente a cualquier situaci\u00f3n de riesgo dentro de los espacios que diariamente reciben a miles de personas.<\/p>\n\n\n\n<p>Como parte de las actividades, las y los integrantes participaron en capacitaciones te\u00f3rico-pr\u00e1cticas sobre el uso adecuado de extintores, que incluyeron ejercicios con fuego real, con el fin de dotarlos de conocimientos y habilidades que les permitan reaccionar con eficacia ante un conato de incendio u otra contingencia.<\/p>\n\n\n\n<p>El director de Protecci\u00f3n Civil Municipal, Jos\u00e9 Gerardo Flores Caballero, destac\u00f3 que la conformaci\u00f3n de estas unidades en los mercados representa un avance esencial para proteger la integridad de comerciantes, visitantes y trabajadores, adem\u00e1s de promover una cultura de autoprotecci\u00f3n en los espacios p\u00fablicos.<\/p>\n\n\n\n<p>Asimismo, inform\u00f3 que en los pr\u00f3ximos d\u00edas continuar\u00e1 la toma de protesta en los mercados restantes, con el prop\u00f3sito de que todas las plazas comerciales cuenten con equipos organizados y capacitados para atender emergencias.<\/p>\n\n\n\n<p>El Gobierno Municipal, encabezado por el presidente Ray Chagoya, reafirma su compromiso con la prevenci\u00f3n y la construcci\u00f3n de una ciudad m\u00e1s segura, basada en la coordinaci\u00f3n entre autoridades y ciudadan\u00eda para salvaguardar la vida, el patrimonio y la tranquilidad de las familias oaxaque\u00f1as.<\/p>\n","protected":false},"excerpt":{"rendered":"<p>Oaxaca de Ju\u00e1rez, Oax., 22 de noviembre de 2025. Con el objetivo de fortalecer la&#8230;<\/p>\n","protected":false},"author":4,"featured_media":48418,"comment_status":"closed","ping_status":"open","sticky":false,"template":"","format":"standard","meta":{"footnotes":""},"categories":[9],"tags":[316],"jetpack_sharing_enabled":true,"featured_image_urls":{"full":["https:\/\/contextoanalisisperiodistico.com\/wp-content\/uploads\/2025\/11\/IMG-20251122-WA0016.jpg",1280,960,false],"thumbnail":["https:\/\/contextoanalisisperiodistico.com\/wp-content\/uploads\/2025\/11\/IMG-20251122-WA0016-150x150.jpg",150,150,true],"medium":["https:\/\/contextoanalisisperiodistico.com\/wp-content\/uploads\/2025\/11\/IMG-20251122-WA0016-300x225.jpg",300,225,true],"medium_large":["https:\/\/contextoanalisisperiodistico.com\/wp-content\/uploads\/2025\/11\/IMG-20251122-WA0016-768x576.jpg",640,480,true],"large":["https:\/\/contextoanalisisperiodistico.com\/wp-content\/uploads\/2025\/11\/IMG-20251122-WA0016-1024x768.jpg",640,480,true],"1536x1536":["https:\/\/contextoanalisisperiodistico.com\/wp-content\/uploads\/2025\/11\/IMG-20251122-WA0016.jpg",1280,960,false],"2048x2048":["https:\/\/contextoanalisisperiodistico.com\/wp-content\/uploads\/2025\/11\/IMG-20251122-WA0016.jpg",1280,960,false],"covernews-slider-full":["https:\/\/contextoanalisisperiodistico.com\/wp-content\/uploads\/2025\/11\/IMG-20251122-WA0016-1115x715.jpg",1115,715,true],"covernews-slider-center":["https:\/\/contextoanalisisperiodistico.com\/wp-content\/uploads\/2025\/11\/IMG-20251122-WA0016-800x500.jpg",800,500,true],"covernews-featured":["https:\/\/contextoanalisisperiodistico.com\/wp-content\/uploads\/2025\/11\/IMG-20251122-WA0016-1024x768.jpg",1024,768,true],"covernews-medium":["https:\/\/contextoanalisisperiodistico.com\/wp-content\/uploads\/2025\/11\/IMG-20251122-WA0016-540x340.jpg",540,340,true],"covernews-medium-square":["https:\/\/contextoanalisisperiodistico.com\/wp-content\/uploads\/2025\/11\/IMG-20251122-WA0016-400x250.jpg",400,250,true]},"author_info":{"display_name":"Mario Gir\u00f3n","author_link":"https:\/\/contextoanalisisperiodistico.com\/index.php\/author\/director\/"},"category_info":"<a href=\"https:\/\/contextoanalisisperiodistico.com\/index.php\/category\/politica\/\" rel=\"category tag\">Pol\u00edtica<\/a>","tag_info":"Pol\u00edtica","comment_count":"0","jetpack_featured_media_url":"https:\/\/contextoanalisisperiodistico.com\/wp-content\/uploads\/2025\/11\/IMG-20251122-WA0016.jpg","_links":{"self":[{"href":"https:\/\/contextoanalisisperiodistico.com\/index.php\/wp-json\/wp\/v2\/posts\/48424"}],"collection":[{"href":"https:\/\/contextoanalisisperiodistico.com\/index.php\/wp-json\/wp\/v2\/posts"}],"about":[{"href":"https:\/\/contextoanalisisperiodistico.com\/index.php\/wp-json\/wp\/v2\/types\/post"}],"author":[{"embeddable":true,"href":"https:\/\/contextoanalisisperiodistico.com\/index.php\/wp-json\/wp\/v2\/users\/4"}],"replies":[{"embeddable":true,"href":"https:\/\/contextoanalisisperiodistico.com\/index.php\/wp-json\/wp\/v2\/comments?post=48424"}],"version-history":[{"count":1,"href":"https:\/\/contextoanalisisperiodistico.com\/index.php\/wp-json\/wp\/v2\/posts\/48424\/revisions"}],"predecessor-version":[{"id":48425,"href":"https:\/\/contextoanalisisperiodistico.com\/index.php\/wp-json\/wp\/v2\/posts\/48424\/revisions\/48425"}],"wp:featuredmedia":[{"embeddable":true,"href":"https:\/\/contextoanalisisperiodistico.com\/index.php\/wp-json\/wp\/v2\/media\/48418"}],"wp:attachment":[{"href":"https:\/\/contextoanalisisperiodistico.com\/index.php\/wp-json\/wp\/v2\/media?parent=48424"}],"wp:term":[{"taxonomy":"category","embeddable":true,"href":"https:\/\/contextoanalisisperiodistico.com\/index.php\/wp-json\/wp\/v2\/categories?post=48424"},{"taxonomy":"post_tag","embeddable":true,"href":"https:\/\/contextoanalisisperiodistico.com\/index.php\/wp-json\/wp\/v2\/tags?post=48424"}],"curies":[{"name":"wp","href":"https:\/\/api.w.org\/{rel}","templated":true}]}}