{"id":48417,"date":"2025-11-22T18:25:51","date_gmt":"2025-11-23T00:25:51","guid":{"rendered":"https:\/\/contextoanalisisperiodistico.com\/index.php\/2025\/11\/22\/plan-lazaro-cardenas-transforma-a-las-poblaciones-mas-pobres-de-mexico-presentan-avances-claudia-sheinbaum-y-salomon-jara\/"},"modified":"2025-11-22T19:38:44","modified_gmt":"2025-11-23T01:38:44","slug":"plan-lazaro-cardenas-transforma-a-las-poblaciones-mas-pobres-de-mexico-presentan-avances-claudia-sheinbaum-y-salomon-jara","status":"publish","type":"post","link":"https:\/\/contextoanalisisperiodistico.com\/index.php\/2025\/11\/22\/plan-lazaro-cardenas-transforma-a-las-poblaciones-mas-pobres-de-mexico-presentan-avances-claudia-sheinbaum-y-salomon-jara\/","title":{"rendered":"Con Plan L\u00e1zaro C\u00e1rdenas se transforma a las poblaciones m\u00e1s pobres de M\u00e9xico; Claudia Sheinbaum y Salom\u00f3n Jara presentan avances\u00a0\u00a0"},"content":{"rendered":"<div id=\"fb-root\"><\/div>\n\n<p><\/p>\n\n\n\n<p>\u2022 Con una inversi\u00f3n de 6 mil 212 millones de pesos se han modernizado, reconstruido y conservado 942 kil\u00f3metros en carreteras<br \/>\u2022 El IMSS Bienestar fij\u00f3 10 acciones; 23 m\u00e9dicos especialistas y 99 enfermeras dar\u00e1n servicio en la regi\u00f3n, adem\u00e1s, Conagua, INPI, INAH y Conafor invierten en diversas estrategias<\/p>\n\n\n\n<p>San Pedro y San Pablo Teposcolula, Oax. 22 de noviembre de 2025.- Frente a miles de habitantes de la regi\u00f3n Mixteca, la Presidenta Claudia Sheinbaum Pardo y el Gobernador Salom\u00f3n Jara Cruz presentaron los avances del Plan L\u00e1zaro C\u00e1rdenas; que lleva justicia social, con acciones integrales, a la zona donde se ubican las poblaciones m\u00e1s pobres del pa\u00eds.<\/p>\n\n\n\n<p>En este acto celebrado en San Pedro y San Pablo Teposcolula, el Mandatario oaxaque\u00f1o reconoci\u00f3 este esfuerzo del Gobierno Federal que atiende a los pueblos originarios, tras d\u00e9cadas de olvido, lo que constituye un acto de reparaci\u00f3n hist\u00f3rica.<\/p>\n\n\n\n<p>\u201cLos caminos y obras de infraestructura dejan de ser simples actos materiales y se convierten en grandes actos de dignidad y esperanza. Esa es la esencia del humanismo mexicano: el amor al pueblo y la atenci\u00f3n a los m\u00e1s pobres\u201d, dijo.<\/p>\n\n\n\n<p>Jara Cruz destac\u00f3 que este Plan, implementado por la Presidenta de M\u00e9xico, honra el legado y v\u00ednculo del General L\u00e1zaro C\u00e1rdenas del R\u00edo con los pueblos de la regi\u00f3n del Balsas, ya que da continuidad a sus ideales de justicia social y cercan\u00eda con las comunidades m\u00e1s necesitadas.<\/p>\n\n\n\n<p>Por su parte, Sheinbaum Pardo afirm\u00f3 que, en los \u00faltimos siete a\u00f1os, los gobiernos de la Cuarta Transformaci\u00f3n han trabajado para resarcir 36 a\u00f1os de olvido al pueblo por parte de las administraciones neoliberales del pasado; con acciones en: caminos, salud, campo, educaci\u00f3n, medio ambiente, cultura, vocaci\u00f3n productiva y programas sociales.<\/p>\n\n\n\n<p>En esta tarea para transformar al pa\u00eds, reconoci\u00f3 el apoyo, en Oaxaca, del Gobernador Salom\u00f3n Jara, con quien su gobierno coordina esfuerzos.<\/p>\n\n\n\n<p>\u201cNuestro principio \u2018por el bien de todos, primero los pobres\u2019, eso no va a cambiar. El dinero del pueblo es del pueblo de M\u00e9xico. Nosotros nunca traicionamos lo que somos, tenemos muy claro que somos producto de un movimiento social, que llegamos al gobierno para servir al pueblo\u201d, expres\u00f3.<\/p>\n\n\n\n<p>El Plan L\u00e1zaro C\u00e1rdenas es una realidad en la Mixteca oaxaque\u00f1a, con las siguientes obras y programas ejecutados en este a\u00f1o:<\/p>\n\n\n\n<p>\u2022 Con una inversi\u00f3n de 6 mil 212 millones de pesos se han modernizado, reconstruido y conservado 942 kil\u00f3metros en carreteras, de los cuales, 820 corresponden a 10 tramos en la Mixteca, 60 a dos ejes que conectan con la zona y 62 de caminos artesanales.<br \/>\u2022 El IMSS-Bienestar fij\u00f3 10 acciones, entre ellas: la sustituci\u00f3n del Hospital de Huajuapan de Le\u00f3n para diciembre de 2026, puso en marcha este s\u00e1bado las Brigadas Margarita Maza para prevenir, detectar y diagnosticar c\u00e1ncer de mama; se rescatar\u00e1n los centros de salud de Coicoy\u00e1n de las Flores, Santiago Chazumba y Santiago Amoltepec; para convertirlos en Centros de Salud con Servicios Ampliados (CESSA).<br \/>\u2022 Tambi\u00e9n, fueron contratados 23 m\u00e9dicos especialistas y 99 enfermeras que dan servicio en la regi\u00f3n desde este mes; hoy iniciaron operaci\u00f3n 10 unidades m\u00e9dicas m\u00f3viles con telemedicina; inicia programa de afiliaci\u00f3n al IMSS-Bienestar.<br \/>\u2022 Se crear\u00e1 la Red de Respuesta Materna de Alta Prioridad con 4 ambulancias obst\u00e9tricas nuevas para: Huajuapan de Le\u00f3n, Putla de Guerrero, Villa Tej\u00fapam de la Uni\u00f3n, y Coicoy\u00e1n de las Flores; en los dos primeros municipios se abrir\u00e1n salas de hemodi\u00e1lisis.<br \/>\u2022 Se conformaron 757 comit\u00e9s de vecinos para administrar los recursos de la Cl\u00ednica es Nuestra, se abrir\u00e1n 171 M\u00f3dulos de Atenci\u00f3n al Adolescente Mixteco para atender casos de violencia y de embarazo; actualmente, ya se impermeabilizan 4 hospitales, se entregar\u00e1 la rehabilitaci\u00f3n de 7 quir\u00f3fanos y se sustituir\u00e1n todos los equipos de Rayos X y mesas quir\u00fargicas de la red hospitalaria del IMSS-Bienestar en la regi\u00f3n.<br \/>\u2022 La Comisi\u00f3n Nacional del Agua (Conagua) realiza 36 acciones de agua potable, saneamiento y apoyo al campo con 203 millones de pesos.<br \/>\u2022 La Comisi\u00f3n Nacional Forestal (Conafor) tiene un programa de desarrollo forestal sustentable en el cual invierte anualmente 120 millones de pesos.<br \/>\u2022 El Instituto Nacional de los Pueblos Ind\u00edgenas (INPI) ha implantado el Plan de Justicia para el Pueblo Chocolteco en 19 municipios y 70 comunidades ind\u00edgenas, que beneficia a 19 mil 961 personas; con una inversi\u00f3n superior a 300 millones de pesos.<br \/>\u2022 Adem\u00e1s, se implementar\u00e1 el Plan de Justicia del Pueblo Mixteco, que abarcar\u00e1 87 municipios y 377 comunidades ind\u00edgenas en favor de 196 mil 752 personas.<br \/>\u2022 La Financiera del Bienestar ha otorgado 3 mil 800 cr\u00e9ditos.<br \/>\u2022 Son atendidas 2 mil 875 instituciones escolares mediante La Escuela es Nuestra.<br \/>\u2022 Al programa Sembrando Vida se han integrado 1 mil 156 personas de la Mixteca, quienes a partir de este mes recibir\u00e1n un apoyo econ\u00f3mico de 6 mil 450 pesos para el establecimiento de sistemas agroforestales.<br \/>\u2022 El Instituto Nacional de Antropolog\u00eda e Historia (INAH) invierte 18 millones de pesos para la creaci\u00f3n de la escuela de conservaci\u00f3n y restauraci\u00f3n del patrimonio cultural, en su primera etapa, en San Pedro y San Pablo Teposcolula.<\/p>\n\n\n\n<p>-0-<\/p>\n\n\n\n<figure class=\"wp-block-image size-large\"><img fetchpriority=\"high\" decoding=\"async\" width=\"1024\" height=\"682\" src=\"https:\/\/contextoanalisisperiodistico.com\/wp-content\/uploads\/2025\/11\/img-20251122-wa00527567551316880723883-1024x682.jpg\" alt=\"\" class=\"wp-image-48414\" srcset=\"https:\/\/contextoanalisisperiodistico.com\/wp-content\/uploads\/2025\/11\/img-20251122-wa00527567551316880723883-1024x682.jpg 1024w, https:\/\/contextoanalisisperiodistico.com\/wp-content\/uploads\/2025\/11\/img-20251122-wa00527567551316880723883-300x200.jpg 300w, https:\/\/contextoanalisisperiodistico.com\/wp-content\/uploads\/2025\/11\/img-20251122-wa00527567551316880723883-768x512.jpg 768w, https:\/\/contextoanalisisperiodistico.com\/wp-content\/uploads\/2025\/11\/img-20251122-wa00527567551316880723883.jpg 1280w\" sizes=\"(max-width: 1024px) 100vw, 1024px\" \/><\/figure>\n\n\n\n<figure class=\"wp-block-image\"><img decoding=\"async\" width=\"1024\" height=\"683\" src=\"https:\/\/contextoanalisisperiodistico.com\/wp-content\/uploads\/2025\/11\/img-20251122-wa00512185751705249516158-1024x683.jpg\" alt=\"\" class=\"wp-image-48412\" srcset=\"https:\/\/contextoanalisisperiodistico.com\/wp-content\/uploads\/2025\/11\/img-20251122-wa00512185751705249516158-1024x683.jpg 1024w, https:\/\/contextoanalisisperiodistico.com\/wp-content\/uploads\/2025\/11\/img-20251122-wa00512185751705249516158-300x200.jpg 300w, https:\/\/contextoanalisisperiodistico.com\/wp-content\/uploads\/2025\/11\/img-20251122-wa00512185751705249516158-768x512.jpg 768w, https:\/\/contextoanalisisperiodistico.com\/wp-content\/uploads\/2025\/11\/img-20251122-wa00512185751705249516158.jpg 1158w\" sizes=\"(max-width: 1024px) 100vw, 1024px\" \/><\/figure>\n\n\n\n<figure class=\"wp-block-image\"><img decoding=\"async\" width=\"1024\" height=\"682\" src=\"https:\/\/contextoanalisisperiodistico.com\/wp-content\/uploads\/2025\/11\/img-20251122-wa00466126404719901726410-1024x682.jpg\" alt=\"\" class=\"wp-image-48413\" srcset=\"https:\/\/contextoanalisisperiodistico.com\/wp-content\/uploads\/2025\/11\/img-20251122-wa00466126404719901726410-1024x682.jpg 1024w, https:\/\/contextoanalisisperiodistico.com\/wp-content\/uploads\/2025\/11\/img-20251122-wa00466126404719901726410-300x200.jpg 300w, https:\/\/contextoanalisisperiodistico.com\/wp-content\/uploads\/2025\/11\/img-20251122-wa00466126404719901726410-768x512.jpg 768w, https:\/\/contextoanalisisperiodistico.com\/wp-content\/uploads\/2025\/11\/img-20251122-wa00466126404719901726410.jpg 1280w\" sizes=\"(max-width: 1024px) 100vw, 1024px\" \/><\/figure>\n\n\n\n<figure class=\"wp-block-image\"><img loading=\"lazy\" decoding=\"async\" width=\"300\" height=\"200\" src=\"https:\/\/contextoanalisisperiodistico.com\/wp-content\/uploads\/2025\/11\/img-20251122-wa00457807048540073756386-300x200.jpg\" alt=\"\" class=\"wp-image-48411\" srcset=\"https:\/\/contextoanalisisperiodistico.com\/wp-content\/uploads\/2025\/11\/img-20251122-wa00457807048540073756386-300x200.jpg 300w, https:\/\/contextoanalisisperiodistico.com\/wp-content\/uploads\/2025\/11\/img-20251122-wa00457807048540073756386-768x511.jpg 768w, https:\/\/contextoanalisisperiodistico.com\/wp-content\/uploads\/2025\/11\/img-20251122-wa00457807048540073756386.jpg 964w\" sizes=\"(max-width: 300px) 100vw, 300px\" \/><\/figure>\n\n\n\n<figure class=\"wp-block-image\"><img loading=\"lazy\" decoding=\"async\" width=\"1024\" height=\"682\" src=\"https:\/\/contextoanalisisperiodistico.com\/wp-content\/uploads\/2025\/11\/img-20251122-wa00485112014083610895270-1024x682.jpg\" alt=\"\" class=\"wp-image-48415\" srcset=\"https:\/\/contextoanalisisperiodistico.com\/wp-content\/uploads\/2025\/11\/img-20251122-wa00485112014083610895270-1024x682.jpg 1024w, https:\/\/contextoanalisisperiodistico.com\/wp-content\/uploads\/2025\/11\/img-20251122-wa00485112014083610895270-300x200.jpg 300w, https:\/\/contextoanalisisperiodistico.com\/wp-content\/uploads\/2025\/11\/img-20251122-wa00485112014083610895270-768x512.jpg 768w, https:\/\/contextoanalisisperiodistico.com\/wp-content\/uploads\/2025\/11\/img-20251122-wa00485112014083610895270.jpg 1280w\" sizes=\"(max-width: 1024px) 100vw, 1024px\" \/><\/figure>\n\n\n\n<figure class=\"wp-block-image\"><img loading=\"lazy\" decoding=\"async\" width=\"1024\" height=\"683\" src=\"https:\/\/contextoanalisisperiodistico.com\/wp-content\/uploads\/2025\/11\/img-20251122-wa00497165871681379564951-1024x683.jpg\" alt=\"\" class=\"wp-image-48416\" srcset=\"https:\/\/contextoanalisisperiodistico.com\/wp-content\/uploads\/2025\/11\/img-20251122-wa00497165871681379564951-1024x683.jpg 1024w, https:\/\/contextoanalisisperiodistico.com\/wp-content\/uploads\/2025\/11\/img-20251122-wa00497165871681379564951-300x200.jpg 300w, https:\/\/contextoanalisisperiodistico.com\/wp-content\/uploads\/2025\/11\/img-20251122-wa00497165871681379564951-768x512.jpg 768w, https:\/\/contextoanalisisperiodistico.com\/wp-content\/uploads\/2025\/11\/img-20251122-wa00497165871681379564951.jpg 1242w\" sizes=\"(max-width: 1024px) 100vw, 1024px\" \/><\/figure>\n","protected":false},"excerpt":{"rendered":"<p>\u2022 Con una inversi\u00f3n de 6 mil 212 millones de pesos se han modernizado, reconstruido&#8230;<\/p>\n","protected":false},"author":4,"featured_media":48410,"comment_status":"closed","ping_status":"open","sticky":false,"template":"","format":"standard","meta":{"footnotes":""},"categories":[9],"tags":[316],"jetpack_sharing_enabled":true,"featured_image_urls":{"full":["https:\/\/contextoanalisisperiodistico.com\/wp-content\/uploads\/2025\/11\/IMG-20251122-WA0053.jpg",1174,782,false],"thumbnail":["https:\/\/contextoanalisisperiodistico.com\/wp-content\/uploads\/2025\/11\/IMG-20251122-WA0053-150x150.jpg",150,150,true],"medium":["https:\/\/contextoanalisisperiodistico.com\/wp-content\/uploads\/2025\/11\/IMG-20251122-WA0053-300x200.jpg",300,200,true],"medium_large":["https:\/\/contextoanalisisperiodistico.com\/wp-content\/uploads\/2025\/11\/IMG-20251122-WA0053-768x512.jpg",640,427,true],"large":["https:\/\/contextoanalisisperiodistico.com\/wp-content\/uploads\/2025\/11\/IMG-20251122-WA0053-1024x682.jpg",640,426,true],"1536x1536":["https:\/\/contextoanalisisperiodistico.com\/wp-content\/uploads\/2025\/11\/IMG-20251122-WA0053.jpg",1174,782,false],"2048x2048":["https:\/\/contextoanalisisperiodistico.com\/wp-content\/uploads\/2025\/11\/IMG-20251122-WA0053.jpg",1174,782,false],"covernews-slider-full":["https:\/\/contextoanalisisperiodistico.com\/wp-content\/uploads\/2025\/11\/IMG-20251122-WA0053-1115x715.jpg",1115,715,true],"covernews-slider-center":["https:\/\/contextoanalisisperiodistico.com\/wp-content\/uploads\/2025\/11\/IMG-20251122-WA0053-800x500.jpg",800,500,true],"covernews-featured":["https:\/\/contextoanalisisperiodistico.com\/wp-content\/uploads\/2025\/11\/IMG-20251122-WA0053-1024x682.jpg",1024,682,true],"covernews-medium":["https:\/\/contextoanalisisperiodistico.com\/wp-content\/uploads\/2025\/11\/IMG-20251122-WA0053-540x340.jpg",540,340,true],"covernews-medium-square":["https:\/\/contextoanalisisperiodistico.com\/wp-content\/uploads\/2025\/11\/IMG-20251122-WA0053-400x250.jpg",400,250,true]},"author_info":{"display_name":"Mario Gir\u00f3n","author_link":"https:\/\/contextoanalisisperiodistico.com\/index.php\/author\/director\/"},"category_info":"<a href=\"https:\/\/contextoanalisisperiodistico.com\/index.php\/category\/politica\/\" rel=\"category tag\">Pol\u00edtica<\/a>","tag_info":"Pol\u00edtica","comment_count":"0","jetpack_featured_media_url":"https:\/\/contextoanalisisperiodistico.com\/wp-content\/uploads\/2025\/11\/IMG-20251122-WA0053.jpg","_links":{"self":[{"href":"https:\/\/contextoanalisisperiodistico.com\/index.php\/wp-json\/wp\/v2\/posts\/48417"}],"collection":[{"href":"https:\/\/contextoanalisisperiodistico.com\/index.php\/wp-json\/wp\/v2\/posts"}],"about":[{"href":"https:\/\/contextoanalisisperiodistico.com\/index.php\/wp-json\/wp\/v2\/types\/post"}],"author":[{"embeddable":true,"href":"https:\/\/contextoanalisisperiodistico.com\/index.php\/wp-json\/wp\/v2\/users\/4"}],"replies":[{"embeddable":true,"href":"https:\/\/contextoanalisisperiodistico.com\/index.php\/wp-json\/wp\/v2\/comments?post=48417"}],"version-history":[{"count":1,"href":"https:\/\/contextoanalisisperiodistico.com\/index.php\/wp-json\/wp\/v2\/posts\/48417\/revisions"}],"predecessor-version":[{"id":48426,"href":"https:\/\/contextoanalisisperiodistico.com\/index.php\/wp-json\/wp\/v2\/posts\/48417\/revisions\/48426"}],"wp:featuredmedia":[{"embeddable":true,"href":"https:\/\/contextoanalisisperiodistico.com\/index.php\/wp-json\/wp\/v2\/media\/48410"}],"wp:attachment":[{"href":"https:\/\/contextoanalisisperiodistico.com\/index.php\/wp-json\/wp\/v2\/media?parent=48417"}],"wp:term":[{"taxonomy":"category","embeddable":true,"href":"https:\/\/contextoanalisisperiodistico.com\/index.php\/wp-json\/wp\/v2\/categories?post=48417"},{"taxonomy":"post_tag","embeddable":true,"href":"https:\/\/contextoanalisisperiodistico.com\/index.php\/wp-json\/wp\/v2\/tags?post=48417"}],"curies":[{"name":"wp","href":"https:\/\/api.w.org\/{rel}","templated":true}]}}