{"id":48337,"date":"2025-11-19T19:31:04","date_gmt":"2025-11-20T01:31:04","guid":{"rendered":"https:\/\/contextoanalisisperiodistico.com\/index.php\/2025\/11\/19\/exhorta-sso-a-prevenir-la-enfermedad-pulmonar-obstructiva-cronica\/"},"modified":"2025-11-19T19:31:04","modified_gmt":"2025-11-20T01:31:04","slug":"exhorta-sso-a-prevenir-la-enfermedad-pulmonar-obstructiva-cronica","status":"publish","type":"post","link":"https:\/\/contextoanalisisperiodistico.com\/index.php\/2025\/11\/19\/exhorta-sso-a-prevenir-la-enfermedad-pulmonar-obstructiva-cronica\/","title":{"rendered":"Exhorta SSO a prevenir la Enfermedad Pulmonar Obstructiva Cr\u00f3nica"},"content":{"rendered":"<div id=\"fb-root\"><\/div>\n\n<p>\u2022 Ante se\u00f1ales como fatiga persistente, depresi\u00f3n o ansiedad, tos con o sin flemas y sensaci\u00f3n de opresi\u00f3n en el pecho, es indispensable la valoraci\u00f3n m\u00e9dica<\/p>\n\n\n\n<figure class=\"wp-block-image size-large\"><img fetchpriority=\"high\" decoding=\"async\" width=\"800\" height=\"800\" src=\"https:\/\/contextoanalisisperiodistico.com\/wp-content\/uploads\/2025\/11\/img-20251119-wa0096797234539789204656.jpg\" alt=\"\" class=\"wp-image-48336\" srcset=\"https:\/\/contextoanalisisperiodistico.com\/wp-content\/uploads\/2025\/11\/img-20251119-wa0096797234539789204656.jpg 800w, https:\/\/contextoanalisisperiodistico.com\/wp-content\/uploads\/2025\/11\/img-20251119-wa0096797234539789204656-300x300.jpg 300w, https:\/\/contextoanalisisperiodistico.com\/wp-content\/uploads\/2025\/11\/img-20251119-wa0096797234539789204656-150x150.jpg 150w, https:\/\/contextoanalisisperiodistico.com\/wp-content\/uploads\/2025\/11\/img-20251119-wa0096797234539789204656-768x768.jpg 768w\" sizes=\"(max-width: 800px) 100vw, 800px\" \/><\/figure>\n\n\n\n<p>Oaxaca de Ju\u00e1rez, Oax. 19 de noviembre de 2025.- En el marco del D\u00eda Mundial de la Enfermedad Pulmonar Obstructiva Cr\u00f3nica (EPOC), que se conmemora cada tercer mi\u00e9rcoles de noviembre, Servicios de Salud de Oaxaca (SSO) llama a la poblaci\u00f3n a identificar oportunamente los s\u00edntomas de este padecimiento y acudir a una valoraci\u00f3n m\u00e9dica.<\/p>\n\n\n\n<p>La dependencia enfatiza que, ante se\u00f1ales como fatiga persistente, depresi\u00f3n o ansiedad, tos con o sin flemas y sensaci\u00f3n de opresi\u00f3n en el pecho; es indispensable realizarse una espirometr\u00eda, estudio que permite detectar de manera temprana este padecimiento.<\/p>\n\n\n\n<p>La EPOC se caracteriza por la inflamaci\u00f3n cr\u00f3nica de los pulmones, lo que dificulta la respiraci\u00f3n. Por ello, SSO exhorta a la poblaci\u00f3n evitar la exposici\u00f3n a factores de riesgo como el tabaquismo, la contaminaci\u00f3n ambiental, el polvo y sustancias qu\u00edmicas en espacios laborales.<\/p>\n\n\n\n<p>Si bien este padecimiento no tiene cura, existen tratamientos que ayudan a aliviar los s\u00edntomas y frenar su progresi\u00f3n. En Oaxaca, 572 espirometr\u00edas se han realizado en lo que va del a\u00f1o, confirm\u00e1ndose 180 diagn\u00f3sticos a EPOC, cuyos pacientes ya fueron canalizados para recibir atenci\u00f3n especializada.<\/p>\n\n\n\n<p>De acuerdo con el Instituto Nacional de Estad\u00edstica y Geograf\u00eda (INEGI), durante 2024 fallecieron 19 mil 136 personas por EPOC en M\u00e9xico; 48.4 por ciento mujeres y 51.6 por ciento hombres; cifras que reflejan la relevancia de fortalecer las acciones de prevenci\u00f3n.<\/p>\n\n\n\n<p>SSO recomienda a la ciudadan\u00eda vacunarse contra infecciones respiratorias como influenza y neumococo, as\u00ed como mantener actividad f\u00edsica regular para mejorar su calidad de vida y reducir complicaciones.<\/p>\n\n\n\n<p>-0-<\/p>\n","protected":false},"excerpt":{"rendered":"<p>\u2022 Ante se\u00f1ales como fatiga persistente, depresi\u00f3n o ansiedad, tos con o sin flemas y&#8230;<\/p>\n","protected":false},"author":4,"featured_media":48335,"comment_status":"","ping_status":"open","sticky":false,"template":"","format":"standard","meta":{"footnotes":""},"categories":[92],"tags":[316,303],"jetpack_sharing_enabled":true,"featured_image_urls":{"full":["https:\/\/contextoanalisisperiodistico.com\/wp-content\/uploads\/2025\/11\/IMG-20251119-WA0095.jpg",1600,900,false],"thumbnail":["https:\/\/contextoanalisisperiodistico.com\/wp-content\/uploads\/2025\/11\/IMG-20251119-WA0095-150x150.jpg",150,150,true],"medium":["https:\/\/contextoanalisisperiodistico.com\/wp-content\/uploads\/2025\/11\/IMG-20251119-WA0095-300x169.jpg",300,169,true],"medium_large":["https:\/\/contextoanalisisperiodistico.com\/wp-content\/uploads\/2025\/11\/IMG-20251119-WA0095-768x432.jpg",640,360,true],"large":["https:\/\/contextoanalisisperiodistico.com\/wp-content\/uploads\/2025\/11\/IMG-20251119-WA0095-1024x576.jpg",640,360,true],"1536x1536":["https:\/\/contextoanalisisperiodistico.com\/wp-content\/uploads\/2025\/11\/IMG-20251119-WA0095-1536x864.jpg",1536,864,true],"2048x2048":["https:\/\/contextoanalisisperiodistico.com\/wp-content\/uploads\/2025\/11\/IMG-20251119-WA0095.jpg",1600,900,false],"covernews-slider-full":["https:\/\/contextoanalisisperiodistico.com\/wp-content\/uploads\/2025\/11\/IMG-20251119-WA0095-1115x715.jpg",1115,715,true],"covernews-slider-center":["https:\/\/contextoanalisisperiodistico.com\/wp-content\/uploads\/2025\/11\/IMG-20251119-WA0095-800x500.jpg",800,500,true],"covernews-featured":["https:\/\/contextoanalisisperiodistico.com\/wp-content\/uploads\/2025\/11\/IMG-20251119-WA0095-1024x576.jpg",1024,576,true],"covernews-medium":["https:\/\/contextoanalisisperiodistico.com\/wp-content\/uploads\/2025\/11\/IMG-20251119-WA0095-540x340.jpg",540,340,true],"covernews-medium-square":["https:\/\/contextoanalisisperiodistico.com\/wp-content\/uploads\/2025\/11\/IMG-20251119-WA0095-400x250.jpg",400,250,true]},"author_info":{"display_name":"Mario Gir\u00f3n","author_link":"https:\/\/contextoanalisisperiodistico.com\/index.php\/author\/director\/"},"category_info":"<a href=\"https:\/\/contextoanalisisperiodistico.com\/index.php\/category\/salud\/\" rel=\"category tag\">Salud<\/a>","tag_info":"Salud","comment_count":"0","jetpack_featured_media_url":"https:\/\/contextoanalisisperiodistico.com\/wp-content\/uploads\/2025\/11\/IMG-20251119-WA0095.jpg","_links":{"self":[{"href":"https:\/\/contextoanalisisperiodistico.com\/index.php\/wp-json\/wp\/v2\/posts\/48337"}],"collection":[{"href":"https:\/\/contextoanalisisperiodistico.com\/index.php\/wp-json\/wp\/v2\/posts"}],"about":[{"href":"https:\/\/contextoanalisisperiodistico.com\/index.php\/wp-json\/wp\/v2\/types\/post"}],"author":[{"embeddable":true,"href":"https:\/\/contextoanalisisperiodistico.com\/index.php\/wp-json\/wp\/v2\/users\/4"}],"replies":[{"embeddable":true,"href":"https:\/\/contextoanalisisperiodistico.com\/index.php\/wp-json\/wp\/v2\/comments?post=48337"}],"version-history":[{"count":0,"href":"https:\/\/contextoanalisisperiodistico.com\/index.php\/wp-json\/wp\/v2\/posts\/48337\/revisions"}],"wp:featuredmedia":[{"embeddable":true,"href":"https:\/\/contextoanalisisperiodistico.com\/index.php\/wp-json\/wp\/v2\/media\/48335"}],"wp:attachment":[{"href":"https:\/\/contextoanalisisperiodistico.com\/index.php\/wp-json\/wp\/v2\/media?parent=48337"}],"wp:term":[{"taxonomy":"category","embeddable":true,"href":"https:\/\/contextoanalisisperiodistico.com\/index.php\/wp-json\/wp\/v2\/categories?post=48337"},{"taxonomy":"post_tag","embeddable":true,"href":"https:\/\/contextoanalisisperiodistico.com\/index.php\/wp-json\/wp\/v2\/tags?post=48337"}],"curies":[{"name":"wp","href":"https:\/\/api.w.org\/{rel}","templated":true}]}}