{"id":48333,"date":"2025-11-19T15:02:55","date_gmt":"2025-11-19T21:02:55","guid":{"rendered":"https:\/\/contextoanalisisperiodistico.com\/index.php\/2025\/11\/19\/aporta-coordinacion-de-comunicacion-social-cobijas-a-la-colecta-abrigando-corazones-2025\/"},"modified":"2025-11-19T15:07:21","modified_gmt":"2025-11-19T21:07:21","slug":"aporta-coordinacion-de-comunicacion-social-cobijas-a-la-colecta-abrigando-corazones-2025","status":"publish","type":"post","link":"https:\/\/contextoanalisisperiodistico.com\/index.php\/2025\/11\/19\/aporta-coordinacion-de-comunicacion-social-cobijas-a-la-colecta-abrigando-corazones-2025\/","title":{"rendered":"Aporta Coordinaci\u00f3n de Comunicaci\u00f3n Social cobijas a la colecta Abrigando Corazones 2025"},"content":{"rendered":"<div id=\"fb-root\"><\/div>\n\n<p>\u2022 Ante la convocatoria del Sistema DIF, la Secretar\u00eda de Honestidad, Transparencia y Funci\u00f3n P\u00fablica tambi\u00e9n entreg\u00f3 su apoyo dirigido a grupos prioritarios para la temporada invernal<\/p>\n\n\n\n<p>Oaxaca de Ju\u00e1rez, Oax. 19 de noviembre de 2025.- La Coordinaci\u00f3n de Comunicaci\u00f3n Social del Gobierno del Estado y la Secretar\u00eda de Honestidad, Transparencia y Funci\u00f3n P\u00fablica se sumaron a la colecta Abrigando Corazones 2025, que realiza el Sistema para el Desarrollo Integral de la Familia (DIF) Oaxaca, para respaldar con cobijas a los grupos prioritarios.<\/p>\n\n\n\n<p>En respuesta a la convocatoria que realiza la Presidenta Honoraria de este organismos estatal, Irma Bola\u00f1os Quijano; la coordinadora de Comunicaci\u00f3n Social Elizabeth \u00c1lvarez Acosta expuso que la premisa \u201cque nadie se queda atr\u00e1s y nadie se queda afuera\u201d es una realidad en la Primavera Oaxaque\u00f1a, la cual lleva a cabo d\u00eda con d\u00eda esta instancia.<\/p>\n\n\n\n<p>Acompa\u00f1ada por el personal de esta dependencia estatal, reconoci\u00f3 la labor que el DIF Oaxaca realiza para abrigar, no solo de manera f\u00edsica a las ni\u00f1as, ni\u00f1os y personas mayores de las comunidades oaxaque\u00f1as con presencia de bajas temperaturas durante la temporada invernal, sino tambi\u00e9n sus corazones con esta calidez solidaria.<\/p>\n\n\n\n<p>En tanto, la titular de la Secretar\u00eda de Honestidad, Leticia Reyes L\u00f3pez destac\u00f3 la labor humana y sensible de esta instituci\u00f3n que atiende el desarrollo integral de las familias, para hacer llegar estos beneficios a todos los rincones de la entidad, en especial a las regiones con mayor altura, en las cuales el fr\u00edo es m\u00e1s intenso.<\/p>\n\n\n\n<p>La directora general del organismo, Maribel Salinas Velasco agradeci\u00f3 estas aportaciones que llegar\u00e1n a las poblaciones alejadas, sin intermediarios, directamente a las manos de quienes m\u00e1s lo necesitan.<\/p>\n\n\n\n<p>Las funcionarias invitaron a la poblaci\u00f3n a participar en esta campa\u00f1a de recolecci\u00f3n de cobijas, con vigencia al 15 de diciembre.<\/p>\n\n\n\n<p>-0-<\/p>\n","protected":false},"excerpt":{"rendered":"<p>\u2022 Ante la convocatoria del Sistema DIF, la Secretar\u00eda de Honestidad, Transparencia y Funci\u00f3n P\u00fablica&#8230;<\/p>\n","protected":false},"author":4,"featured_media":48332,"comment_status":"closed","ping_status":"open","sticky":false,"template":"","format":"standard","meta":{"footnotes":""},"categories":[9],"tags":[316,303],"jetpack_sharing_enabled":true,"featured_image_urls":{"full":["https:\/\/contextoanalisisperiodistico.com\/wp-content\/uploads\/2025\/11\/IMG-20251119-WA0066.jpg",900,599,false],"thumbnail":["https:\/\/contextoanalisisperiodistico.com\/wp-content\/uploads\/2025\/11\/IMG-20251119-WA0066-150x150.jpg",150,150,true],"medium":["https:\/\/contextoanalisisperiodistico.com\/wp-content\/uploads\/2025\/11\/IMG-20251119-WA0066-300x200.jpg",300,200,true],"medium_large":["https:\/\/contextoanalisisperiodistico.com\/wp-content\/uploads\/2025\/11\/IMG-20251119-WA0066-768x511.jpg",640,426,true],"large":["https:\/\/contextoanalisisperiodistico.com\/wp-content\/uploads\/2025\/11\/IMG-20251119-WA0066.jpg",640,426,false],"1536x1536":["https:\/\/contextoanalisisperiodistico.com\/wp-content\/uploads\/2025\/11\/IMG-20251119-WA0066.jpg",900,599,false],"2048x2048":["https:\/\/contextoanalisisperiodistico.com\/wp-content\/uploads\/2025\/11\/IMG-20251119-WA0066.jpg",900,599,false],"covernews-slider-full":["https:\/\/contextoanalisisperiodistico.com\/wp-content\/uploads\/2025\/11\/IMG-20251119-WA0066.jpg",900,599,false],"covernews-slider-center":["https:\/\/contextoanalisisperiodistico.com\/wp-content\/uploads\/2025\/11\/IMG-20251119-WA0066-800x500.jpg",800,500,true],"covernews-featured":["https:\/\/contextoanalisisperiodistico.com\/wp-content\/uploads\/2025\/11\/IMG-20251119-WA0066.jpg",900,599,false],"covernews-medium":["https:\/\/contextoanalisisperiodistico.com\/wp-content\/uploads\/2025\/11\/IMG-20251119-WA0066-540x340.jpg",540,340,true],"covernews-medium-square":["https:\/\/contextoanalisisperiodistico.com\/wp-content\/uploads\/2025\/11\/IMG-20251119-WA0066-400x250.jpg",400,250,true]},"author_info":{"display_name":"Mario Gir\u00f3n","author_link":"https:\/\/contextoanalisisperiodistico.com\/index.php\/author\/director\/"},"category_info":"<a href=\"https:\/\/contextoanalisisperiodistico.com\/index.php\/category\/politica\/\" rel=\"category tag\">Pol\u00edtica<\/a>","tag_info":"Pol\u00edtica","comment_count":"0","jetpack_featured_media_url":"https:\/\/contextoanalisisperiodistico.com\/wp-content\/uploads\/2025\/11\/IMG-20251119-WA0066.jpg","_links":{"self":[{"href":"https:\/\/contextoanalisisperiodistico.com\/index.php\/wp-json\/wp\/v2\/posts\/48333"}],"collection":[{"href":"https:\/\/contextoanalisisperiodistico.com\/index.php\/wp-json\/wp\/v2\/posts"}],"about":[{"href":"https:\/\/contextoanalisisperiodistico.com\/index.php\/wp-json\/wp\/v2\/types\/post"}],"author":[{"embeddable":true,"href":"https:\/\/contextoanalisisperiodistico.com\/index.php\/wp-json\/wp\/v2\/users\/4"}],"replies":[{"embeddable":true,"href":"https:\/\/contextoanalisisperiodistico.com\/index.php\/wp-json\/wp\/v2\/comments?post=48333"}],"version-history":[{"count":1,"href":"https:\/\/contextoanalisisperiodistico.com\/index.php\/wp-json\/wp\/v2\/posts\/48333\/revisions"}],"predecessor-version":[{"id":48334,"href":"https:\/\/contextoanalisisperiodistico.com\/index.php\/wp-json\/wp\/v2\/posts\/48333\/revisions\/48334"}],"wp:featuredmedia":[{"embeddable":true,"href":"https:\/\/contextoanalisisperiodistico.com\/index.php\/wp-json\/wp\/v2\/media\/48332"}],"wp:attachment":[{"href":"https:\/\/contextoanalisisperiodistico.com\/index.php\/wp-json\/wp\/v2\/media?parent=48333"}],"wp:term":[{"taxonomy":"category","embeddable":true,"href":"https:\/\/contextoanalisisperiodistico.com\/index.php\/wp-json\/wp\/v2\/categories?post=48333"},{"taxonomy":"post_tag","embeddable":true,"href":"https:\/\/contextoanalisisperiodistico.com\/index.php\/wp-json\/wp\/v2\/tags?post=48333"}],"curies":[{"name":"wp","href":"https:\/\/api.w.org\/{rel}","templated":true}]}}