{"id":48323,"date":"2025-11-19T10:34:53","date_gmt":"2025-11-19T16:34:53","guid":{"rendered":"https:\/\/contextoanalisisperiodistico.com\/index.php\/2025\/11\/19\/pavimenta-sic-avenida-rio-salado-en-santa-cruz-amilpas-con-concreto-hidraulico\/"},"modified":"2025-11-19T10:34:53","modified_gmt":"2025-11-19T16:34:53","slug":"pavimenta-sic-avenida-rio-salado-en-santa-cruz-amilpas-con-concreto-hidraulico","status":"publish","type":"post","link":"https:\/\/contextoanalisisperiodistico.com\/index.php\/2025\/11\/19\/pavimenta-sic-avenida-rio-salado-en-santa-cruz-amilpas-con-concreto-hidraulico\/","title":{"rendered":"Pavimenta SIC avenida R\u00edo Salado en Santa Cruz Amilpas con concreto hidr\u00e1ulico"},"content":{"rendered":"<div id=\"fb-root\"><\/div>\n\n<p>\u2022 La obra contempla 2 mil 291 metros cuadrados, a la par, se edifican 614 metros lineales de guarniciones<\/p>\n\n\n\n<p>Oaxaca de Ju\u00e1rez, Oax. 19 de noviembre de 2025.- Con una inversi\u00f3n de 4 millones 500 mil pesos, el Gobierno del Estado construye 2 mil 291.2 metros cuadrados de pavimento hidr\u00e1ulico en la avenida R\u00edo Salado, del municipio Santa Cruz Amilpas.<\/p>\n\n\n\n<p>El titular de la Secretar\u00eda de Infraestructuras y Comunicaciones (SIC), Carlos Vichido Hern\u00e1ndez indic\u00f3 que tambi\u00e9n se edifican 614.69 metros lineales de guarniciones y, cuando se finalice la obra, se colocar\u00e1n se\u00f1alamientos verticales, as\u00ed como pintura se\u00f1al\u00e9tica en la v\u00eda.<\/p>\n\n\n\n<p>Estas acciones de la Primavera Oaxaque\u00f1a fortalecen la infraestructura urbana y el desarrollo sostenible de los municipios, llevando bienestar a las familias de la regi\u00f3n Valles Centrales.<\/p>\n\n\n\n<p>-0-<\/p>\n","protected":false},"excerpt":{"rendered":"<p>\u2022 La obra contempla 2 mil 291 metros cuadrados, a la par, se edifican 614&#8230;<\/p>\n","protected":false},"author":4,"featured_media":48322,"comment_status":"","ping_status":"open","sticky":false,"template":"","format":"standard","meta":{"footnotes":""},"categories":[9],"tags":[316,303],"jetpack_sharing_enabled":true,"featured_image_urls":{"full":["https:\/\/contextoanalisisperiodistico.com\/wp-content\/uploads\/2025\/11\/IMG-20251119-WA0023.jpg",800,563,false],"thumbnail":["https:\/\/contextoanalisisperiodistico.com\/wp-content\/uploads\/2025\/11\/IMG-20251119-WA0023-150x150.jpg",150,150,true],"medium":["https:\/\/contextoanalisisperiodistico.com\/wp-content\/uploads\/2025\/11\/IMG-20251119-WA0023-300x211.jpg",300,211,true],"medium_large":["https:\/\/contextoanalisisperiodistico.com\/wp-content\/uploads\/2025\/11\/IMG-20251119-WA0023-768x540.jpg",640,450,true],"large":["https:\/\/contextoanalisisperiodistico.com\/wp-content\/uploads\/2025\/11\/IMG-20251119-WA0023.jpg",640,450,false],"1536x1536":["https:\/\/contextoanalisisperiodistico.com\/wp-content\/uploads\/2025\/11\/IMG-20251119-WA0023.jpg",800,563,false],"2048x2048":["https:\/\/contextoanalisisperiodistico.com\/wp-content\/uploads\/2025\/11\/IMG-20251119-WA0023.jpg",800,563,false],"covernews-slider-full":["https:\/\/contextoanalisisperiodistico.com\/wp-content\/uploads\/2025\/11\/IMG-20251119-WA0023.jpg",800,563,false],"covernews-slider-center":["https:\/\/contextoanalisisperiodistico.com\/wp-content\/uploads\/2025\/11\/IMG-20251119-WA0023-800x500.jpg",800,500,true],"covernews-featured":["https:\/\/contextoanalisisperiodistico.com\/wp-content\/uploads\/2025\/11\/IMG-20251119-WA0023.jpg",800,563,false],"covernews-medium":["https:\/\/contextoanalisisperiodistico.com\/wp-content\/uploads\/2025\/11\/IMG-20251119-WA0023-540x340.jpg",540,340,true],"covernews-medium-square":["https:\/\/contextoanalisisperiodistico.com\/wp-content\/uploads\/2025\/11\/IMG-20251119-WA0023-400x250.jpg",400,250,true]},"author_info":{"display_name":"Mario Gir\u00f3n","author_link":"https:\/\/contextoanalisisperiodistico.com\/index.php\/author\/director\/"},"category_info":"<a href=\"https:\/\/contextoanalisisperiodistico.com\/index.php\/category\/politica\/\" rel=\"category tag\">Pol\u00edtica<\/a>","tag_info":"Pol\u00edtica","comment_count":"0","jetpack_featured_media_url":"https:\/\/contextoanalisisperiodistico.com\/wp-content\/uploads\/2025\/11\/IMG-20251119-WA0023.jpg","_links":{"self":[{"href":"https:\/\/contextoanalisisperiodistico.com\/index.php\/wp-json\/wp\/v2\/posts\/48323"}],"collection":[{"href":"https:\/\/contextoanalisisperiodistico.com\/index.php\/wp-json\/wp\/v2\/posts"}],"about":[{"href":"https:\/\/contextoanalisisperiodistico.com\/index.php\/wp-json\/wp\/v2\/types\/post"}],"author":[{"embeddable":true,"href":"https:\/\/contextoanalisisperiodistico.com\/index.php\/wp-json\/wp\/v2\/users\/4"}],"replies":[{"embeddable":true,"href":"https:\/\/contextoanalisisperiodistico.com\/index.php\/wp-json\/wp\/v2\/comments?post=48323"}],"version-history":[{"count":0,"href":"https:\/\/contextoanalisisperiodistico.com\/index.php\/wp-json\/wp\/v2\/posts\/48323\/revisions"}],"wp:featuredmedia":[{"embeddable":true,"href":"https:\/\/contextoanalisisperiodistico.com\/index.php\/wp-json\/wp\/v2\/media\/48322"}],"wp:attachment":[{"href":"https:\/\/contextoanalisisperiodistico.com\/index.php\/wp-json\/wp\/v2\/media?parent=48323"}],"wp:term":[{"taxonomy":"category","embeddable":true,"href":"https:\/\/contextoanalisisperiodistico.com\/index.php\/wp-json\/wp\/v2\/categories?post=48323"},{"taxonomy":"post_tag","embeddable":true,"href":"https:\/\/contextoanalisisperiodistico.com\/index.php\/wp-json\/wp\/v2\/tags?post=48323"}],"curies":[{"name":"wp","href":"https:\/\/api.w.org\/{rel}","templated":true}]}}