{"id":48282,"date":"2025-11-17T14:36:36","date_gmt":"2025-11-17T20:36:36","guid":{"rendered":"https:\/\/contextoanalisisperiodistico.com\/index.php\/2025\/11\/17\/gobierno-de-la-primavera-oaxaquena-ha-promovido-gestion-integral-de-mas-de-872-mil-toneladas-de-residuos-de-manejo-especial\/"},"modified":"2025-11-17T14:41:19","modified_gmt":"2025-11-17T20:41:19","slug":"gobierno-de-la-primavera-oaxaquena-ha-promovido-gestion-integral-de-mas-de-872-mil-toneladas-de-residuos-de-manejo-especial","status":"publish","type":"post","link":"https:\/\/contextoanalisisperiodistico.com\/index.php\/2025\/11\/17\/gobierno-de-la-primavera-oaxaquena-ha-promovido-gestion-integral-de-mas-de-872-mil-toneladas-de-residuos-de-manejo-especial\/","title":{"rendered":"Gobierno de la Primavera Oaxaque\u00f1a ha promovido gesti\u00f3n integral de m\u00e1s de 872 mil toneladas de Residuos de Manejo Especial"},"content":{"rendered":"<div id=\"fb-root\"><\/div>\n\n<p>\u2022 Las campa\u00f1as permanentes de acopio de neum\u00e1ticos y electr\u00f3nicos en desuso han permitido integrar estos materiales a procesos de econom\u00eda circular<\/p>\n\n\n\n<p>Santa Cruz Xoxocotl\u00e1n, Oax., 17 de noviembre de 2025.\u2013 A trav\u00e9s de la Secretar\u00eda de Medio Ambiente, Biodiversidad, Energ\u00edas y Sostenibilidad, el Gobierno de la Primavera Oaxaque\u00f1a ha promovido, en casi tres a\u00f1os, la correcta gesti\u00f3n y valorizaci\u00f3n de 872 mil 74 toneladas de Residuos de Manejo Especial (RME).<\/p>\n\n\n\n<p>En el marco de la inauguraci\u00f3n de la Estaci\u00f3n de Transferencia de Residuos S\u00f3lidos de Oaxaca en Santa Cruz Xoxocotl\u00e1n; la titular de la dependencia, Karime Unda Harp report\u00f3 que mediante el Programa de Fortalecimiento a Municipios en Materia Ambiental y con el apoyo de empresas que operan 258 Planes de Manejo de RME, se logr\u00f3 una adecuada gesti\u00f3n de 523 mil 900 toneladas de residuos en 2025.<\/p>\n\n\n\n<p>Destac\u00f3 que las campa\u00f1as permanentes de acopio de neum\u00e1ticos y electr\u00f3nicos en desuso han permitido integrar estos materiales a procesos de econom\u00eda circular, logrando la disposici\u00f3n correcta de 438 toneladas.<\/p>\n\n\n\n<p>A trav\u00e9s de este programa se han brindado 758 asesor\u00edas y capacitaciones t\u00e9cnicas, se han elaborado 81 instrumentos de planeaci\u00f3n y regulaci\u00f3n, y se han autorizado 258 Planes de Manejo de RME.<\/p>\n\n\n\n<p>Unda Harp resalt\u00f3 que, bajo una pol\u00edtica de trabajo territorial, se impulsan las Caravanas del Medio Ambiente Lay\u00fa Stidu y la campa\u00f1a Yo Me Sumo, que permiten un acercamiento directo con autoridades municipales y agrarias para identificar necesidades y emprender acciones ambientales.<\/p>\n\n\n\n<p>-0-<\/p>\n","protected":false},"excerpt":{"rendered":"<p>\u2022 Las campa\u00f1as permanentes de acopio de neum\u00e1ticos y electr\u00f3nicos en desuso han permitido integrar&#8230;<\/p>\n","protected":false},"author":4,"featured_media":48281,"comment_status":"closed","ping_status":"open","sticky":false,"template":"","format":"standard","meta":{"footnotes":""},"categories":[9],"tags":[335],"jetpack_sharing_enabled":true,"featured_image_urls":{"full":["https:\/\/contextoanalisisperiodistico.com\/wp-content\/uploads\/2025\/11\/IMG-20251117-WA0064.jpg",1280,853,false],"thumbnail":["https:\/\/contextoanalisisperiodistico.com\/wp-content\/uploads\/2025\/11\/IMG-20251117-WA0064-150x150.jpg",150,150,true],"medium":["https:\/\/contextoanalisisperiodistico.com\/wp-content\/uploads\/2025\/11\/IMG-20251117-WA0064-300x200.jpg",300,200,true],"medium_large":["https:\/\/contextoanalisisperiodistico.com\/wp-content\/uploads\/2025\/11\/IMG-20251117-WA0064-768x512.jpg",640,427,true],"large":["https:\/\/contextoanalisisperiodistico.com\/wp-content\/uploads\/2025\/11\/IMG-20251117-WA0064-1024x682.jpg",640,426,true],"1536x1536":["https:\/\/contextoanalisisperiodistico.com\/wp-content\/uploads\/2025\/11\/IMG-20251117-WA0064.jpg",1280,853,false],"2048x2048":["https:\/\/contextoanalisisperiodistico.com\/wp-content\/uploads\/2025\/11\/IMG-20251117-WA0064.jpg",1280,853,false],"covernews-slider-full":["https:\/\/contextoanalisisperiodistico.com\/wp-content\/uploads\/2025\/11\/IMG-20251117-WA0064-1115x715.jpg",1115,715,true],"covernews-slider-center":["https:\/\/contextoanalisisperiodistico.com\/wp-content\/uploads\/2025\/11\/IMG-20251117-WA0064-800x500.jpg",800,500,true],"covernews-featured":["https:\/\/contextoanalisisperiodistico.com\/wp-content\/uploads\/2025\/11\/IMG-20251117-WA0064-1024x682.jpg",1024,682,true],"covernews-medium":["https:\/\/contextoanalisisperiodistico.com\/wp-content\/uploads\/2025\/11\/IMG-20251117-WA0064-540x340.jpg",540,340,true],"covernews-medium-square":["https:\/\/contextoanalisisperiodistico.com\/wp-content\/uploads\/2025\/11\/IMG-20251117-WA0064-400x250.jpg",400,250,true]},"author_info":{"display_name":"Mario Gir\u00f3n","author_link":"https:\/\/contextoanalisisperiodistico.com\/index.php\/author\/director\/"},"category_info":"<a href=\"https:\/\/contextoanalisisperiodistico.com\/index.php\/category\/politica\/\" rel=\"category tag\">Pol\u00edtica<\/a>","tag_info":"Pol\u00edtica","comment_count":"0","jetpack_featured_media_url":"https:\/\/contextoanalisisperiodistico.com\/wp-content\/uploads\/2025\/11\/IMG-20251117-WA0064.jpg","_links":{"self":[{"href":"https:\/\/contextoanalisisperiodistico.com\/index.php\/wp-json\/wp\/v2\/posts\/48282"}],"collection":[{"href":"https:\/\/contextoanalisisperiodistico.com\/index.php\/wp-json\/wp\/v2\/posts"}],"about":[{"href":"https:\/\/contextoanalisisperiodistico.com\/index.php\/wp-json\/wp\/v2\/types\/post"}],"author":[{"embeddable":true,"href":"https:\/\/contextoanalisisperiodistico.com\/index.php\/wp-json\/wp\/v2\/users\/4"}],"replies":[{"embeddable":true,"href":"https:\/\/contextoanalisisperiodistico.com\/index.php\/wp-json\/wp\/v2\/comments?post=48282"}],"version-history":[{"count":1,"href":"https:\/\/contextoanalisisperiodistico.com\/index.php\/wp-json\/wp\/v2\/posts\/48282\/revisions"}],"predecessor-version":[{"id":48283,"href":"https:\/\/contextoanalisisperiodistico.com\/index.php\/wp-json\/wp\/v2\/posts\/48282\/revisions\/48283"}],"wp:featuredmedia":[{"embeddable":true,"href":"https:\/\/contextoanalisisperiodistico.com\/index.php\/wp-json\/wp\/v2\/media\/48281"}],"wp:attachment":[{"href":"https:\/\/contextoanalisisperiodistico.com\/index.php\/wp-json\/wp\/v2\/media?parent=48282"}],"wp:term":[{"taxonomy":"category","embeddable":true,"href":"https:\/\/contextoanalisisperiodistico.com\/index.php\/wp-json\/wp\/v2\/categories?post=48282"},{"taxonomy":"post_tag","embeddable":true,"href":"https:\/\/contextoanalisisperiodistico.com\/index.php\/wp-json\/wp\/v2\/tags?post=48282"}],"curies":[{"name":"wp","href":"https:\/\/api.w.org\/{rel}","templated":true}]}}