{"id":48279,"date":"2025-11-17T14:24:02","date_gmt":"2025-11-17T20:24:02","guid":{"rendered":"https:\/\/contextoanalisisperiodistico.com\/index.php\/2025\/11\/17\/inaugura-salomon-jara-estacion-de-transferencia-de-residuos-solidos-urbanos-que-da-respuesta-a-historica-demanda-social\/"},"modified":"2025-11-17T14:28:36","modified_gmt":"2025-11-17T20:28:36","slug":"inaugura-salomon-jara-estacion-de-transferencia-de-residuos-solidos-urbanos-que-da-respuesta-a-historica-demanda-social","status":"publish","type":"post","link":"https:\/\/contextoanalisisperiodistico.com\/index.php\/2025\/11\/17\/inaugura-salomon-jara-estacion-de-transferencia-de-residuos-solidos-urbanos-que-da-respuesta-a-historica-demanda-social\/","title":{"rendered":"Inaugura Salom\u00f3n Jara Estaci\u00f3n de Transferencia de Residuos S\u00f3lidos Urbanos"},"content":{"rendered":"<div id=\"fb-root\"><\/div>\n\n<p>\u2022 Respuesta de la Primavera Oaxaque\u00f1a a una hist\u00f3rica demanda social<\/p>\n\n\n\n<p>\u2022 Esta obra que beneficia a nueve municipios de la Zona Metropolitana de Oaxaca, tuvo una inversi\u00f3n de 80 millones de pesos<\/p>\n\n\n\n<p><br>\u2022 Procesa 730 toneladas de basura al d\u00eda, bajo estricto control higi\u00e9nico, sin contaminar entorno<\/p>\n\n\n\n<figure class=\"wp-block-image size-large\"><img fetchpriority=\"high\" decoding=\"async\" width=\"989\" height=\"636\" src=\"https:\/\/contextoanalisisperiodistico.com\/wp-content\/uploads\/2025\/11\/img-20251117-wa00584078480444625279146.jpg\" alt=\"\" class=\"wp-image-48278\" srcset=\"https:\/\/contextoanalisisperiodistico.com\/wp-content\/uploads\/2025\/11\/img-20251117-wa00584078480444625279146.jpg 989w, https:\/\/contextoanalisisperiodistico.com\/wp-content\/uploads\/2025\/11\/img-20251117-wa00584078480444625279146-300x193.jpg 300w, https:\/\/contextoanalisisperiodistico.com\/wp-content\/uploads\/2025\/11\/img-20251117-wa00584078480444625279146-768x494.jpg 768w\" sizes=\"(max-width: 989px) 100vw, 989px\" \/><\/figure>\n\n\n\n<figure class=\"wp-block-image\"><img decoding=\"async\" width=\"1024\" height=\"682\" src=\"https:\/\/contextoanalisisperiodistico.com\/wp-content\/uploads\/2025\/11\/img-20251117-wa00573239628703677787989-1024x682.jpg\" alt=\"\" class=\"wp-image-48274\" srcset=\"https:\/\/contextoanalisisperiodistico.com\/wp-content\/uploads\/2025\/11\/img-20251117-wa00573239628703677787989-1024x682.jpg 1024w, https:\/\/contextoanalisisperiodistico.com\/wp-content\/uploads\/2025\/11\/img-20251117-wa00573239628703677787989-300x200.jpg 300w, https:\/\/contextoanalisisperiodistico.com\/wp-content\/uploads\/2025\/11\/img-20251117-wa00573239628703677787989-768x512.jpg 768w, https:\/\/contextoanalisisperiodistico.com\/wp-content\/uploads\/2025\/11\/img-20251117-wa00573239628703677787989.jpg 1280w\" sizes=\"(max-width: 1024px) 100vw, 1024px\" \/><\/figure>\n\n\n\n<figure class=\"wp-block-image\"><img decoding=\"async\" width=\"300\" height=\"224\" src=\"https:\/\/contextoanalisisperiodistico.com\/wp-content\/uploads\/2025\/11\/img-20251117-wa00619218467948041646698-300x224.jpg\" alt=\"\" class=\"wp-image-48277\" srcset=\"https:\/\/contextoanalisisperiodistico.com\/wp-content\/uploads\/2025\/11\/img-20251117-wa00619218467948041646698-300x224.jpg 300w, https:\/\/contextoanalisisperiodistico.com\/wp-content\/uploads\/2025\/11\/img-20251117-wa00619218467948041646698.jpg 522w\" sizes=\"(max-width: 300px) 100vw, 300px\" \/><\/figure>\n\n\n\n<figure class=\"wp-block-image\"><img loading=\"lazy\" decoding=\"async\" width=\"300\" height=\"224\" src=\"https:\/\/contextoanalisisperiodistico.com\/wp-content\/uploads\/2025\/11\/img-20251117-wa0060250048114157186528-300x224.jpg\" alt=\"\" class=\"wp-image-48275\" srcset=\"https:\/\/contextoanalisisperiodistico.com\/wp-content\/uploads\/2025\/11\/img-20251117-wa0060250048114157186528-300x224.jpg 300w, https:\/\/contextoanalisisperiodistico.com\/wp-content\/uploads\/2025\/11\/img-20251117-wa0060250048114157186528.jpg 522w\" sizes=\"(max-width: 300px) 100vw, 300px\" \/><\/figure>\n\n\n\n<figure class=\"wp-block-image\"><img loading=\"lazy\" decoding=\"async\" width=\"1024\" height=\"682\" src=\"https:\/\/contextoanalisisperiodistico.com\/wp-content\/uploads\/2025\/11\/img-20251117-wa00597462853374730665965-1024x682.jpg\" alt=\"\" class=\"wp-image-48276\" srcset=\"https:\/\/contextoanalisisperiodistico.com\/wp-content\/uploads\/2025\/11\/img-20251117-wa00597462853374730665965-1024x682.jpg 1024w, https:\/\/contextoanalisisperiodistico.com\/wp-content\/uploads\/2025\/11\/img-20251117-wa00597462853374730665965-300x200.jpg 300w, https:\/\/contextoanalisisperiodistico.com\/wp-content\/uploads\/2025\/11\/img-20251117-wa00597462853374730665965-768x512.jpg 768w, https:\/\/contextoanalisisperiodistico.com\/wp-content\/uploads\/2025\/11\/img-20251117-wa00597462853374730665965.jpg 1280w\" sizes=\"(max-width: 1024px) 100vw, 1024px\" \/><\/figure>\n\n\n\n<p>Santa Cruz Xoxocotl\u00e1n, Oax. 17 de noviembre de 2025.- El Gobernador Salom\u00f3n Jara Cruz inaugur\u00f3 la Estaci\u00f3n de Transferencia de Residuos S\u00f3lidos Urbanos, ubicado en Santa Cruz Xoxocotl\u00e1n, que escribe una nueva historia en el manejo responsable de la basura, en beneficio de nueve municipios de la Zona Metropolitana de Oaxaca (ZMO).<\/p>\n\n\n\n<p>El Mandatario estatal inform\u00f3 que esta obra de la Primavera Oaxaque\u00f1a, que tuvo una inversi\u00f3n de m\u00e1s de 80 millones de pesos, marca la diferencia con administraciones pasadas, a quienes no les importaba resolver esta problem\u00e1tica, por ello dejaron tiraderos a cielo abierto, como el play\u00f3n del R\u00edo Atoyac.<\/p>\n\n\n\n<p>\u201cEra una idea que se ve\u00eda muy lejana, hoy es una realidad y forma parte de la respuesta integral a una de las principales problem\u00e1ticas de la Zona Metropolitana de Oaxaca: el tratamiento de los residuos s\u00f3lidos urbanos, con m\u00e1s 730 toneladas al d\u00eda\u201d, afirm\u00f3 en conferencia de prensa.<\/p>\n\n\n\n<p>Esta Estaci\u00f3n, que es un componente del Centro Integral de Revalorizaci\u00f3n de Residuos S\u00f3lidos Urbanos (CIRRSU), tuvo una fase de prueba durante siete meses, lapso en el que transfiri\u00f3 87 mil 600 toneladas de desechos a la celda de disposici\u00f3n final ubicada en San Pedro Totol\u00e1pam.<\/p>\n\n\n\n<p>Actualmente, esta instalaci\u00f3n recibe, a diario, aproximadamente 730 toneladas para su procesamiento, las cuales son llevadas en alrededor de 133 veh\u00edculos recolectores que dan servicio en: Oaxaca de Ju\u00e1rez, Santa Cruz Xoxocotl\u00e1n, Santa Cruz Amilpas, San Agust\u00edn de las Juntas, San Sebasti\u00e1n Tutla, San Jacinto Amilpas, Villa de Etla, Santa Luc\u00eda del Camino y San Antonio de la Cal.<\/p>\n\n\n\n<p>Este material no se almacena, sino que es compactado para reducir el volumen bajo un estricto control de limpieza y, posteriormente, trasladado a su disposici\u00f3n final a una de las cuatro celdas del CIRRSU de Totol\u00e1pam. Ah\u00ed, se contempla establecer las plantas de separaci\u00f3n de residuos y de biofertilizantes.<\/p>\n\n\n\n<p>El director general del Organismo Operador Encargado de la Gesti\u00f3n y Manejo Integral de los Residuos S\u00f3lidos Urbanos y de Manejo Especial del Estado de Oaxaca, Diego Humberto Ramos Robles destac\u00f3 que, por encomienda del Gobernador Salom\u00f3n Jara se realizaron 43 mesas de di\u00e1logo con sectores de la sociedad y comunidades aleda\u00f1as para socializar el proyecto y concretar la instalaci\u00f3n de la Estaci\u00f3n de Transferencia.<\/p>\n\n\n\n<p>En tanto, el titular de la Secretar\u00eda de Infraestructuras y Comunicaciones (SIC), Carlos Vichido Hern\u00e1ndez detall\u00f3 que la Estaci\u00f3n de Transferencia ocupa una superficie de 1.3 hect\u00e1reas, en la cual se ubican: dos casetas de vigilancia, dos b\u00e1sculas para control de toneladas de ingreso y salida, 435 metros lineales de barda, una rampa de descarga, dos tolvas autom\u00e1ticas, una banda transportadora.<\/p>\n\n\n\n<p>Asimismo, cuenta con un sistema de captaci\u00f3n de lixiviados, concreto para evitar la contaminaci\u00f3n del suelo en los patios de maniobras, m\u00e1s de 30 luminarias solares, y \u00e1rea de amortiguamiento con vegetaci\u00f3n.<\/p>\n\n\n\n<p>-0-<\/p>\n","protected":false},"excerpt":{"rendered":"<p>\u2022 Respuesta de la Primavera Oaxaque\u00f1a a una hist\u00f3rica demanda social \u2022 Esta obra que&#8230;<\/p>\n","protected":false},"author":4,"featured_media":48273,"comment_status":"closed","ping_status":"open","sticky":false,"template":"","format":"standard","meta":{"footnotes":""},"categories":[9],"tags":[324],"jetpack_sharing_enabled":true,"featured_image_urls":{"full":["https:\/\/contextoanalisisperiodistico.com\/wp-content\/uploads\/2025\/11\/IMG-20251117-WA0060.jpg",522,390,false],"thumbnail":["https:\/\/contextoanalisisperiodistico.com\/wp-content\/uploads\/2025\/11\/IMG-20251117-WA0060-150x150.jpg",150,150,true],"medium":["https:\/\/contextoanalisisperiodistico.com\/wp-content\/uploads\/2025\/11\/IMG-20251117-WA0060-300x224.jpg",300,224,true],"medium_large":["https:\/\/contextoanalisisperiodistico.com\/wp-content\/uploads\/2025\/11\/IMG-20251117-WA0060.jpg",522,390,false],"large":["https:\/\/contextoanalisisperiodistico.com\/wp-content\/uploads\/2025\/11\/IMG-20251117-WA0060.jpg",522,390,false],"1536x1536":["https:\/\/contextoanalisisperiodistico.com\/wp-content\/uploads\/2025\/11\/IMG-20251117-WA0060.jpg",522,390,false],"2048x2048":["https:\/\/contextoanalisisperiodistico.com\/wp-content\/uploads\/2025\/11\/IMG-20251117-WA0060.jpg",522,390,false],"covernews-slider-full":["https:\/\/contextoanalisisperiodistico.com\/wp-content\/uploads\/2025\/11\/IMG-20251117-WA0060.jpg",522,390,false],"covernews-slider-center":["https:\/\/contextoanalisisperiodistico.com\/wp-content\/uploads\/2025\/11\/IMG-20251117-WA0060.jpg",522,390,false],"covernews-featured":["https:\/\/contextoanalisisperiodistico.com\/wp-content\/uploads\/2025\/11\/IMG-20251117-WA0060.jpg",522,390,false],"covernews-medium":["https:\/\/contextoanalisisperiodistico.com\/wp-content\/uploads\/2025\/11\/IMG-20251117-WA0060-522x340.jpg",522,340,true],"covernews-medium-square":["https:\/\/contextoanalisisperiodistico.com\/wp-content\/uploads\/2025\/11\/IMG-20251117-WA0060-400x250.jpg",400,250,true]},"author_info":{"display_name":"Mario Gir\u00f3n","author_link":"https:\/\/contextoanalisisperiodistico.com\/index.php\/author\/director\/"},"category_info":"<a href=\"https:\/\/contextoanalisisperiodistico.com\/index.php\/category\/politica\/\" rel=\"category tag\">Pol\u00edtica<\/a>","tag_info":"Pol\u00edtica","comment_count":"0","jetpack_featured_media_url":"https:\/\/contextoanalisisperiodistico.com\/wp-content\/uploads\/2025\/11\/IMG-20251117-WA0060.jpg","_links":{"self":[{"href":"https:\/\/contextoanalisisperiodistico.com\/index.php\/wp-json\/wp\/v2\/posts\/48279"}],"collection":[{"href":"https:\/\/contextoanalisisperiodistico.com\/index.php\/wp-json\/wp\/v2\/posts"}],"about":[{"href":"https:\/\/contextoanalisisperiodistico.com\/index.php\/wp-json\/wp\/v2\/types\/post"}],"author":[{"embeddable":true,"href":"https:\/\/contextoanalisisperiodistico.com\/index.php\/wp-json\/wp\/v2\/users\/4"}],"replies":[{"embeddable":true,"href":"https:\/\/contextoanalisisperiodistico.com\/index.php\/wp-json\/wp\/v2\/comments?post=48279"}],"version-history":[{"count":1,"href":"https:\/\/contextoanalisisperiodistico.com\/index.php\/wp-json\/wp\/v2\/posts\/48279\/revisions"}],"predecessor-version":[{"id":48280,"href":"https:\/\/contextoanalisisperiodistico.com\/index.php\/wp-json\/wp\/v2\/posts\/48279\/revisions\/48280"}],"wp:featuredmedia":[{"embeddable":true,"href":"https:\/\/contextoanalisisperiodistico.com\/index.php\/wp-json\/wp\/v2\/media\/48273"}],"wp:attachment":[{"href":"https:\/\/contextoanalisisperiodistico.com\/index.php\/wp-json\/wp\/v2\/media?parent=48279"}],"wp:term":[{"taxonomy":"category","embeddable":true,"href":"https:\/\/contextoanalisisperiodistico.com\/index.php\/wp-json\/wp\/v2\/categories?post=48279"},{"taxonomy":"post_tag","embeddable":true,"href":"https:\/\/contextoanalisisperiodistico.com\/index.php\/wp-json\/wp\/v2\/tags?post=48279"}],"curies":[{"name":"wp","href":"https:\/\/api.w.org\/{rel}","templated":true}]}}