{"id":48272,"date":"2025-11-17T11:44:48","date_gmt":"2025-11-17T17:44:48","guid":{"rendered":"https:\/\/contextoanalisisperiodistico.com\/index.php\/2025\/11\/17\/rehabilita-primavera-oaxaquena-siete-calles-en-san-pedro-ixcatlan-con-una-inversion-superior-a-9-mdp\/"},"modified":"2025-11-17T11:44:48","modified_gmt":"2025-11-17T17:44:48","slug":"rehabilita-primavera-oaxaquena-siete-calles-en-san-pedro-ixcatlan-con-una-inversion-superior-a-9-mdp","status":"publish","type":"post","link":"https:\/\/contextoanalisisperiodistico.com\/index.php\/2025\/11\/17\/rehabilita-primavera-oaxaquena-siete-calles-en-san-pedro-ixcatlan-con-una-inversion-superior-a-9-mdp\/","title":{"rendered":"Rehabilita Primavera Oaxaque\u00f1a siete calles en San Pedro Ixcatl\u00e1n con una inversi\u00f3n superior a 9 mdp"},"content":{"rendered":"<div id=\"fb-root\"><\/div>\n\n<p>\u2022 Adem\u00e1s, se construyen mil 905 metros lineales de guarniciones y se colocar\u00e1n se\u00f1alamientos verticales<\/p>\n\n\n\n<figure class=\"wp-block-image size-large\"><img fetchpriority=\"high\" decoding=\"async\" width=\"1000\" height=\"666\" src=\"https:\/\/contextoanalisisperiodistico.com\/wp-content\/uploads\/2025\/11\/img-20251117-wa00432728454415024384598.jpg\" alt=\"\" class=\"wp-image-48268\" srcset=\"https:\/\/contextoanalisisperiodistico.com\/wp-content\/uploads\/2025\/11\/img-20251117-wa00432728454415024384598.jpg 1000w, https:\/\/contextoanalisisperiodistico.com\/wp-content\/uploads\/2025\/11\/img-20251117-wa00432728454415024384598-300x200.jpg 300w, https:\/\/contextoanalisisperiodistico.com\/wp-content\/uploads\/2025\/11\/img-20251117-wa00432728454415024384598-768x511.jpg 768w\" sizes=\"(max-width: 1000px) 100vw, 1000px\" \/><\/figure>\n\n\n\n<figure class=\"wp-block-image\"><img decoding=\"async\" width=\"300\" height=\"200\" src=\"https:\/\/contextoanalisisperiodistico.com\/wp-content\/uploads\/2025\/11\/img-20251117-wa0042522554426071503482-300x200.jpg\" alt=\"\" class=\"wp-image-48269\" srcset=\"https:\/\/contextoanalisisperiodistico.com\/wp-content\/uploads\/2025\/11\/img-20251117-wa0042522554426071503482-300x200.jpg 300w, https:\/\/contextoanalisisperiodistico.com\/wp-content\/uploads\/2025\/11\/img-20251117-wa0042522554426071503482-768x511.jpg 768w, https:\/\/contextoanalisisperiodistico.com\/wp-content\/uploads\/2025\/11\/img-20251117-wa0042522554426071503482.jpg 1000w\" sizes=\"(max-width: 300px) 100vw, 300px\" \/><\/figure>\n\n\n\n<figure class=\"wp-block-image\"><img decoding=\"async\" width=\"300\" height=\"168\" src=\"https:\/\/contextoanalisisperiodistico.com\/wp-content\/uploads\/2025\/11\/img-20251117-wa0041683956087316776018-300x168.jpg\" alt=\"\" class=\"wp-image-48270\" srcset=\"https:\/\/contextoanalisisperiodistico.com\/wp-content\/uploads\/2025\/11\/img-20251117-wa0041683956087316776018-300x168.jpg 300w, https:\/\/contextoanalisisperiodistico.com\/wp-content\/uploads\/2025\/11\/img-20251117-wa0041683956087316776018-768x431.jpg 768w, https:\/\/contextoanalisisperiodistico.com\/wp-content\/uploads\/2025\/11\/img-20251117-wa0041683956087316776018.jpg 1000w\" sizes=\"(max-width: 300px) 100vw, 300px\" \/><\/figure>\n\n\n\n<figure class=\"wp-block-image\"><img loading=\"lazy\" decoding=\"async\" width=\"300\" height=\"200\" src=\"https:\/\/contextoanalisisperiodistico.com\/wp-content\/uploads\/2025\/11\/img-20251117-wa00405348472124598523259-300x200.jpg\" alt=\"\" class=\"wp-image-48271\" srcset=\"https:\/\/contextoanalisisperiodistico.com\/wp-content\/uploads\/2025\/11\/img-20251117-wa00405348472124598523259-300x200.jpg 300w, https:\/\/contextoanalisisperiodistico.com\/wp-content\/uploads\/2025\/11\/img-20251117-wa00405348472124598523259-768x511.jpg 768w, https:\/\/contextoanalisisperiodistico.com\/wp-content\/uploads\/2025\/11\/img-20251117-wa00405348472124598523259.jpg 1000w\" sizes=\"(max-width: 300px) 100vw, 300px\" \/><\/figure>\n\n\n\n<p>Oaxaca de Ju\u00e1rez, Oax. 17 de noviembre de 2025.- Con una inversi\u00f3n superior a los 9 millones de pesos, la Secretar\u00eda de Infraestructura y Comunicaciones (SIC) rehabilita 5 mil 944.58 metros cuadrados en siete vialidades de San Pedro Ixcatl\u00e1n, beneficiando a 560 habitantes de este municipio ubicado en la Cuenca del Papaloapan.<\/p>\n\n\n\n<p>Los trabajos se realizan en las calles: Cuauht\u00e9moc, Morelos, Benito Ju\u00e1rez, Rafael Ram\u00edrez, 5 de Mayo, La Bajadita y Emiliano Zapata; los cuales consisten en la pavimentaci\u00f3n con concreto hidr\u00e1ulico de mil 90 metros lineales, con un ancho promedio de 5.48 metros.<\/p>\n\n\n\n<p>El titular de la dependencia, Carlos Vichido Hern\u00e1ndez inform\u00f3 que tambi\u00e9n se construyen mil 905 metros lineales de guarniciones que ser\u00e1n revestidas con pintura se\u00f1al\u00e9tica, adicionalmente se delimitar\u00e1n andadores y cruces peatonales; tambi\u00e9n se colocar\u00e1 se\u00f1alamientos preventivos y restrictivos verticales.<\/p>\n\n\n\n<p>Con estas acciones en la infraestructura y equipamiento p\u00fablico de las comunidades en las ocho regiones, se mejora la calidad de vida de las familias, llevando bienestar y desarrollo humano.<\/p>\n\n\n\n<p>-0-<\/p>\n\n\n\n<p><\/p>\n\n\n\n<p><\/p>\n","protected":false},"excerpt":{"rendered":"<p>\u2022 Adem\u00e1s, se construyen mil 905 metros lineales de guarniciones y se colocar\u00e1n se\u00f1alamientos verticales&#8230;<\/p>\n","protected":false},"author":4,"featured_media":48267,"comment_status":"","ping_status":"open","sticky":false,"template":"","format":"standard","meta":{"footnotes":""},"categories":[9],"tags":[303],"jetpack_sharing_enabled":true,"featured_image_urls":{"full":["https:\/\/contextoanalisisperiodistico.com\/wp-content\/uploads\/2025\/11\/IMG-20251117-WA0044.jpg",1000,666,false],"thumbnail":["https:\/\/contextoanalisisperiodistico.com\/wp-content\/uploads\/2025\/11\/IMG-20251117-WA0044-150x150.jpg",150,150,true],"medium":["https:\/\/contextoanalisisperiodistico.com\/wp-content\/uploads\/2025\/11\/IMG-20251117-WA0044-300x200.jpg",300,200,true],"medium_large":["https:\/\/contextoanalisisperiodistico.com\/wp-content\/uploads\/2025\/11\/IMG-20251117-WA0044-768x511.jpg",640,426,true],"large":["https:\/\/contextoanalisisperiodistico.com\/wp-content\/uploads\/2025\/11\/IMG-20251117-WA0044.jpg",640,426,false],"1536x1536":["https:\/\/contextoanalisisperiodistico.com\/wp-content\/uploads\/2025\/11\/IMG-20251117-WA0044.jpg",1000,666,false],"2048x2048":["https:\/\/contextoanalisisperiodistico.com\/wp-content\/uploads\/2025\/11\/IMG-20251117-WA0044.jpg",1000,666,false],"covernews-slider-full":["https:\/\/contextoanalisisperiodistico.com\/wp-content\/uploads\/2025\/11\/IMG-20251117-WA0044.jpg",1000,666,false],"covernews-slider-center":["https:\/\/contextoanalisisperiodistico.com\/wp-content\/uploads\/2025\/11\/IMG-20251117-WA0044-800x500.jpg",800,500,true],"covernews-featured":["https:\/\/contextoanalisisperiodistico.com\/wp-content\/uploads\/2025\/11\/IMG-20251117-WA0044.jpg",1000,666,false],"covernews-medium":["https:\/\/contextoanalisisperiodistico.com\/wp-content\/uploads\/2025\/11\/IMG-20251117-WA0044-540x340.jpg",540,340,true],"covernews-medium-square":["https:\/\/contextoanalisisperiodistico.com\/wp-content\/uploads\/2025\/11\/IMG-20251117-WA0044-400x250.jpg",400,250,true]},"author_info":{"display_name":"Mario Gir\u00f3n","author_link":"https:\/\/contextoanalisisperiodistico.com\/index.php\/author\/director\/"},"category_info":"<a href=\"https:\/\/contextoanalisisperiodistico.com\/index.php\/category\/politica\/\" rel=\"category tag\">Pol\u00edtica<\/a>","tag_info":"Pol\u00edtica","comment_count":"0","jetpack_featured_media_url":"https:\/\/contextoanalisisperiodistico.com\/wp-content\/uploads\/2025\/11\/IMG-20251117-WA0044.jpg","_links":{"self":[{"href":"https:\/\/contextoanalisisperiodistico.com\/index.php\/wp-json\/wp\/v2\/posts\/48272"}],"collection":[{"href":"https:\/\/contextoanalisisperiodistico.com\/index.php\/wp-json\/wp\/v2\/posts"}],"about":[{"href":"https:\/\/contextoanalisisperiodistico.com\/index.php\/wp-json\/wp\/v2\/types\/post"}],"author":[{"embeddable":true,"href":"https:\/\/contextoanalisisperiodistico.com\/index.php\/wp-json\/wp\/v2\/users\/4"}],"replies":[{"embeddable":true,"href":"https:\/\/contextoanalisisperiodistico.com\/index.php\/wp-json\/wp\/v2\/comments?post=48272"}],"version-history":[{"count":0,"href":"https:\/\/contextoanalisisperiodistico.com\/index.php\/wp-json\/wp\/v2\/posts\/48272\/revisions"}],"wp:featuredmedia":[{"embeddable":true,"href":"https:\/\/contextoanalisisperiodistico.com\/index.php\/wp-json\/wp\/v2\/media\/48267"}],"wp:attachment":[{"href":"https:\/\/contextoanalisisperiodistico.com\/index.php\/wp-json\/wp\/v2\/media?parent=48272"}],"wp:term":[{"taxonomy":"category","embeddable":true,"href":"https:\/\/contextoanalisisperiodistico.com\/index.php\/wp-json\/wp\/v2\/categories?post=48272"},{"taxonomy":"post_tag","embeddable":true,"href":"https:\/\/contextoanalisisperiodistico.com\/index.php\/wp-json\/wp\/v2\/tags?post=48272"}],"curies":[{"name":"wp","href":"https:\/\/api.w.org\/{rel}","templated":true}]}}