{"id":48266,"date":"2025-11-17T11:38:06","date_gmt":"2025-11-17T17:38:06","guid":{"rendered":"https:\/\/contextoanalisisperiodistico.com\/index.php\/2025\/11\/17\/reporta-sego-saldo-blanco-en-asambleas-comunitarias-de-sistemas-normativos-internos\/"},"modified":"2025-11-17T11:38:06","modified_gmt":"2025-11-17T17:38:06","slug":"reporta-sego-saldo-blanco-en-asambleas-comunitarias-de-sistemas-normativos-internos","status":"publish","type":"post","link":"https:\/\/contextoanalisisperiodistico.com\/index.php\/2025\/11\/17\/reporta-sego-saldo-blanco-en-asambleas-comunitarias-de-sistemas-normativos-internos\/","title":{"rendered":"Reporta Sego saldo blanco en asambleas comunitarias de Sistemas Normativos Internos"},"content":{"rendered":"<div id=\"fb-root\"><\/div>\n\n<p>\u2022 Con las 13 elecciones celebradas este fin de semana suman 343 en lo que va del a\u00f1o, lo que representa un avance del 83.05% en la renovaci\u00f3n de autoridades<\/p>\n\n\n\n<figure class=\"wp-block-image size-large\"><img fetchpriority=\"high\" decoding=\"async\" width=\"800\" height=\"600\" src=\"https:\/\/contextoanalisisperiodistico.com\/wp-content\/uploads\/2025\/11\/img-20251117-wa00512208393363773722403.jpg\" alt=\"\" class=\"wp-image-48262\" srcset=\"https:\/\/contextoanalisisperiodistico.com\/wp-content\/uploads\/2025\/11\/img-20251117-wa00512208393363773722403.jpg 800w, https:\/\/contextoanalisisperiodistico.com\/wp-content\/uploads\/2025\/11\/img-20251117-wa00512208393363773722403-300x225.jpg 300w, https:\/\/contextoanalisisperiodistico.com\/wp-content\/uploads\/2025\/11\/img-20251117-wa00512208393363773722403-768x576.jpg 768w\" sizes=\"(max-width: 800px) 100vw, 800px\" \/><\/figure>\n\n\n\n<figure class=\"wp-block-image\"><img decoding=\"async\" width=\"300\" height=\"225\" src=\"https:\/\/contextoanalisisperiodistico.com\/wp-content\/uploads\/2025\/11\/img-20251117-wa00544282277304852332777-300x225.jpg\" alt=\"\" class=\"wp-image-48263\" srcset=\"https:\/\/contextoanalisisperiodistico.com\/wp-content\/uploads\/2025\/11\/img-20251117-wa00544282277304852332777-300x225.jpg 300w, https:\/\/contextoanalisisperiodistico.com\/wp-content\/uploads\/2025\/11\/img-20251117-wa00544282277304852332777-768x576.jpg 768w, https:\/\/contextoanalisisperiodistico.com\/wp-content\/uploads\/2025\/11\/img-20251117-wa00544282277304852332777.jpg 800w\" sizes=\"(max-width: 300px) 100vw, 300px\" \/><\/figure>\n\n\n\n<figure class=\"wp-block-image\"><img decoding=\"async\" width=\"300\" height=\"225\" src=\"https:\/\/contextoanalisisperiodistico.com\/wp-content\/uploads\/2025\/11\/img-20251117-wa00528218847544553160715-300x225.jpg\" alt=\"\" class=\"wp-image-48264\" srcset=\"https:\/\/contextoanalisisperiodistico.com\/wp-content\/uploads\/2025\/11\/img-20251117-wa00528218847544553160715-300x225.jpg 300w, https:\/\/contextoanalisisperiodistico.com\/wp-content\/uploads\/2025\/11\/img-20251117-wa00528218847544553160715-768x576.jpg 768w, https:\/\/contextoanalisisperiodistico.com\/wp-content\/uploads\/2025\/11\/img-20251117-wa00528218847544553160715.jpg 800w\" sizes=\"(max-width: 300px) 100vw, 300px\" \/><\/figure>\n\n\n\n<figure class=\"wp-block-image\"><img loading=\"lazy\" decoding=\"async\" width=\"300\" height=\"226\" src=\"https:\/\/contextoanalisisperiodistico.com\/wp-content\/uploads\/2025\/11\/img-20251117-wa00507069014321557467028-300x226.jpg\" alt=\"\" class=\"wp-image-48265\" srcset=\"https:\/\/contextoanalisisperiodistico.com\/wp-content\/uploads\/2025\/11\/img-20251117-wa00507069014321557467028-300x226.jpg 300w, https:\/\/contextoanalisisperiodistico.com\/wp-content\/uploads\/2025\/11\/img-20251117-wa00507069014321557467028-768x578.jpg 768w, https:\/\/contextoanalisisperiodistico.com\/wp-content\/uploads\/2025\/11\/img-20251117-wa00507069014321557467028.jpg 800w\" sizes=\"(max-width: 300px) 100vw, 300px\" \/><\/figure>\n\n\n\n<p>Oaxaca de Ju\u00e1rez, Oax. 17 de noviembre de 2025. \u2013 Con las 13 asambleas electivas celebradas en paz, este fin de semana, en municipios que se rigen por Sistemas Normativos Internos (SNI), se concentr\u00f3 un avance del 83.05 por ciento en los comicios previstos este a\u00f1o.<\/p>\n\n\n\n<p>El titular de la Secretar\u00eda de Gobierno (Sego), Jes\u00fas Romero L\u00f3pez detall\u00f3 que el domingo se efectuaron elecciones en 10 y el s\u00e1bado en tres de estas localidades; sin que se presentaran incidentes. Aclar\u00f3 que la asamblea de San Antonio Nanahuatipam fue reprogramada.<\/p>\n\n\n\n<p>Detall\u00f3 que estos resultados son producto de la pol\u00edtica implementada por el Gobernador Salom\u00f3n Jara Cruz, \u201cen Oaxaca el di\u00e1logo es nuestra principal herramienta para la construcci\u00f3n de paz, una muestra de ello es que las comunidades contin\u00faan renovando a sus autoridades sin contratiempos\u201d.<\/p>\n\n\n\n<p>Las y los pobladores que eligieron a sus nuevas autoridades municipales, son de: San Pedro Teutila, San Andr\u00e9s Teotilalpam, San Pedro Ocopetatillo, San Juan Mazatl\u00e1n, San Pablo Coatl\u00e1n, San Juan Ozolotepec, San Mateo Pi\u00f1as, Santiago Astata, San Nicol\u00e1s, San Lorenzo Victoria, Constancia del Rosario y San Mateo Pe\u00f1asco.<\/p>\n\n\n\n<p>Las corporaciones de seguridad estatal y federal reportaron saldo blanco, reflejo de la coordinaci\u00f3n institucional y del despliegue preventivo en estos sitios, para garantizar el derecho de la ciudadan\u00eda a participar en sus asambleas.<\/p>\n\n\n\n<p>Con estos procesos, a la fecha, se ha llevado a cabo la renovaci\u00f3n de las y los concejales en 343 de los 413 ayuntamientos de SNI programados en 2025, de acuerdo al reporte de la Mesa Operativa de Seguimiento Electoral (MOSE).<\/p>\n\n\n\n<p>-0-<\/p>\n","protected":false},"excerpt":{"rendered":"<p>\u2022 Con las 13 elecciones celebradas este fin de semana suman 343 en lo que&#8230;<\/p>\n","protected":false},"author":4,"featured_media":48261,"comment_status":"","ping_status":"open","sticky":false,"template":"","format":"standard","meta":{"footnotes":""},"categories":[9],"tags":[335],"jetpack_sharing_enabled":true,"featured_image_urls":{"full":["https:\/\/contextoanalisisperiodistico.com\/wp-content\/uploads\/2025\/11\/IMG-20251117-WA0053.jpg",800,600,false],"thumbnail":["https:\/\/contextoanalisisperiodistico.com\/wp-content\/uploads\/2025\/11\/IMG-20251117-WA0053-150x150.jpg",150,150,true],"medium":["https:\/\/contextoanalisisperiodistico.com\/wp-content\/uploads\/2025\/11\/IMG-20251117-WA0053-300x225.jpg",300,225,true],"medium_large":["https:\/\/contextoanalisisperiodistico.com\/wp-content\/uploads\/2025\/11\/IMG-20251117-WA0053-768x576.jpg",640,480,true],"large":["https:\/\/contextoanalisisperiodistico.com\/wp-content\/uploads\/2025\/11\/IMG-20251117-WA0053.jpg",640,480,false],"1536x1536":["https:\/\/contextoanalisisperiodistico.com\/wp-content\/uploads\/2025\/11\/IMG-20251117-WA0053.jpg",800,600,false],"2048x2048":["https:\/\/contextoanalisisperiodistico.com\/wp-content\/uploads\/2025\/11\/IMG-20251117-WA0053.jpg",800,600,false],"covernews-slider-full":["https:\/\/contextoanalisisperiodistico.com\/wp-content\/uploads\/2025\/11\/IMG-20251117-WA0053.jpg",800,600,false],"covernews-slider-center":["https:\/\/contextoanalisisperiodistico.com\/wp-content\/uploads\/2025\/11\/IMG-20251117-WA0053-800x500.jpg",800,500,true],"covernews-featured":["https:\/\/contextoanalisisperiodistico.com\/wp-content\/uploads\/2025\/11\/IMG-20251117-WA0053.jpg",800,600,false],"covernews-medium":["https:\/\/contextoanalisisperiodistico.com\/wp-content\/uploads\/2025\/11\/IMG-20251117-WA0053-540x340.jpg",540,340,true],"covernews-medium-square":["https:\/\/contextoanalisisperiodistico.com\/wp-content\/uploads\/2025\/11\/IMG-20251117-WA0053-400x250.jpg",400,250,true]},"author_info":{"display_name":"Mario Gir\u00f3n","author_link":"https:\/\/contextoanalisisperiodistico.com\/index.php\/author\/director\/"},"category_info":"<a href=\"https:\/\/contextoanalisisperiodistico.com\/index.php\/category\/politica\/\" rel=\"category tag\">Pol\u00edtica<\/a>","tag_info":"Pol\u00edtica","comment_count":"0","jetpack_featured_media_url":"https:\/\/contextoanalisisperiodistico.com\/wp-content\/uploads\/2025\/11\/IMG-20251117-WA0053.jpg","_links":{"self":[{"href":"https:\/\/contextoanalisisperiodistico.com\/index.php\/wp-json\/wp\/v2\/posts\/48266"}],"collection":[{"href":"https:\/\/contextoanalisisperiodistico.com\/index.php\/wp-json\/wp\/v2\/posts"}],"about":[{"href":"https:\/\/contextoanalisisperiodistico.com\/index.php\/wp-json\/wp\/v2\/types\/post"}],"author":[{"embeddable":true,"href":"https:\/\/contextoanalisisperiodistico.com\/index.php\/wp-json\/wp\/v2\/users\/4"}],"replies":[{"embeddable":true,"href":"https:\/\/contextoanalisisperiodistico.com\/index.php\/wp-json\/wp\/v2\/comments?post=48266"}],"version-history":[{"count":0,"href":"https:\/\/contextoanalisisperiodistico.com\/index.php\/wp-json\/wp\/v2\/posts\/48266\/revisions"}],"wp:featuredmedia":[{"embeddable":true,"href":"https:\/\/contextoanalisisperiodistico.com\/index.php\/wp-json\/wp\/v2\/media\/48261"}],"wp:attachment":[{"href":"https:\/\/contextoanalisisperiodistico.com\/index.php\/wp-json\/wp\/v2\/media?parent=48266"}],"wp:term":[{"taxonomy":"category","embeddable":true,"href":"https:\/\/contextoanalisisperiodistico.com\/index.php\/wp-json\/wp\/v2\/categories?post=48266"},{"taxonomy":"post_tag","embeddable":true,"href":"https:\/\/contextoanalisisperiodistico.com\/index.php\/wp-json\/wp\/v2\/tags?post=48266"}],"curies":[{"name":"wp","href":"https:\/\/api.w.org\/{rel}","templated":true}]}}