{"id":48243,"date":"2025-11-15T21:14:57","date_gmt":"2025-11-16T03:14:57","guid":{"rendered":"https:\/\/contextoanalisisperiodistico.com\/index.php\/2025\/11\/15\/con-la-entrega-de-mil-500-tarjetas-del-programa-mi-primera-chamba-salomon-jara-abre-oportunidad-laboral-a-jovenes\/"},"modified":"2025-11-15T21:14:57","modified_gmt":"2025-11-16T03:14:57","slug":"con-la-entrega-de-mil-500-tarjetas-del-programa-mi-primera-chamba-salomon-jara-abre-oportunidad-laboral-a-jovenes","status":"publish","type":"post","link":"https:\/\/contextoanalisisperiodistico.com\/index.php\/2025\/11\/15\/con-la-entrega-de-mil-500-tarjetas-del-programa-mi-primera-chamba-salomon-jara-abre-oportunidad-laboral-a-jovenes\/","title":{"rendered":"Con la entrega de mil 500 tarjetas del programa Mi Primera Chamba, Salom\u00f3n Jara abre oportunidad laboral a j\u00f3venes"},"content":{"rendered":"<div id=\"fb-root\"><\/div>\n\n<p>\u2022 El Mandatario estatal expres\u00f3 que Oaxaca cree en sus j\u00f3venes y su energ\u00eda transformadora; por lo que anunci\u00f3 que el pr\u00f3ximo a\u00f1o incrementar\u00e1 la retribuci\u00f3n econ\u00f3mica<\/p>\n\n\n\n<figure class=\"wp-block-image size-large\"><img fetchpriority=\"high\" decoding=\"async\" width=\"1024\" height=\"683\" src=\"https:\/\/contextoanalisisperiodistico.com\/wp-content\/uploads\/2025\/11\/img-20251115-wa01211699714397289627873-1024x683.jpg\" alt=\"\" class=\"wp-image-48236\" srcset=\"https:\/\/contextoanalisisperiodistico.com\/wp-content\/uploads\/2025\/11\/img-20251115-wa01211699714397289627873-1024x683.jpg 1024w, https:\/\/contextoanalisisperiodistico.com\/wp-content\/uploads\/2025\/11\/img-20251115-wa01211699714397289627873-300x200.jpg 300w, https:\/\/contextoanalisisperiodistico.com\/wp-content\/uploads\/2025\/11\/img-20251115-wa01211699714397289627873-768x512.jpg 768w, https:\/\/contextoanalisisperiodistico.com\/wp-content\/uploads\/2025\/11\/img-20251115-wa01211699714397289627873.jpg 1062w\" sizes=\"(max-width: 1024px) 100vw, 1024px\" \/><\/figure>\n\n\n\n<figure class=\"wp-block-image\"><img decoding=\"async\" width=\"1024\" height=\"682\" src=\"https:\/\/contextoanalisisperiodistico.com\/wp-content\/uploads\/2025\/11\/img-20251115-wa01172152005343217185975-1024x682.jpg\" alt=\"\" class=\"wp-image-48238\" srcset=\"https:\/\/contextoanalisisperiodistico.com\/wp-content\/uploads\/2025\/11\/img-20251115-wa01172152005343217185975-1024x682.jpg 1024w, https:\/\/contextoanalisisperiodistico.com\/wp-content\/uploads\/2025\/11\/img-20251115-wa01172152005343217185975-300x200.jpg 300w, https:\/\/contextoanalisisperiodistico.com\/wp-content\/uploads\/2025\/11\/img-20251115-wa01172152005343217185975-768x512.jpg 768w, https:\/\/contextoanalisisperiodistico.com\/wp-content\/uploads\/2025\/11\/img-20251115-wa01172152005343217185975.jpg 1280w\" sizes=\"(max-width: 1024px) 100vw, 1024px\" \/><\/figure>\n\n\n\n<figure class=\"wp-block-image\"><img decoding=\"async\" width=\"1024\" height=\"682\" src=\"https:\/\/contextoanalisisperiodistico.com\/wp-content\/uploads\/2025\/11\/img-20251115-wa01167339099152095197909-1024x682.jpg\" alt=\"\" class=\"wp-image-48237\" srcset=\"https:\/\/contextoanalisisperiodistico.com\/wp-content\/uploads\/2025\/11\/img-20251115-wa01167339099152095197909-1024x682.jpg 1024w, https:\/\/contextoanalisisperiodistico.com\/wp-content\/uploads\/2025\/11\/img-20251115-wa01167339099152095197909-300x200.jpg 300w, https:\/\/contextoanalisisperiodistico.com\/wp-content\/uploads\/2025\/11\/img-20251115-wa01167339099152095197909-768x512.jpg 768w, https:\/\/contextoanalisisperiodistico.com\/wp-content\/uploads\/2025\/11\/img-20251115-wa01167339099152095197909.jpg 1280w\" sizes=\"(max-width: 1024px) 100vw, 1024px\" \/><\/figure>\n\n\n\n<figure class=\"wp-block-image\"><img loading=\"lazy\" decoding=\"async\" width=\"1024\" height=\"682\" src=\"https:\/\/contextoanalisisperiodistico.com\/wp-content\/uploads\/2025\/11\/img-20251115-wa01195205150939199654802-1024x682.jpg\" alt=\"\" class=\"wp-image-48239\" srcset=\"https:\/\/contextoanalisisperiodistico.com\/wp-content\/uploads\/2025\/11\/img-20251115-wa01195205150939199654802-1024x682.jpg 1024w, https:\/\/contextoanalisisperiodistico.com\/wp-content\/uploads\/2025\/11\/img-20251115-wa01195205150939199654802-300x200.jpg 300w, https:\/\/contextoanalisisperiodistico.com\/wp-content\/uploads\/2025\/11\/img-20251115-wa01195205150939199654802-768x512.jpg 768w, https:\/\/contextoanalisisperiodistico.com\/wp-content\/uploads\/2025\/11\/img-20251115-wa01195205150939199654802.jpg 1280w\" sizes=\"(max-width: 1024px) 100vw, 1024px\" \/><\/figure>\n\n\n\n<figure class=\"wp-block-image\"><img loading=\"lazy\" decoding=\"async\" width=\"1024\" height=\"682\" src=\"https:\/\/contextoanalisisperiodistico.com\/wp-content\/uploads\/2025\/11\/img-20251115-wa01188110794446870529699-1024x682.jpg\" alt=\"\" class=\"wp-image-48240\" srcset=\"https:\/\/contextoanalisisperiodistico.com\/wp-content\/uploads\/2025\/11\/img-20251115-wa01188110794446870529699-1024x682.jpg 1024w, https:\/\/contextoanalisisperiodistico.com\/wp-content\/uploads\/2025\/11\/img-20251115-wa01188110794446870529699-300x200.jpg 300w, https:\/\/contextoanalisisperiodistico.com\/wp-content\/uploads\/2025\/11\/img-20251115-wa01188110794446870529699-768x512.jpg 768w, https:\/\/contextoanalisisperiodistico.com\/wp-content\/uploads\/2025\/11\/img-20251115-wa01188110794446870529699.jpg 1280w\" sizes=\"(max-width: 1024px) 100vw, 1024px\" \/><\/figure>\n\n\n\n<figure class=\"wp-block-image\"><img loading=\"lazy\" decoding=\"async\" width=\"1024\" height=\"682\" src=\"https:\/\/contextoanalisisperiodistico.com\/wp-content\/uploads\/2025\/11\/img-20251115-wa01207048119509448357109-1024x682.jpg\" alt=\"\" class=\"wp-image-48241\" srcset=\"https:\/\/contextoanalisisperiodistico.com\/wp-content\/uploads\/2025\/11\/img-20251115-wa01207048119509448357109-1024x682.jpg 1024w, https:\/\/contextoanalisisperiodistico.com\/wp-content\/uploads\/2025\/11\/img-20251115-wa01207048119509448357109-300x200.jpg 300w, https:\/\/contextoanalisisperiodistico.com\/wp-content\/uploads\/2025\/11\/img-20251115-wa01207048119509448357109-768x512.jpg 768w, https:\/\/contextoanalisisperiodistico.com\/wp-content\/uploads\/2025\/11\/img-20251115-wa01207048119509448357109.jpg 1280w\" sizes=\"(max-width: 1024px) 100vw, 1024px\" \/><\/figure>\n\n\n\n<figure class=\"wp-block-image\"><img loading=\"lazy\" decoding=\"async\" width=\"1024\" height=\"682\" src=\"https:\/\/contextoanalisisperiodistico.com\/wp-content\/uploads\/2025\/11\/img-20251115-wa01147283129128437939470-1024x682.jpg\" alt=\"\" class=\"wp-image-48242\" srcset=\"https:\/\/contextoanalisisperiodistico.com\/wp-content\/uploads\/2025\/11\/img-20251115-wa01147283129128437939470-1024x682.jpg 1024w, https:\/\/contextoanalisisperiodistico.com\/wp-content\/uploads\/2025\/11\/img-20251115-wa01147283129128437939470-300x200.jpg 300w, https:\/\/contextoanalisisperiodistico.com\/wp-content\/uploads\/2025\/11\/img-20251115-wa01147283129128437939470-768x512.jpg 768w, https:\/\/contextoanalisisperiodistico.com\/wp-content\/uploads\/2025\/11\/img-20251115-wa01147283129128437939470.jpg 1280w\" sizes=\"(max-width: 1024px) 100vw, 1024px\" \/><\/figure>\n\n\n\n<p>Oaxaca de Ju\u00e1rez, Oax. 15 de noviembre de 2025.- El acceso al mundo laboral es una realidad en la Primavera Oaxaque\u00f1a que encabeza el Gobernador Salom\u00f3n Jara Cruz, quien este s\u00e1bado entreg\u00f3 mil 500 tarjetas del programa Mi Primera Chamba, Experiencia que Transforma tu Futuro, a igual n\u00famero de profesionistas de las ocho regiones de Oaxaca.<\/p>\n\n\n\n<p>Desde Palacio de Gobierno, el Mandatario estatal expres\u00f3 que esta estrategia, \u00fanica en el pa\u00eds, representa una oportunidad real, digna y necesaria para que la juventud tenga acceso a empleo, capacitaci\u00f3n y experiencia en su \u00e1mbito de formaci\u00f3n, que fortalece su porvenir.<\/p>\n\n\n\n<p>\u201cEsta es una pol\u00edtica que no se queda en discursos, se traduce en hechos muy concretos, Mi Primera Chamba responde a una realidad que escuchamos en territorio, porque ustedes son la fuerza que impulsa nuestro presente y la esperanza viva de Oaxaca\u201d, destac\u00f3.<\/p>\n\n\n\n<p>De esta manera, Jara Cruz adelant\u00f3 que este gobierno sensible y humano, incrementar\u00e1 el pr\u00f3ximo a\u00f1o la retribuci\u00f3n econ\u00f3mica, que actualmente es de 8 mil 364 pesos mensuales, durante un a\u00f1o, para todas y todos los que realizan una estancia productiva.<\/p>\n\n\n\n<p>En este marco, exhort\u00f3 a las y los beneficiarios, a que se sigan preparando desde su \u00e1rea de estudio, toda vez que el Corredor Interoce\u00e1nico del Istmo de Tehuantepec (CIIT) ser\u00e1 un polo de desarrollo econ\u00f3mico que requerir\u00e1 de las y los profesionistas de Oaxaca.<\/p>\n\n\n\n<p>En su intervenci\u00f3n, la titular de la Secretar\u00eda de Bienestar, Tequio e Inclusi\u00f3n (Sebienti), Vilma Mart\u00ednez Cort\u00e9s expres\u00f3 que este apoyo es un reconocimiento a la capacidad, inteligencia y deseo de salir delante de las y los reci\u00e9n egresados del nivel superior, quienes ahora son la fuerza de la transformaci\u00f3n de Oaxaca.<\/p>\n\n\n\n<p>\u201cEsta estrategia nace por la convicci\u00f3n profunda del Gobernador de que la juventud oaxaque\u00f1a no es el futuro lejano del estado, sino el presente m\u00e1s vigoroso; gracias por tender la mano a quienes m\u00e1s lo necesitan y quienes m\u00e1s lo merecen\u201d afirm\u00f3.<\/p>\n\n\n\n<p>En representaci\u00f3n de la juventud beneficiaria, Alejandra Cruz, originaria de la Heroica Ciudad de Huajuapan de Le\u00f3n, asever\u00f3 que este programa es una oportunidad para demostrar el talento y las capacidades que cada joven tiene, al tiempo que adquieren experiencia laboral, la cual es imprescindible al momento de buscar un empleo.<\/p>\n\n\n\n<p>-0-<\/p>\n","protected":false},"excerpt":{"rendered":"<p>\u2022 El Mandatario estatal expres\u00f3 que Oaxaca cree en sus j\u00f3venes y su energ\u00eda transformadora;&#8230;<\/p>\n","protected":false},"author":4,"featured_media":48235,"comment_status":"","ping_status":"open","sticky":false,"template":"","format":"standard","meta":{"footnotes":""},"categories":[9],"tags":[335],"jetpack_sharing_enabled":true,"featured_image_urls":{"full":["https:\/\/contextoanalisisperiodistico.com\/wp-content\/uploads\/2025\/11\/IMG-20251115-WA0115.jpg",1064,709,false],"thumbnail":["https:\/\/contextoanalisisperiodistico.com\/wp-content\/uploads\/2025\/11\/IMG-20251115-WA0115-150x150.jpg",150,150,true],"medium":["https:\/\/contextoanalisisperiodistico.com\/wp-content\/uploads\/2025\/11\/IMG-20251115-WA0115-300x200.jpg",300,200,true],"medium_large":["https:\/\/contextoanalisisperiodistico.com\/wp-content\/uploads\/2025\/11\/IMG-20251115-WA0115-768x512.jpg",640,427,true],"large":["https:\/\/contextoanalisisperiodistico.com\/wp-content\/uploads\/2025\/11\/IMG-20251115-WA0115-1024x682.jpg",640,426,true],"1536x1536":["https:\/\/contextoanalisisperiodistico.com\/wp-content\/uploads\/2025\/11\/IMG-20251115-WA0115.jpg",1064,709,false],"2048x2048":["https:\/\/contextoanalisisperiodistico.com\/wp-content\/uploads\/2025\/11\/IMG-20251115-WA0115.jpg",1064,709,false],"covernews-slider-full":["https:\/\/contextoanalisisperiodistico.com\/wp-content\/uploads\/2025\/11\/IMG-20251115-WA0115.jpg",1064,709,false],"covernews-slider-center":["https:\/\/contextoanalisisperiodistico.com\/wp-content\/uploads\/2025\/11\/IMG-20251115-WA0115-800x500.jpg",800,500,true],"covernews-featured":["https:\/\/contextoanalisisperiodistico.com\/wp-content\/uploads\/2025\/11\/IMG-20251115-WA0115-1024x682.jpg",1024,682,true],"covernews-medium":["https:\/\/contextoanalisisperiodistico.com\/wp-content\/uploads\/2025\/11\/IMG-20251115-WA0115-540x340.jpg",540,340,true],"covernews-medium-square":["https:\/\/contextoanalisisperiodistico.com\/wp-content\/uploads\/2025\/11\/IMG-20251115-WA0115-400x250.jpg",400,250,true]},"author_info":{"display_name":"Mario Gir\u00f3n","author_link":"https:\/\/contextoanalisisperiodistico.com\/index.php\/author\/director\/"},"category_info":"<a href=\"https:\/\/contextoanalisisperiodistico.com\/index.php\/category\/politica\/\" rel=\"category tag\">Pol\u00edtica<\/a>","tag_info":"Pol\u00edtica","comment_count":"0","jetpack_featured_media_url":"https:\/\/contextoanalisisperiodistico.com\/wp-content\/uploads\/2025\/11\/IMG-20251115-WA0115.jpg","_links":{"self":[{"href":"https:\/\/contextoanalisisperiodistico.com\/index.php\/wp-json\/wp\/v2\/posts\/48243"}],"collection":[{"href":"https:\/\/contextoanalisisperiodistico.com\/index.php\/wp-json\/wp\/v2\/posts"}],"about":[{"href":"https:\/\/contextoanalisisperiodistico.com\/index.php\/wp-json\/wp\/v2\/types\/post"}],"author":[{"embeddable":true,"href":"https:\/\/contextoanalisisperiodistico.com\/index.php\/wp-json\/wp\/v2\/users\/4"}],"replies":[{"embeddable":true,"href":"https:\/\/contextoanalisisperiodistico.com\/index.php\/wp-json\/wp\/v2\/comments?post=48243"}],"version-history":[{"count":0,"href":"https:\/\/contextoanalisisperiodistico.com\/index.php\/wp-json\/wp\/v2\/posts\/48243\/revisions"}],"wp:featuredmedia":[{"embeddable":true,"href":"https:\/\/contextoanalisisperiodistico.com\/index.php\/wp-json\/wp\/v2\/media\/48235"}],"wp:attachment":[{"href":"https:\/\/contextoanalisisperiodistico.com\/index.php\/wp-json\/wp\/v2\/media?parent=48243"}],"wp:term":[{"taxonomy":"category","embeddable":true,"href":"https:\/\/contextoanalisisperiodistico.com\/index.php\/wp-json\/wp\/v2\/categories?post=48243"},{"taxonomy":"post_tag","embeddable":true,"href":"https:\/\/contextoanalisisperiodistico.com\/index.php\/wp-json\/wp\/v2\/tags?post=48243"}],"curies":[{"name":"wp","href":"https:\/\/api.w.org\/{rel}","templated":true}]}}