{"id":48234,"date":"2025-11-15T19:41:08","date_gmt":"2025-11-16T01:41:08","guid":{"rendered":"https:\/\/contextoanalisisperiodistico.com\/index.php\/2025\/11\/15\/desarticula-gabinete-de-seguridad-presunta-celula-criminal-en-santa-cruz-xoxocotlan\/"},"modified":"2025-11-15T19:41:08","modified_gmt":"2025-11-16T01:41:08","slug":"desarticula-gabinete-de-seguridad-presunta-celula-criminal-en-santa-cruz-xoxocotlan","status":"publish","type":"post","link":"https:\/\/contextoanalisisperiodistico.com\/index.php\/2025\/11\/15\/desarticula-gabinete-de-seguridad-presunta-celula-criminal-en-santa-cruz-xoxocotlan\/","title":{"rendered":"Desarticula Gabinete de Seguridad presunta c\u00e9lula criminal en Santa Cruz Xoxocotl\u00e1n"},"content":{"rendered":"<div id=\"fb-root\"><\/div>\n\n<p>\u2022 En operativo coordinado se asegur\u00f3 dinero en efectivo, veh\u00edculos de motor, dosis de presuntas drogas, equipos celulares y tarjetas bancarias<\/p>\n\n\n\n<figure class=\"wp-block-image size-large\"><img fetchpriority=\"high\" decoding=\"async\" width=\"1024\" height=\"768\" src=\"https:\/\/contextoanalisisperiodistico.com\/wp-content\/uploads\/2025\/11\/img-20251115-wa010398088325589078800-1024x768.jpg\" alt=\"\" class=\"wp-image-48233\" srcset=\"https:\/\/contextoanalisisperiodistico.com\/wp-content\/uploads\/2025\/11\/img-20251115-wa010398088325589078800-1024x768.jpg 1024w, https:\/\/contextoanalisisperiodistico.com\/wp-content\/uploads\/2025\/11\/img-20251115-wa010398088325589078800-300x225.jpg 300w, https:\/\/contextoanalisisperiodistico.com\/wp-content\/uploads\/2025\/11\/img-20251115-wa010398088325589078800-768x576.jpg 768w, https:\/\/contextoanalisisperiodistico.com\/wp-content\/uploads\/2025\/11\/img-20251115-wa010398088325589078800.jpg 1280w\" sizes=\"(max-width: 1024px) 100vw, 1024px\" \/><\/figure>\n\n\n\n<p>Oaxaca de Ju\u00e1rez, Oax. 15 de noviembre de 2025.- Como resultado de un operativo coordinado por el Gabinete de Seguridad, nueve personas fueron detenidas durante las diligencias de cateo realizadas en cinco domicilios del municipio de Santa Cruz Xoxocotl\u00e1n.<\/p>\n\n\n\n<p>La intervenci\u00f3n ejecutada de manera simult\u00e1nea por elementos de la Polic\u00eda Estatal, Secretar\u00eda de la Defensa Nacional (Defensa) y Agencia Estatal de Investigaciones (AEI), en el fraccionamiento Jardines de Santa Cruz, tuvo como objetivo desarticular actividades presuntamente il\u00edcitas en la regi\u00f3n de los Valles Centrales.<\/p>\n\n\n\n<p>Derivado de estas acciones se asegur\u00f3: 1 mill\u00f3n 87 mil pesos en efectivo; 14 veh\u00edculos de motor de diferentes marcas y modelos; dosis de presuntas drogas con caracter\u00edsticas similares a la marihuana, cristal y coca\u00edna; 25 equipos de telefon\u00eda celular; una computadora port\u00e1til; as\u00ed como diversas tarjetas bancarias.<\/p>\n\n\n\n<p>Las personas detenidas y los indicios fueron puestos a disposici\u00f3n de la Fiscal\u00eda General del Estado de Oaxaca (FGEO), quien determinar\u00e1 las responsabilidades legales correspondientes.<\/p>\n\n\n\n<p>Las corporaciones de seguridad contin\u00faan trabajando para salvaguardar la paz y seguridad de las familias en todo el estado.<\/p>\n\n\n\n<p>-0-<\/p>\n","protected":false},"excerpt":{"rendered":"<p>\u2022 En operativo coordinado se asegur\u00f3 dinero en efectivo, veh\u00edculos de motor, dosis de presuntas&#8230;<\/p>\n","protected":false},"author":4,"featured_media":48232,"comment_status":"","ping_status":"open","sticky":false,"template":"","format":"standard","meta":{"footnotes":""},"categories":[9],"tags":[303],"jetpack_sharing_enabled":true,"featured_image_urls":{"full":["https:\/\/contextoanalisisperiodistico.com\/wp-content\/uploads\/2025\/11\/IMG-20251115-WA0102.jpg",686,800,false],"thumbnail":["https:\/\/contextoanalisisperiodistico.com\/wp-content\/uploads\/2025\/11\/IMG-20251115-WA0102-150x150.jpg",150,150,true],"medium":["https:\/\/contextoanalisisperiodistico.com\/wp-content\/uploads\/2025\/11\/IMG-20251115-WA0102-257x300.jpg",257,300,true],"medium_large":["https:\/\/contextoanalisisperiodistico.com\/wp-content\/uploads\/2025\/11\/IMG-20251115-WA0102.jpg",640,746,false],"large":["https:\/\/contextoanalisisperiodistico.com\/wp-content\/uploads\/2025\/11\/IMG-20251115-WA0102.jpg",640,746,false],"1536x1536":["https:\/\/contextoanalisisperiodistico.com\/wp-content\/uploads\/2025\/11\/IMG-20251115-WA0102.jpg",686,800,false],"2048x2048":["https:\/\/contextoanalisisperiodistico.com\/wp-content\/uploads\/2025\/11\/IMG-20251115-WA0102.jpg",686,800,false],"covernews-slider-full":["https:\/\/contextoanalisisperiodistico.com\/wp-content\/uploads\/2025\/11\/IMG-20251115-WA0102-686x715.jpg",686,715,true],"covernews-slider-center":["https:\/\/contextoanalisisperiodistico.com\/wp-content\/uploads\/2025\/11\/IMG-20251115-WA0102-686x500.jpg",686,500,true],"covernews-featured":["https:\/\/contextoanalisisperiodistico.com\/wp-content\/uploads\/2025\/11\/IMG-20251115-WA0102.jpg",686,800,false],"covernews-medium":["https:\/\/contextoanalisisperiodistico.com\/wp-content\/uploads\/2025\/11\/IMG-20251115-WA0102-540x340.jpg",540,340,true],"covernews-medium-square":["https:\/\/contextoanalisisperiodistico.com\/wp-content\/uploads\/2025\/11\/IMG-20251115-WA0102-400x250.jpg",400,250,true]},"author_info":{"display_name":"Mario Gir\u00f3n","author_link":"https:\/\/contextoanalisisperiodistico.com\/index.php\/author\/director\/"},"category_info":"<a href=\"https:\/\/contextoanalisisperiodistico.com\/index.php\/category\/politica\/\" rel=\"category tag\">Pol\u00edtica<\/a>","tag_info":"Pol\u00edtica","comment_count":"0","jetpack_featured_media_url":"https:\/\/contextoanalisisperiodistico.com\/wp-content\/uploads\/2025\/11\/IMG-20251115-WA0102.jpg","_links":{"self":[{"href":"https:\/\/contextoanalisisperiodistico.com\/index.php\/wp-json\/wp\/v2\/posts\/48234"}],"collection":[{"href":"https:\/\/contextoanalisisperiodistico.com\/index.php\/wp-json\/wp\/v2\/posts"}],"about":[{"href":"https:\/\/contextoanalisisperiodistico.com\/index.php\/wp-json\/wp\/v2\/types\/post"}],"author":[{"embeddable":true,"href":"https:\/\/contextoanalisisperiodistico.com\/index.php\/wp-json\/wp\/v2\/users\/4"}],"replies":[{"embeddable":true,"href":"https:\/\/contextoanalisisperiodistico.com\/index.php\/wp-json\/wp\/v2\/comments?post=48234"}],"version-history":[{"count":0,"href":"https:\/\/contextoanalisisperiodistico.com\/index.php\/wp-json\/wp\/v2\/posts\/48234\/revisions"}],"wp:featuredmedia":[{"embeddable":true,"href":"https:\/\/contextoanalisisperiodistico.com\/index.php\/wp-json\/wp\/v2\/media\/48232"}],"wp:attachment":[{"href":"https:\/\/contextoanalisisperiodistico.com\/index.php\/wp-json\/wp\/v2\/media?parent=48234"}],"wp:term":[{"taxonomy":"category","embeddable":true,"href":"https:\/\/contextoanalisisperiodistico.com\/index.php\/wp-json\/wp\/v2\/categories?post=48234"},{"taxonomy":"post_tag","embeddable":true,"href":"https:\/\/contextoanalisisperiodistico.com\/index.php\/wp-json\/wp\/v2\/tags?post=48234"}],"curies":[{"name":"wp","href":"https:\/\/api.w.org\/{rel}","templated":true}]}}