{"id":48231,"date":"2025-11-15T19:01:17","date_gmt":"2025-11-16T01:01:17","guid":{"rendered":"https:\/\/contextoanalisisperiodistico.com\/index.php\/2025\/11\/15\/emite-gobierno-de-oaxaca-convocatoria-para-elegir-la-imagen-oficial-de-la-guelaguetza-2026\/"},"modified":"2025-11-15T19:01:17","modified_gmt":"2025-11-16T01:01:17","slug":"emite-gobierno-de-oaxaca-convocatoria-para-elegir-la-imagen-oficial-de-la-guelaguetza-2026","status":"publish","type":"post","link":"https:\/\/contextoanalisisperiodistico.com\/index.php\/2025\/11\/15\/emite-gobierno-de-oaxaca-convocatoria-para-elegir-la-imagen-oficial-de-la-guelaguetza-2026\/","title":{"rendered":"Emite Gobierno de Oaxaca convocatoria para elegir la imagen oficial de la Guelaguetza 2026"},"content":{"rendered":"<div id=\"fb-root\"><\/div>\n\n<ul class=\"wp-block-list\">\n<li>La recepci\u00f3n de obras cierra el 9 de enero a las 15:00 horas<\/li>\n<\/ul>\n\n\n\n<p>Oaxaca de Ju\u00e1rez, Oax., 15 de noviembre de 2025.- El Gobierno del Estado, a trav\u00e9s de la Secretar\u00eda de Turismo (Sectur Oaxaca), emiti\u00f3 la convocatoria del Concurso Estatal para seleccionar la imagen oficial de Julio, Mes de la Guelaguetza 2026.<\/p>\n\n\n\n<p>Podr\u00e1n participar personas mayores de 18 a\u00f1os nacidas en Oaxaca, con obras originales e in\u00e9ditas, bajo el tema: \u201cGuelaguetza 2026. Fiesta de los Lunes del Cerro\u201d.<\/p>\n\n\n\n<p>Cada participante podr\u00e1 registrar una sola obra que refleje las manifestaciones culturales, art\u00edsticas, folcl\u00f3ricas, danc\u00edsticas, gastron\u00f3micas y tradicionales de las ocho regiones del estado, as\u00ed como de las 16 culturas originarias y del pueblo afromexicano.<\/p>\n\n\n\n<p>La recepci\u00f3n de trabajos permanecer\u00e1 abierta hasta el 9 de enero de 2026 a las 15:00 horas. Las obras deber\u00e1n entregarse acompa\u00f1adas del formato de registro debidamente rellenado, disponible en el enlace: https:\/\/goo.su\/kAWB<\/p>\n\n\n\n<p>El jurado, integrado por especialistas en artes gr\u00e1ficas y personas organizadoras de las Fiestas de los Lunes del Cerro; seleccionar\u00e1 la imagen oficial de la m\u00e1xima celebraci\u00f3n de Oaxaca. La autora o el autor ganador recibir\u00e1 un apoyo econ\u00f3mico de 50 mil pesos.<\/p>\n\n\n\n<p>Las personas interesadas pueden consultar la convocatoria completa en las redes sociales oficiales de la Secretar\u00eda de Turismo del Estado.<\/p>\n\n\n\n<p>-0-<\/p>\n","protected":false},"excerpt":{"rendered":"<p>Oaxaca de Ju\u00e1rez, Oax., 15 de noviembre de 2025.- El Gobierno del Estado, a trav\u00e9s&#8230;<\/p>\n","protected":false},"author":4,"featured_media":48230,"comment_status":"","ping_status":"open","sticky":false,"template":"","format":"standard","meta":{"footnotes":""},"categories":[9],"tags":[303],"jetpack_sharing_enabled":true,"featured_image_urls":{"full":["https:\/\/contextoanalisisperiodistico.com\/wp-content\/uploads\/2025\/11\/IMG-20251115-WA0101.jpg",1024,1280,false],"thumbnail":["https:\/\/contextoanalisisperiodistico.com\/wp-content\/uploads\/2025\/11\/IMG-20251115-WA0101-150x150.jpg",150,150,true],"medium":["https:\/\/contextoanalisisperiodistico.com\/wp-content\/uploads\/2025\/11\/IMG-20251115-WA0101-240x300.jpg",240,300,true],"medium_large":["https:\/\/contextoanalisisperiodistico.com\/wp-content\/uploads\/2025\/11\/IMG-20251115-WA0101-768x960.jpg",640,800,true],"large":["https:\/\/contextoanalisisperiodistico.com\/wp-content\/uploads\/2025\/11\/IMG-20251115-WA0101-819x1024.jpg",640,800,true],"1536x1536":["https:\/\/contextoanalisisperiodistico.com\/wp-content\/uploads\/2025\/11\/IMG-20251115-WA0101.jpg",1024,1280,false],"2048x2048":["https:\/\/contextoanalisisperiodistico.com\/wp-content\/uploads\/2025\/11\/IMG-20251115-WA0101.jpg",1024,1280,false],"covernews-slider-full":["https:\/\/contextoanalisisperiodistico.com\/wp-content\/uploads\/2025\/11\/IMG-20251115-WA0101-1024x715.jpg",1024,715,true],"covernews-slider-center":["https:\/\/contextoanalisisperiodistico.com\/wp-content\/uploads\/2025\/11\/IMG-20251115-WA0101-800x500.jpg",800,500,true],"covernews-featured":["https:\/\/contextoanalisisperiodistico.com\/wp-content\/uploads\/2025\/11\/IMG-20251115-WA0101.jpg",1024,1280,false],"covernews-medium":["https:\/\/contextoanalisisperiodistico.com\/wp-content\/uploads\/2025\/11\/IMG-20251115-WA0101-540x340.jpg",540,340,true],"covernews-medium-square":["https:\/\/contextoanalisisperiodistico.com\/wp-content\/uploads\/2025\/11\/IMG-20251115-WA0101-400x250.jpg",400,250,true]},"author_info":{"display_name":"Mario Gir\u00f3n","author_link":"https:\/\/contextoanalisisperiodistico.com\/index.php\/author\/director\/"},"category_info":"<a href=\"https:\/\/contextoanalisisperiodistico.com\/index.php\/category\/politica\/\" rel=\"category tag\">Pol\u00edtica<\/a>","tag_info":"Pol\u00edtica","comment_count":"0","jetpack_featured_media_url":"https:\/\/contextoanalisisperiodistico.com\/wp-content\/uploads\/2025\/11\/IMG-20251115-WA0101.jpg","_links":{"self":[{"href":"https:\/\/contextoanalisisperiodistico.com\/index.php\/wp-json\/wp\/v2\/posts\/48231"}],"collection":[{"href":"https:\/\/contextoanalisisperiodistico.com\/index.php\/wp-json\/wp\/v2\/posts"}],"about":[{"href":"https:\/\/contextoanalisisperiodistico.com\/index.php\/wp-json\/wp\/v2\/types\/post"}],"author":[{"embeddable":true,"href":"https:\/\/contextoanalisisperiodistico.com\/index.php\/wp-json\/wp\/v2\/users\/4"}],"replies":[{"embeddable":true,"href":"https:\/\/contextoanalisisperiodistico.com\/index.php\/wp-json\/wp\/v2\/comments?post=48231"}],"version-history":[{"count":0,"href":"https:\/\/contextoanalisisperiodistico.com\/index.php\/wp-json\/wp\/v2\/posts\/48231\/revisions"}],"wp:featuredmedia":[{"embeddable":true,"href":"https:\/\/contextoanalisisperiodistico.com\/index.php\/wp-json\/wp\/v2\/media\/48230"}],"wp:attachment":[{"href":"https:\/\/contextoanalisisperiodistico.com\/index.php\/wp-json\/wp\/v2\/media?parent=48231"}],"wp:term":[{"taxonomy":"category","embeddable":true,"href":"https:\/\/contextoanalisisperiodistico.com\/index.php\/wp-json\/wp\/v2\/categories?post=48231"},{"taxonomy":"post_tag","embeddable":true,"href":"https:\/\/contextoanalisisperiodistico.com\/index.php\/wp-json\/wp\/v2\/tags?post=48231"}],"curies":[{"name":"wp","href":"https:\/\/api.w.org\/{rel}","templated":true}]}}