{"id":48229,"date":"2025-11-15T16:03:11","date_gmt":"2025-11-15T22:03:11","guid":{"rendered":"https:\/\/contextoanalisisperiodistico.com\/index.php\/2025\/11\/15\/en-tres-anos-con-cercania-y-compromiso-dif-oaxaca-logra-resultados-historicos-en-el-bienestar-de-quienes-mas-lo-necesitan-irma-bolanos\/"},"modified":"2025-11-15T16:03:11","modified_gmt":"2025-11-15T22:03:11","slug":"en-tres-anos-con-cercania-y-compromiso-dif-oaxaca-logra-resultados-historicos-en-el-bienestar-de-quienes-mas-lo-necesitan-irma-bolanos","status":"publish","type":"post","link":"https:\/\/contextoanalisisperiodistico.com\/index.php\/2025\/11\/15\/en-tres-anos-con-cercania-y-compromiso-dif-oaxaca-logra-resultados-historicos-en-el-bienestar-de-quienes-mas-lo-necesitan-irma-bolanos\/","title":{"rendered":"En tres a\u00f1os, con cercan\u00eda y compromiso DIF Oaxaca logra resultados hist\u00f3ricos en el bienestar de quienes m\u00e1s lo necesitan: Irma Bola\u00f1os"},"content":{"rendered":"<div id=\"fb-root\"><\/div>\n\n<p>\u2022 La Presidenta Honoraria rindi\u00f3 su Tercer Informe de Actividades ante el Gobernador Salom\u00f3n Jara, en el que dio a conocer que la instituci\u00f3n ha logrado reducir en un 5.1 por ciento la carencia alimentaria<\/p>\n\n\n\n<p>\u2022 Destac\u00f3 las inauguraciones de la primera Casa de D\u00eda y el Centro de Rehabilitaci\u00f3n Integral DIF Bienestar y Cuidados para Oaxaca. Adem\u00e1s de la creaci\u00f3n de la Casa de Transici\u00f3n a una vida Independiente, \u00fanica en el pa\u00eds<\/p>\n\n\n\n<p>Santa Luc\u00eda del Camino, Oax. 15 de noviembre de 2025.- En el tercer a\u00f1o de la Primavera Oaxaque\u00f1a, la justicia social es una realidad palpable; as\u00ed lo demuestra la reducci\u00f3n en un 5.1 por ciento de la carencia alimentaria, resultado de los programas implementados por el Sistema Estatal para el Desarrollo Integral de la Familia (DIF), encabezado por la Presidenta Honoraria Irma Bola\u00f1os Quijano; lo que marca un avance hist\u00f3rico en el bienestar.<\/p>\n\n\n\n<p>Al rendir el Tercer Informe de Actividades de este organismo estatal, ante el Gobernador Salom\u00f3n Jara Cruz y el pueblo de Oaxaca; Bola\u00f1os Quijano destac\u00f3 que m\u00e1s de 500 mil personas en 542 municipios, han recibido m\u00e1s de 1 mill\u00f3n 300 mil canastas alimentarias, lo que contribuy\u00f3 sustancialmente en este logro sin precedentes.<\/p>\n\n\n\n<p>Estos apoyos significativos para las familias oaxaque\u00f1as se realizaron mediante los programas: Latido nutritivo, Itacate de mi coraz\u00f3n, Guisos de mi pueblo, Alimentaci\u00f3n solidaria y Desayuno de letritas.<\/p>\n\n\n\n<p>\u201cSon estas acciones, las que nos permitir\u00e1n consolidar la gran transformaci\u00f3n de la entidad, hoy puedo afirmar con orgullo que el Sistema DIF Oaxaca se ha convertido en una instituci\u00f3n viva, humana y cercana; un espacio donde el amor es fuerza, la empat\u00eda se vuelve un estandarte y la solidaridad se convierte en pol\u00edtica p\u00fablica\u201d, afirm\u00f3 desde el Centro Cultural y de Convenciones de Oaxaca.<\/p>\n\n\n\n<p>Otro de los logros alcanzados este 2025 fue la puesta en marcha de la primera Casa de D\u00eda del Sistema Estatal DIF, en la que personas mayores de la capital del estado disfrutan de actividades recreativas y servicios m\u00e9dicos, psicol\u00f3gicos, educativos y jur\u00eddicos; con la firme convicci\u00f3n de que envejecer no es sin\u00f3nimo de perder derechos, sino ejercerlos con dignidad.<\/p>\n\n\n\n<p>El orgullo y felicidad de Bola\u00f1os Quijano se hizo patente cuando refiri\u00f3 que este a\u00f1o se puso en marcha el Centro de Rehabilitaci\u00f3n Integral DIF Bienestar y Cuidados para Oaxaca, que combina la ciencia y calidez, y que se distingue por ofrecer uno de los primeros sistemas de neurorehabilitaci\u00f3n rob\u00f3tica en Am\u00e9rica Latina a personas con discapacidad.<\/p>\n\n\n\n<p>Otro hito hist\u00f3rico es la creaci\u00f3n de la Casa de Transici\u00f3n a una vida Independiente, \u00fanica en el pa\u00eds, que va a acompa\u00f1ar a mujeres adolescentes egresadas de los albergues para que puedan comenzar su vida con autonom\u00eda y certidumbre.<\/p>\n\n\n\n<p>\u201cEn cada jornada, visita e historia de amor, he comprendido que el verdadero cambio no nace en las oficinas, sino en el acercamiento con la gente. Le hago un reconocimiento al Gobernador Salom\u00f3n Jara Cruz, por ser ejemplo de trabajo, compromiso y amor por Oaxaca, le agradezco y reconozco que todos los d\u00edas nos recuerda que servir es la forma m\u00e1s noble de transformar\u201d, expres\u00f3.<\/p>\n\n\n\n<p>A lo largo de estos tres a\u00f1os de administraci\u00f3n, el Sistema DIF Oaxaca ha efectuado otras acciones prioritarias como: la reducci\u00f3n a cuatro meses de los tr\u00e1mites de adopci\u00f3n, lo cual refuerza el derecho de ni\u00f1as y ni\u00f1os a vivir en familia. Adem\u00e1s, contin\u00faa promoviendo los programas \u201cRompe el tab\u00fa\u201d, \u201cGuardianes de los derechos\u201d y \u201cEntre broma y broma el acoso se asoma\u201d en instituciones de las ocho regiones del estado.<\/p>\n\n\n\n<p>-0-<\/p>\n\n\n\n<figure class=\"wp-block-image size-large\"><img fetchpriority=\"high\" decoding=\"async\" width=\"1024\" height=\"682\" src=\"https:\/\/contextoanalisisperiodistico.com\/wp-content\/uploads\/2025\/11\/img-20251115-wa00816941608983210919710-1024x682.jpg\" alt=\"\" class=\"wp-image-48226\" srcset=\"https:\/\/contextoanalisisperiodistico.com\/wp-content\/uploads\/2025\/11\/img-20251115-wa00816941608983210919710-1024x682.jpg 1024w, https:\/\/contextoanalisisperiodistico.com\/wp-content\/uploads\/2025\/11\/img-20251115-wa00816941608983210919710-300x200.jpg 300w, https:\/\/contextoanalisisperiodistico.com\/wp-content\/uploads\/2025\/11\/img-20251115-wa00816941608983210919710-768x512.jpg 768w, https:\/\/contextoanalisisperiodistico.com\/wp-content\/uploads\/2025\/11\/img-20251115-wa00816941608983210919710-1536x1023.jpg 1536w, https:\/\/contextoanalisisperiodistico.com\/wp-content\/uploads\/2025\/11\/img-20251115-wa00816941608983210919710.jpg 1600w\" sizes=\"(max-width: 1024px) 100vw, 1024px\" \/><\/figure>\n\n\n\n<figure class=\"wp-block-image\"><img decoding=\"async\" width=\"1024\" height=\"682\" src=\"https:\/\/contextoanalisisperiodistico.com\/wp-content\/uploads\/2025\/11\/img-20251115-wa00774936465129296095818-1024x682.jpg\" alt=\"\" class=\"wp-image-48224\" srcset=\"https:\/\/contextoanalisisperiodistico.com\/wp-content\/uploads\/2025\/11\/img-20251115-wa00774936465129296095818-1024x682.jpg 1024w, https:\/\/contextoanalisisperiodistico.com\/wp-content\/uploads\/2025\/11\/img-20251115-wa00774936465129296095818-300x200.jpg 300w, https:\/\/contextoanalisisperiodistico.com\/wp-content\/uploads\/2025\/11\/img-20251115-wa00774936465129296095818-768x512.jpg 768w, https:\/\/contextoanalisisperiodistico.com\/wp-content\/uploads\/2025\/11\/img-20251115-wa00774936465129296095818.jpg 1280w\" sizes=\"(max-width: 1024px) 100vw, 1024px\" \/><\/figure>\n\n\n\n<figure class=\"wp-block-image\"><img decoding=\"async\" width=\"1024\" height=\"682\" src=\"https:\/\/contextoanalisisperiodistico.com\/wp-content\/uploads\/2025\/11\/img-20251115-wa0079298349835018218015-1024x682.jpg\" alt=\"\" class=\"wp-image-48225\" srcset=\"https:\/\/contextoanalisisperiodistico.com\/wp-content\/uploads\/2025\/11\/img-20251115-wa0079298349835018218015-1024x682.jpg 1024w, https:\/\/contextoanalisisperiodistico.com\/wp-content\/uploads\/2025\/11\/img-20251115-wa0079298349835018218015-300x200.jpg 300w, https:\/\/contextoanalisisperiodistico.com\/wp-content\/uploads\/2025\/11\/img-20251115-wa0079298349835018218015-768x512.jpg 768w, https:\/\/contextoanalisisperiodistico.com\/wp-content\/uploads\/2025\/11\/img-20251115-wa0079298349835018218015.jpg 1280w\" sizes=\"(max-width: 1024px) 100vw, 1024px\" \/><\/figure>\n\n\n\n<figure class=\"wp-block-image\"><img loading=\"lazy\" decoding=\"async\" width=\"1024\" height=\"682\" src=\"https:\/\/contextoanalisisperiodistico.com\/wp-content\/uploads\/2025\/11\/img-20251115-wa00781062936552280155203-1024x682.jpg\" alt=\"\" class=\"wp-image-48227\" srcset=\"https:\/\/contextoanalisisperiodistico.com\/wp-content\/uploads\/2025\/11\/img-20251115-wa00781062936552280155203-1024x682.jpg 1024w, https:\/\/contextoanalisisperiodistico.com\/wp-content\/uploads\/2025\/11\/img-20251115-wa00781062936552280155203-300x200.jpg 300w, https:\/\/contextoanalisisperiodistico.com\/wp-content\/uploads\/2025\/11\/img-20251115-wa00781062936552280155203-768x512.jpg 768w, https:\/\/contextoanalisisperiodistico.com\/wp-content\/uploads\/2025\/11\/img-20251115-wa00781062936552280155203-1536x1023.jpg 1536w, https:\/\/contextoanalisisperiodistico.com\/wp-content\/uploads\/2025\/11\/img-20251115-wa00781062936552280155203.jpg 1600w\" sizes=\"(max-width: 1024px) 100vw, 1024px\" \/><\/figure>\n\n\n\n<figure class=\"wp-block-image\"><img loading=\"lazy\" decoding=\"async\" width=\"1024\" height=\"682\" src=\"https:\/\/contextoanalisisperiodistico.com\/wp-content\/uploads\/2025\/11\/img-20251115-wa0076584654979235029080-1024x682.jpg\" alt=\"\" class=\"wp-image-48228\" srcset=\"https:\/\/contextoanalisisperiodistico.com\/wp-content\/uploads\/2025\/11\/img-20251115-wa0076584654979235029080-1024x682.jpg 1024w, https:\/\/contextoanalisisperiodistico.com\/wp-content\/uploads\/2025\/11\/img-20251115-wa0076584654979235029080-300x200.jpg 300w, https:\/\/contextoanalisisperiodistico.com\/wp-content\/uploads\/2025\/11\/img-20251115-wa0076584654979235029080-768x512.jpg 768w, https:\/\/contextoanalisisperiodistico.com\/wp-content\/uploads\/2025\/11\/img-20251115-wa0076584654979235029080.jpg 1280w\" sizes=\"(max-width: 1024px) 100vw, 1024px\" \/><\/figure>\n","protected":false},"excerpt":{"rendered":"<p>\u2022 La Presidenta Honoraria rindi\u00f3 su Tercer Informe de Actividades ante el Gobernador Salom\u00f3n Jara,&#8230;<\/p>\n","protected":false},"author":4,"featured_media":48223,"comment_status":"","ping_status":"open","sticky":false,"template":"","format":"standard","meta":{"footnotes":""},"categories":[9],"tags":[335],"jetpack_sharing_enabled":true,"featured_image_urls":{"full":["https:\/\/contextoanalisisperiodistico.com\/wp-content\/uploads\/2025\/11\/IMG-20251115-WA0074.jpg",1600,1066,false],"thumbnail":["https:\/\/contextoanalisisperiodistico.com\/wp-content\/uploads\/2025\/11\/IMG-20251115-WA0074-150x150.jpg",150,150,true],"medium":["https:\/\/contextoanalisisperiodistico.com\/wp-content\/uploads\/2025\/11\/IMG-20251115-WA0074-300x200.jpg",300,200,true],"medium_large":["https:\/\/contextoanalisisperiodistico.com\/wp-content\/uploads\/2025\/11\/IMG-20251115-WA0074-768x512.jpg",640,427,true],"large":["https:\/\/contextoanalisisperiodistico.com\/wp-content\/uploads\/2025\/11\/IMG-20251115-WA0074-1024x682.jpg",640,426,true],"1536x1536":["https:\/\/contextoanalisisperiodistico.com\/wp-content\/uploads\/2025\/11\/IMG-20251115-WA0074-1536x1023.jpg",1536,1023,true],"2048x2048":["https:\/\/contextoanalisisperiodistico.com\/wp-content\/uploads\/2025\/11\/IMG-20251115-WA0074.jpg",1600,1066,false],"covernews-slider-full":["https:\/\/contextoanalisisperiodistico.com\/wp-content\/uploads\/2025\/11\/IMG-20251115-WA0074-1115x715.jpg",1115,715,true],"covernews-slider-center":["https:\/\/contextoanalisisperiodistico.com\/wp-content\/uploads\/2025\/11\/IMG-20251115-WA0074-800x500.jpg",800,500,true],"covernews-featured":["https:\/\/contextoanalisisperiodistico.com\/wp-content\/uploads\/2025\/11\/IMG-20251115-WA0074-1024x682.jpg",1024,682,true],"covernews-medium":["https:\/\/contextoanalisisperiodistico.com\/wp-content\/uploads\/2025\/11\/IMG-20251115-WA0074-540x340.jpg",540,340,true],"covernews-medium-square":["https:\/\/contextoanalisisperiodistico.com\/wp-content\/uploads\/2025\/11\/IMG-20251115-WA0074-400x250.jpg",400,250,true]},"author_info":{"display_name":"Mario Gir\u00f3n","author_link":"https:\/\/contextoanalisisperiodistico.com\/index.php\/author\/director\/"},"category_info":"<a href=\"https:\/\/contextoanalisisperiodistico.com\/index.php\/category\/politica\/\" rel=\"category tag\">Pol\u00edtica<\/a>","tag_info":"Pol\u00edtica","comment_count":"0","jetpack_featured_media_url":"https:\/\/contextoanalisisperiodistico.com\/wp-content\/uploads\/2025\/11\/IMG-20251115-WA0074.jpg","_links":{"self":[{"href":"https:\/\/contextoanalisisperiodistico.com\/index.php\/wp-json\/wp\/v2\/posts\/48229"}],"collection":[{"href":"https:\/\/contextoanalisisperiodistico.com\/index.php\/wp-json\/wp\/v2\/posts"}],"about":[{"href":"https:\/\/contextoanalisisperiodistico.com\/index.php\/wp-json\/wp\/v2\/types\/post"}],"author":[{"embeddable":true,"href":"https:\/\/contextoanalisisperiodistico.com\/index.php\/wp-json\/wp\/v2\/users\/4"}],"replies":[{"embeddable":true,"href":"https:\/\/contextoanalisisperiodistico.com\/index.php\/wp-json\/wp\/v2\/comments?post=48229"}],"version-history":[{"count":0,"href":"https:\/\/contextoanalisisperiodistico.com\/index.php\/wp-json\/wp\/v2\/posts\/48229\/revisions"}],"wp:featuredmedia":[{"embeddable":true,"href":"https:\/\/contextoanalisisperiodistico.com\/index.php\/wp-json\/wp\/v2\/media\/48223"}],"wp:attachment":[{"href":"https:\/\/contextoanalisisperiodistico.com\/index.php\/wp-json\/wp\/v2\/media?parent=48229"}],"wp:term":[{"taxonomy":"category","embeddable":true,"href":"https:\/\/contextoanalisisperiodistico.com\/index.php\/wp-json\/wp\/v2\/categories?post=48229"},{"taxonomy":"post_tag","embeddable":true,"href":"https:\/\/contextoanalisisperiodistico.com\/index.php\/wp-json\/wp\/v2\/tags?post=48229"}],"curies":[{"name":"wp","href":"https:\/\/api.w.org\/{rel}","templated":true}]}}