{"id":48208,"date":"2025-11-15T09:00:41","date_gmt":"2025-11-15T15:00:41","guid":{"rendered":"https:\/\/contextoanalisisperiodistico.com\/index.php\/2025\/11\/15\/entrega-salomon-jara-segunda-etapa-de-camino-santa-maria-yucunicoco-juxtlahuaca\/"},"modified":"2025-11-15T09:01:36","modified_gmt":"2025-11-15T15:01:36","slug":"entrega-salomon-jara-segunda-etapa-de-camino-santa-maria-yucunicoco-juxtlahuaca","status":"publish","type":"post","link":"https:\/\/contextoanalisisperiodistico.com\/index.php\/2025\/11\/15\/entrega-salomon-jara-segunda-etapa-de-camino-santa-maria-yucunicoco-juxtlahuaca\/","title":{"rendered":"Entrega Salom\u00f3n Jara segunda etapa de camino Santa Mar\u00eda Yucunicoco-Juxtlahuaca"},"content":{"rendered":"<div id=\"fb-root\"><\/div>\n\n<p>\u2022 Oaxaca avanza con hechos: el Mandatario estatal dio a conocer que estos 5 kil\u00f3metros se suman a los 10 finalizados en 2023<\/p>\n\n\n\n<p>Santiago Juxtlahuaca, Oax. 14 de noviembre de 2025.- El Gobierno que encabeza Salom\u00f3n Jara Cruz mejora la conectividad, comunicaci\u00f3n y desarrollo integral de Oaxaca; prueba de ello es la inauguraci\u00f3n de la segunda etapa del camino que va de la agencia Santa Mar\u00eda Yucunicoco al municipio de Santiago Juxtlahuaca, que tuvo una inversi\u00f3n de 24 millones de pesos.<\/p>\n\n\n\n<p>En este acto hist\u00f3rico para la regi\u00f3n Mixteca, el Mandatario estatal dio a conocer que esta obra de 5 kil\u00f3metros se suma a los 10 entregados en 2023.<\/p>\n\n\n\n<p>\u201cLa obra p\u00fablica cuando se hace con honestidad y profundo sentido social es una de las herramientas m\u00e1s poderosas para transformar la vida de un pueblo. La Primavera Oaxaque\u00f1a florece aqu\u00ed en Yucunicoco con obras que se pueden tocar y que nacen del esfuerzo permanente de las autoridades municipales y los gobiernos estatal y federal\u201d, declar\u00f3 ante cientos de habitantes.<\/p>\n\n\n\n<p>Jara Cruz reconoci\u00f3 el tequio de mujeres y hombres para concretar esta infraestructura que facilita el traslado de estudiantes y de quienes requieren atenci\u00f3n m\u00e9dica, impulsa el comercio de la localidad, fortalece la econom\u00eda familiar y permite que los productos de la zona lleguen a mejores mercados.<\/p>\n\n\n\n<p>En su intervenci\u00f3n el titular de Caminos Bienestar (Cabien), Mois\u00e9s Salazar Mart\u00ednez inform\u00f3 que las acciones realizadas consistieron en: trabajos de terracer\u00eda, cortes, ampliaciones, formaci\u00f3n de terraplenes, concreto hidr\u00e1ulico, empedrado de concreto, el cambio de 13 obras de drenaje y dos ampliaciones de alcantarillas, entre otros.<\/p>\n\n\n\n<p>\u201cEl Gobierno de Salom\u00f3n Jara est\u00e1 haciendo lo que nunca se hizo, trabajamos desde territorio en la conservaci\u00f3n, rehabilitaci\u00f3n y construcci\u00f3n de caminos, carreteras y puentes, mejorando la comunicaci\u00f3n con las comunidades que estuvieron abandonadas por mucho tiempo\u201d, se\u00f1al\u00f3.<\/p>\n\n\n\n<p>El agente municipal de Santa Mar\u00eda Yucunicoco, Mois\u00e9s S\u00e1nchez Rosas y el edil de Santiago Juxtlahuaca, Arsenio Lorenzo Mej\u00eda Garc\u00eda agradecieron al titular del Poder Ejecutivo estatal por el apoyo brindado en esta obra que dignifica la vida de las y los habitantes de la zona.<\/p>\n\n\n\n<p>-0-<\/p>\n\n\n\n<figure class=\"wp-block-image size-large\"><img fetchpriority=\"high\" decoding=\"async\" width=\"1024\" height=\"682\" src=\"https:\/\/contextoanalisisperiodistico.com\/wp-content\/uploads\/2025\/11\/img-20251114-wa01318546851531816875836-1024x682.jpg\" alt=\"\" class=\"wp-image-48203\" srcset=\"https:\/\/contextoanalisisperiodistico.com\/wp-content\/uploads\/2025\/11\/img-20251114-wa01318546851531816875836-1024x682.jpg 1024w, https:\/\/contextoanalisisperiodistico.com\/wp-content\/uploads\/2025\/11\/img-20251114-wa01318546851531816875836-300x200.jpg 300w, https:\/\/contextoanalisisperiodistico.com\/wp-content\/uploads\/2025\/11\/img-20251114-wa01318546851531816875836-768x512.jpg 768w, https:\/\/contextoanalisisperiodistico.com\/wp-content\/uploads\/2025\/11\/img-20251114-wa01318546851531816875836.jpg 1280w\" sizes=\"(max-width: 1024px) 100vw, 1024px\" \/><\/figure>\n\n\n\n<figure class=\"wp-block-image\"><img decoding=\"async\" width=\"1024\" height=\"682\" src=\"https:\/\/contextoanalisisperiodistico.com\/wp-content\/uploads\/2025\/11\/img-20251114-wa01362024231005615550335-1024x682.jpg\" alt=\"\" class=\"wp-image-48205\" srcset=\"https:\/\/contextoanalisisperiodistico.com\/wp-content\/uploads\/2025\/11\/img-20251114-wa01362024231005615550335-1024x682.jpg 1024w, https:\/\/contextoanalisisperiodistico.com\/wp-content\/uploads\/2025\/11\/img-20251114-wa01362024231005615550335-300x200.jpg 300w, https:\/\/contextoanalisisperiodistico.com\/wp-content\/uploads\/2025\/11\/img-20251114-wa01362024231005615550335-768x512.jpg 768w, https:\/\/contextoanalisisperiodistico.com\/wp-content\/uploads\/2025\/11\/img-20251114-wa01362024231005615550335.jpg 1280w\" sizes=\"(max-width: 1024px) 100vw, 1024px\" \/><\/figure>\n\n\n\n<figure class=\"wp-block-image\"><img decoding=\"async\" width=\"1024\" height=\"682\" src=\"https:\/\/contextoanalisisperiodistico.com\/wp-content\/uploads\/2025\/11\/img-20251114-wa0134553335294721220360-1024x682.jpg\" alt=\"\" class=\"wp-image-48204\" srcset=\"https:\/\/contextoanalisisperiodistico.com\/wp-content\/uploads\/2025\/11\/img-20251114-wa0134553335294721220360-1024x682.jpg 1024w, https:\/\/contextoanalisisperiodistico.com\/wp-content\/uploads\/2025\/11\/img-20251114-wa0134553335294721220360-300x200.jpg 300w, https:\/\/contextoanalisisperiodistico.com\/wp-content\/uploads\/2025\/11\/img-20251114-wa0134553335294721220360-768x512.jpg 768w, https:\/\/contextoanalisisperiodistico.com\/wp-content\/uploads\/2025\/11\/img-20251114-wa0134553335294721220360.jpg 1280w\" sizes=\"(max-width: 1024px) 100vw, 1024px\" \/><\/figure>\n\n\n\n<figure class=\"wp-block-image\"><img loading=\"lazy\" decoding=\"async\" width=\"1024\" height=\"682\" src=\"https:\/\/contextoanalisisperiodistico.com\/wp-content\/uploads\/2025\/11\/img-20251114-wa01354380391658482674933-1024x682.jpg\" alt=\"\" class=\"wp-image-48207\" srcset=\"https:\/\/contextoanalisisperiodistico.com\/wp-content\/uploads\/2025\/11\/img-20251114-wa01354380391658482674933-1024x682.jpg 1024w, https:\/\/contextoanalisisperiodistico.com\/wp-content\/uploads\/2025\/11\/img-20251114-wa01354380391658482674933-300x200.jpg 300w, https:\/\/contextoanalisisperiodistico.com\/wp-content\/uploads\/2025\/11\/img-20251114-wa01354380391658482674933-768x512.jpg 768w, https:\/\/contextoanalisisperiodistico.com\/wp-content\/uploads\/2025\/11\/img-20251114-wa01354380391658482674933.jpg 1280w\" sizes=\"(max-width: 1024px) 100vw, 1024px\" \/><\/figure>\n\n\n\n<figure class=\"wp-block-image\"><img loading=\"lazy\" decoding=\"async\" width=\"1024\" height=\"682\" src=\"https:\/\/contextoanalisisperiodistico.com\/wp-content\/uploads\/2025\/11\/img-20251114-wa01339124871926331464068-1024x682.jpg\" alt=\"\" class=\"wp-image-48206\" srcset=\"https:\/\/contextoanalisisperiodistico.com\/wp-content\/uploads\/2025\/11\/img-20251114-wa01339124871926331464068-1024x682.jpg 1024w, https:\/\/contextoanalisisperiodistico.com\/wp-content\/uploads\/2025\/11\/img-20251114-wa01339124871926331464068-300x200.jpg 300w, https:\/\/contextoanalisisperiodistico.com\/wp-content\/uploads\/2025\/11\/img-20251114-wa01339124871926331464068-768x512.jpg 768w, https:\/\/contextoanalisisperiodistico.com\/wp-content\/uploads\/2025\/11\/img-20251114-wa01339124871926331464068.jpg 1280w\" sizes=\"(max-width: 1024px) 100vw, 1024px\" \/><\/figure>\n","protected":false},"excerpt":{"rendered":"<p>\u2022 Oaxaca avanza con hechos: el Mandatario estatal dio a conocer que estos 5 kil\u00f3metros&#8230;<\/p>\n","protected":false},"author":4,"featured_media":48202,"comment_status":"closed","ping_status":"open","sticky":false,"template":"","format":"standard","meta":{"footnotes":""},"categories":[9],"tags":[335],"jetpack_sharing_enabled":true,"featured_image_urls":{"full":["https:\/\/contextoanalisisperiodistico.com\/wp-content\/uploads\/2025\/11\/IMG-20251114-WA0132.jpg",1280,853,false],"thumbnail":["https:\/\/contextoanalisisperiodistico.com\/wp-content\/uploads\/2025\/11\/IMG-20251114-WA0132-150x150.jpg",150,150,true],"medium":["https:\/\/contextoanalisisperiodistico.com\/wp-content\/uploads\/2025\/11\/IMG-20251114-WA0132-300x200.jpg",300,200,true],"medium_large":["https:\/\/contextoanalisisperiodistico.com\/wp-content\/uploads\/2025\/11\/IMG-20251114-WA0132-768x512.jpg",640,427,true],"large":["https:\/\/contextoanalisisperiodistico.com\/wp-content\/uploads\/2025\/11\/IMG-20251114-WA0132-1024x682.jpg",640,426,true],"1536x1536":["https:\/\/contextoanalisisperiodistico.com\/wp-content\/uploads\/2025\/11\/IMG-20251114-WA0132.jpg",1280,853,false],"2048x2048":["https:\/\/contextoanalisisperiodistico.com\/wp-content\/uploads\/2025\/11\/IMG-20251114-WA0132.jpg",1280,853,false],"covernews-slider-full":["https:\/\/contextoanalisisperiodistico.com\/wp-content\/uploads\/2025\/11\/IMG-20251114-WA0132-1115x715.jpg",1115,715,true],"covernews-slider-center":["https:\/\/contextoanalisisperiodistico.com\/wp-content\/uploads\/2025\/11\/IMG-20251114-WA0132-800x500.jpg",800,500,true],"covernews-featured":["https:\/\/contextoanalisisperiodistico.com\/wp-content\/uploads\/2025\/11\/IMG-20251114-WA0132-1024x682.jpg",1024,682,true],"covernews-medium":["https:\/\/contextoanalisisperiodistico.com\/wp-content\/uploads\/2025\/11\/IMG-20251114-WA0132-540x340.jpg",540,340,true],"covernews-medium-square":["https:\/\/contextoanalisisperiodistico.com\/wp-content\/uploads\/2025\/11\/IMG-20251114-WA0132-400x250.jpg",400,250,true]},"author_info":{"display_name":"Mario Gir\u00f3n","author_link":"https:\/\/contextoanalisisperiodistico.com\/index.php\/author\/director\/"},"category_info":"<a href=\"https:\/\/contextoanalisisperiodistico.com\/index.php\/category\/politica\/\" rel=\"category tag\">Pol\u00edtica<\/a>","tag_info":"Pol\u00edtica","comment_count":"0","jetpack_featured_media_url":"https:\/\/contextoanalisisperiodistico.com\/wp-content\/uploads\/2025\/11\/IMG-20251114-WA0132.jpg","_links":{"self":[{"href":"https:\/\/contextoanalisisperiodistico.com\/index.php\/wp-json\/wp\/v2\/posts\/48208"}],"collection":[{"href":"https:\/\/contextoanalisisperiodistico.com\/index.php\/wp-json\/wp\/v2\/posts"}],"about":[{"href":"https:\/\/contextoanalisisperiodistico.com\/index.php\/wp-json\/wp\/v2\/types\/post"}],"author":[{"embeddable":true,"href":"https:\/\/contextoanalisisperiodistico.com\/index.php\/wp-json\/wp\/v2\/users\/4"}],"replies":[{"embeddable":true,"href":"https:\/\/contextoanalisisperiodistico.com\/index.php\/wp-json\/wp\/v2\/comments?post=48208"}],"version-history":[{"count":1,"href":"https:\/\/contextoanalisisperiodistico.com\/index.php\/wp-json\/wp\/v2\/posts\/48208\/revisions"}],"predecessor-version":[{"id":48209,"href":"https:\/\/contextoanalisisperiodistico.com\/index.php\/wp-json\/wp\/v2\/posts\/48208\/revisions\/48209"}],"wp:featuredmedia":[{"embeddable":true,"href":"https:\/\/contextoanalisisperiodistico.com\/index.php\/wp-json\/wp\/v2\/media\/48202"}],"wp:attachment":[{"href":"https:\/\/contextoanalisisperiodistico.com\/index.php\/wp-json\/wp\/v2\/media?parent=48208"}],"wp:term":[{"taxonomy":"category","embeddable":true,"href":"https:\/\/contextoanalisisperiodistico.com\/index.php\/wp-json\/wp\/v2\/categories?post=48208"},{"taxonomy":"post_tag","embeddable":true,"href":"https:\/\/contextoanalisisperiodistico.com\/index.php\/wp-json\/wp\/v2\/tags?post=48208"}],"curies":[{"name":"wp","href":"https:\/\/api.w.org\/{rel}","templated":true}]}}