{"id":48201,"date":"2025-11-14T20:17:30","date_gmt":"2025-11-15T02:17:30","guid":{"rendered":"https:\/\/contextoanalisisperiodistico.com\/index.php\/2025\/11\/14\/cumple-salomon-jara-con-proyecto-de-camino-en-san-sebastian-nopalera-y-anuncia-pavimentacion-de-mas-kilometros\/"},"modified":"2025-11-14T20:17:30","modified_gmt":"2025-11-15T02:17:30","slug":"cumple-salomon-jara-con-proyecto-de-camino-en-san-sebastian-nopalera-y-anuncia-pavimentacion-de-mas-kilometros","status":"publish","type":"post","link":"https:\/\/contextoanalisisperiodistico.com\/index.php\/2025\/11\/14\/cumple-salomon-jara-con-proyecto-de-camino-en-san-sebastian-nopalera-y-anuncia-pavimentacion-de-mas-kilometros\/","title":{"rendered":"Cumple Salom\u00f3n Jara con proyecto de camino en San Sebasti\u00e1n Nopalera, y anuncia pavimentaci\u00f3n de m\u00e1s kil\u00f3metros"},"content":{"rendered":"<div id=\"fb-root\"><\/div>\n\n<p>\u2022 De visita en esta agencia municipal, el Gobernador oaxaque\u00f1o ofreci\u00f3 apoyos sociales a mujeres viudas y construcci\u00f3n de aulas en escuelas<\/p>\n\n\n\n<figure class=\"wp-block-image size-large\"><img fetchpriority=\"high\" decoding=\"async\" width=\"682\" height=\"1024\" src=\"https:\/\/contextoanalisisperiodistico.com\/wp-content\/uploads\/2025\/11\/img-20251114-wa00758935289360668670503-682x1024.jpg\" alt=\"\" class=\"wp-image-48195\" srcset=\"https:\/\/contextoanalisisperiodistico.com\/wp-content\/uploads\/2025\/11\/img-20251114-wa00758935289360668670503-682x1024.jpg 682w, https:\/\/contextoanalisisperiodistico.com\/wp-content\/uploads\/2025\/11\/img-20251114-wa00758935289360668670503-200x300.jpg 200w, https:\/\/contextoanalisisperiodistico.com\/wp-content\/uploads\/2025\/11\/img-20251114-wa00758935289360668670503-768x1152.jpg 768w, https:\/\/contextoanalisisperiodistico.com\/wp-content\/uploads\/2025\/11\/img-20251114-wa00758935289360668670503.jpg 853w\" sizes=\"(max-width: 682px) 100vw, 682px\" \/><\/figure>\n\n\n\n<figure class=\"wp-block-image\"><img decoding=\"async\" width=\"1024\" height=\"682\" src=\"https:\/\/contextoanalisisperiodistico.com\/wp-content\/uploads\/2025\/11\/img-20251114-wa00774919110495880928540-1024x682.jpg\" alt=\"\" class=\"wp-image-48196\" srcset=\"https:\/\/contextoanalisisperiodistico.com\/wp-content\/uploads\/2025\/11\/img-20251114-wa00774919110495880928540-1024x682.jpg 1024w, https:\/\/contextoanalisisperiodistico.com\/wp-content\/uploads\/2025\/11\/img-20251114-wa00774919110495880928540-300x200.jpg 300w, https:\/\/contextoanalisisperiodistico.com\/wp-content\/uploads\/2025\/11\/img-20251114-wa00774919110495880928540-768x512.jpg 768w, https:\/\/contextoanalisisperiodistico.com\/wp-content\/uploads\/2025\/11\/img-20251114-wa00774919110495880928540.jpg 1280w\" sizes=\"(max-width: 1024px) 100vw, 1024px\" \/><\/figure>\n\n\n\n<figure class=\"wp-block-image\"><img decoding=\"async\" width=\"1024\" height=\"682\" src=\"https:\/\/contextoanalisisperiodistico.com\/wp-content\/uploads\/2025\/11\/img-20251114-wa00768582677083391593424-1024x682.jpg\" alt=\"\" class=\"wp-image-48198\" srcset=\"https:\/\/contextoanalisisperiodistico.com\/wp-content\/uploads\/2025\/11\/img-20251114-wa00768582677083391593424-1024x682.jpg 1024w, https:\/\/contextoanalisisperiodistico.com\/wp-content\/uploads\/2025\/11\/img-20251114-wa00768582677083391593424-300x200.jpg 300w, https:\/\/contextoanalisisperiodistico.com\/wp-content\/uploads\/2025\/11\/img-20251114-wa00768582677083391593424-768x512.jpg 768w, https:\/\/contextoanalisisperiodistico.com\/wp-content\/uploads\/2025\/11\/img-20251114-wa00768582677083391593424.jpg 1280w\" sizes=\"(max-width: 1024px) 100vw, 1024px\" \/><\/figure>\n\n\n\n<figure class=\"wp-block-image\"><img loading=\"lazy\" decoding=\"async\" width=\"1024\" height=\"682\" src=\"https:\/\/contextoanalisisperiodistico.com\/wp-content\/uploads\/2025\/11\/img-20251114-wa00783287595165079963925-1024x682.jpg\" alt=\"\" class=\"wp-image-48197\" srcset=\"https:\/\/contextoanalisisperiodistico.com\/wp-content\/uploads\/2025\/11\/img-20251114-wa00783287595165079963925-1024x682.jpg 1024w, https:\/\/contextoanalisisperiodistico.com\/wp-content\/uploads\/2025\/11\/img-20251114-wa00783287595165079963925-300x200.jpg 300w, https:\/\/contextoanalisisperiodistico.com\/wp-content\/uploads\/2025\/11\/img-20251114-wa00783287595165079963925-768x512.jpg 768w, https:\/\/contextoanalisisperiodistico.com\/wp-content\/uploads\/2025\/11\/img-20251114-wa00783287595165079963925.jpg 1280w\" sizes=\"(max-width: 1024px) 100vw, 1024px\" \/><\/figure>\n\n\n\n<figure class=\"wp-block-image\"><img loading=\"lazy\" decoding=\"async\" width=\"1024\" height=\"682\" src=\"https:\/\/contextoanalisisperiodistico.com\/wp-content\/uploads\/2025\/11\/img-20251114-wa00824274422981419082532-1024x682.jpg\" alt=\"\" class=\"wp-image-48199\" srcset=\"https:\/\/contextoanalisisperiodistico.com\/wp-content\/uploads\/2025\/11\/img-20251114-wa00824274422981419082532-1024x682.jpg 1024w, https:\/\/contextoanalisisperiodistico.com\/wp-content\/uploads\/2025\/11\/img-20251114-wa00824274422981419082532-300x200.jpg 300w, https:\/\/contextoanalisisperiodistico.com\/wp-content\/uploads\/2025\/11\/img-20251114-wa00824274422981419082532-768x512.jpg 768w, https:\/\/contextoanalisisperiodistico.com\/wp-content\/uploads\/2025\/11\/img-20251114-wa00824274422981419082532.jpg 1280w\" sizes=\"(max-width: 1024px) 100vw, 1024px\" \/><\/figure>\n\n\n\n<figure class=\"wp-block-image\"><img loading=\"lazy\" decoding=\"async\" width=\"1024\" height=\"682\" src=\"https:\/\/contextoanalisisperiodistico.com\/wp-content\/uploads\/2025\/11\/img-20251114-wa00807509935313809999300-1024x682.jpg\" alt=\"\" class=\"wp-image-48200\" srcset=\"https:\/\/contextoanalisisperiodistico.com\/wp-content\/uploads\/2025\/11\/img-20251114-wa00807509935313809999300-1024x682.jpg 1024w, https:\/\/contextoanalisisperiodistico.com\/wp-content\/uploads\/2025\/11\/img-20251114-wa00807509935313809999300-300x200.jpg 300w, https:\/\/contextoanalisisperiodistico.com\/wp-content\/uploads\/2025\/11\/img-20251114-wa00807509935313809999300-768x512.jpg 768w, https:\/\/contextoanalisisperiodistico.com\/wp-content\/uploads\/2025\/11\/img-20251114-wa00807509935313809999300.jpg 1280w\" sizes=\"(max-width: 1024px) 100vw, 1024px\" \/><\/figure>\n\n\n\n<p>Santa Luc\u00eda Monteverde, Oax. 14 de noviembre de 2025.- Una vez que se cumpli\u00f3 el compromiso de construir la primera etapa del camino que une a las poblaciones de San Sebasti\u00e1n Nopalera y El Para\u00edso Nopalera, que comprendi\u00f3 4.4 kil\u00f3metros; el Gobernador Salom\u00f3n Jara Cruz anunci\u00f3 que continuar\u00e1 con esta pavimentaci\u00f3n.<\/p>\n\n\n\n<p>De visita en la primera de estas localidades que pertenecen al municipio de Santa Luc\u00eda Monteverde, en la regi\u00f3n Mixteca; el Mandatario estatal ofreci\u00f3 que, ahora, se va a avanzar en esta v\u00eda hasta el entronque con la comunidad de Zimatl\u00e1n de L\u00e1zaro C\u00e1rdenas, agencia municipal de Putla Villa de Guerrero.<\/p>\n\n\n\n<p>\u201cVamos a trabajar en Nopalera muy fuertemente por ustedes, por las y los ni\u00f1os, por los que vienen atr\u00e1s, porque siempre se necesita mejorar la comunidad, no podemos quedarnos siempre en el atraso\u201d, expres\u00f3, en la asamblea que sostuvo con las y los pobladores como parte de la estrategia Trabajo que Transforma tu Municipio.<\/p>\n\n\n\n<p>En estas tierras marcadas por un conflicto territorial que prevaleci\u00f3 durante m\u00e1s de 30 a\u00f1os, Jara Cruz destac\u00f3 la importancia de la concordia y la paz entre pueblos para alcanzar el desarrollo pleno de la poblaci\u00f3n.<\/p>\n\n\n\n<p>En este sentido, el Gobierno de Oaxaca anunci\u00f3 estos apoyos que se destinan a San Sebasti\u00e1n Nopalera:<\/p>\n\n\n\n<p>\u2022 La infraestructura educativa ser\u00e1 fortalecida con la construcci\u00f3n de un techado en la telesecundaria; adem\u00e1s, tres aulas en la Primaria Ignacio Altamirano. En tanto, a la escuela de Educaci\u00f3n Inicial Ind\u00edgena y la Primaria Guadalupe Victoria se les apoyar\u00e1 para edificar un aula respectivamente, al igual que al Preescolar Rufino Tamayo para instalar barandales.<\/p>\n\n\n\n<p>\u2022 Se entregar\u00e1n a ocho planteles educativos mobiliario, computadoras, proyectores, impresoras y material de aseo, deportivo y de oficina.<\/p>\n\n\n\n<p>\u2022 Con los programas del Sistema DIF Oaxaca: Desayuno de Letritas y Guisos de mi Pueblo se beneficia a 211 personas con una mejor alimentaci\u00f3n. Aunado a ello, en esta visita se entregaron dotaciones alimentarias a familias y kits para infancias.<\/p>\n\n\n\n<p>\u2022 El programa estatal Tarjeta Margarita Maza apoya a 10 jefas de familia en condiciones de extrema pobreza.<\/p>\n\n\n\n<p>\u2022 Las instalaciones del Centro de Salud fueron rehabilitadas y se le dot\u00f3 de medicamento y equipo mediante el programa La Cl\u00ednica es Nuestra.<\/p>\n\n\n\n<p>\u2022 La Secretar\u00eda de Infraestructuras y Comunicaciones (SIC) comprometi\u00f3 20 botes de pintura para remozar el inmueble de la Agencia Municipal y otros 10 botes para la cancha de Buena Vista Naranjo, en cual se construir\u00e1n las columnas para su techado.<\/p>\n\n\n\n<p>\u2022 Las mujeres viudas ser\u00e1n beneficiarias de apoyos econ\u00f3micos bimestrales a trav\u00e9s de la Secretar\u00eda de Bienestar, Tequio e Inclusi\u00f3n (Sebienti); adem\u00e1s, recibir\u00e1n apoyo para el tr\u00e1mite de actas de defunci\u00f3n pendientes.<\/p>\n\n\n\n<p>-0-<\/p>\n","protected":false},"excerpt":{"rendered":"<p>\u2022 De visita en esta agencia municipal, el Gobernador oaxaque\u00f1o ofreci\u00f3 apoyos sociales a mujeres&#8230;<\/p>\n","protected":false},"author":4,"featured_media":48194,"comment_status":"","ping_status":"open","sticky":false,"template":"","format":"standard","meta":{"footnotes":""},"categories":[9],"tags":[335],"jetpack_sharing_enabled":true,"featured_image_urls":{"full":["https:\/\/contextoanalisisperiodistico.com\/wp-content\/uploads\/2025\/11\/IMG-20251114-WA0074.jpg",1208,787,false],"thumbnail":["https:\/\/contextoanalisisperiodistico.com\/wp-content\/uploads\/2025\/11\/IMG-20251114-WA0074-150x150.jpg",150,150,true],"medium":["https:\/\/contextoanalisisperiodistico.com\/wp-content\/uploads\/2025\/11\/IMG-20251114-WA0074-300x195.jpg",300,195,true],"medium_large":["https:\/\/contextoanalisisperiodistico.com\/wp-content\/uploads\/2025\/11\/IMG-20251114-WA0074-768x500.jpg",640,417,true],"large":["https:\/\/contextoanalisisperiodistico.com\/wp-content\/uploads\/2025\/11\/IMG-20251114-WA0074-1024x667.jpg",640,417,true],"1536x1536":["https:\/\/contextoanalisisperiodistico.com\/wp-content\/uploads\/2025\/11\/IMG-20251114-WA0074.jpg",1208,787,false],"2048x2048":["https:\/\/contextoanalisisperiodistico.com\/wp-content\/uploads\/2025\/11\/IMG-20251114-WA0074.jpg",1208,787,false],"covernews-slider-full":["https:\/\/contextoanalisisperiodistico.com\/wp-content\/uploads\/2025\/11\/IMG-20251114-WA0074-1115x715.jpg",1115,715,true],"covernews-slider-center":["https:\/\/contextoanalisisperiodistico.com\/wp-content\/uploads\/2025\/11\/IMG-20251114-WA0074-800x500.jpg",800,500,true],"covernews-featured":["https:\/\/contextoanalisisperiodistico.com\/wp-content\/uploads\/2025\/11\/IMG-20251114-WA0074-1024x667.jpg",1024,667,true],"covernews-medium":["https:\/\/contextoanalisisperiodistico.com\/wp-content\/uploads\/2025\/11\/IMG-20251114-WA0074-540x340.jpg",540,340,true],"covernews-medium-square":["https:\/\/contextoanalisisperiodistico.com\/wp-content\/uploads\/2025\/11\/IMG-20251114-WA0074-400x250.jpg",400,250,true]},"author_info":{"display_name":"Mario Gir\u00f3n","author_link":"https:\/\/contextoanalisisperiodistico.com\/index.php\/author\/director\/"},"category_info":"<a href=\"https:\/\/contextoanalisisperiodistico.com\/index.php\/category\/politica\/\" rel=\"category tag\">Pol\u00edtica<\/a>","tag_info":"Pol\u00edtica","comment_count":"0","jetpack_featured_media_url":"https:\/\/contextoanalisisperiodistico.com\/wp-content\/uploads\/2025\/11\/IMG-20251114-WA0074.jpg","_links":{"self":[{"href":"https:\/\/contextoanalisisperiodistico.com\/index.php\/wp-json\/wp\/v2\/posts\/48201"}],"collection":[{"href":"https:\/\/contextoanalisisperiodistico.com\/index.php\/wp-json\/wp\/v2\/posts"}],"about":[{"href":"https:\/\/contextoanalisisperiodistico.com\/index.php\/wp-json\/wp\/v2\/types\/post"}],"author":[{"embeddable":true,"href":"https:\/\/contextoanalisisperiodistico.com\/index.php\/wp-json\/wp\/v2\/users\/4"}],"replies":[{"embeddable":true,"href":"https:\/\/contextoanalisisperiodistico.com\/index.php\/wp-json\/wp\/v2\/comments?post=48201"}],"version-history":[{"count":0,"href":"https:\/\/contextoanalisisperiodistico.com\/index.php\/wp-json\/wp\/v2\/posts\/48201\/revisions"}],"wp:featuredmedia":[{"embeddable":true,"href":"https:\/\/contextoanalisisperiodistico.com\/index.php\/wp-json\/wp\/v2\/media\/48194"}],"wp:attachment":[{"href":"https:\/\/contextoanalisisperiodistico.com\/index.php\/wp-json\/wp\/v2\/media?parent=48201"}],"wp:term":[{"taxonomy":"category","embeddable":true,"href":"https:\/\/contextoanalisisperiodistico.com\/index.php\/wp-json\/wp\/v2\/categories?post=48201"},{"taxonomy":"post_tag","embeddable":true,"href":"https:\/\/contextoanalisisperiodistico.com\/index.php\/wp-json\/wp\/v2\/tags?post=48201"}],"curies":[{"name":"wp","href":"https:\/\/api.w.org\/{rel}","templated":true}]}}