{"id":48191,"date":"2025-11-14T20:10:15","date_gmt":"2025-11-15T02:10:15","guid":{"rendered":"https:\/\/contextoanalisisperiodistico.com\/index.php\/2025\/11\/14\/en-zimatlan-de-lazaro-cardenas-gobierno-de-la-primavera-oaxaquena-da-respuesta-inmediata-a-las-necesidades-de-salud-y-educacion\/"},"modified":"2025-11-14T20:11:15","modified_gmt":"2025-11-15T02:11:15","slug":"en-zimatlan-de-lazaro-cardenas-gobierno-de-la-primavera-oaxaquena-da-respuesta-inmediata-a-las-necesidades-de-salud-y-educacion","status":"publish","type":"post","link":"https:\/\/contextoanalisisperiodistico.com\/index.php\/2025\/11\/14\/en-zimatlan-de-lazaro-cardenas-gobierno-de-la-primavera-oaxaquena-da-respuesta-inmediata-a-las-necesidades-de-salud-y-educacion\/","title":{"rendered":"En Zimatl\u00e1n de L\u00e1zaro C\u00e1rdenas, Gobierno de la Primavera Oaxaque\u00f1a da respuesta inmediata a&nbsp; necesidades de salud y educaci\u00f3n"},"content":{"rendered":"<div id=\"fb-root\"><\/div>\n\n<ul class=\"wp-block-list\">\n<li>El Gobernador Salom\u00f3n Jara ofreci\u00f3 apoyo con material para la construcci\u00f3n del inmueble que alberga esta agencia municipal<\/li>\n<\/ul>\n\n\n\n<figure class=\"wp-block-image size-large\"><img fetchpriority=\"high\" decoding=\"async\" width=\"1024\" height=\"682\" src=\"https:\/\/contextoanalisisperiodistico.com\/wp-content\/uploads\/2025\/11\/img-20251114-wa01188591013011084709608-1024x682.jpg\" alt=\"\" class=\"wp-image-48190\" srcset=\"https:\/\/contextoanalisisperiodistico.com\/wp-content\/uploads\/2025\/11\/img-20251114-wa01188591013011084709608-1024x682.jpg 1024w, https:\/\/contextoanalisisperiodistico.com\/wp-content\/uploads\/2025\/11\/img-20251114-wa01188591013011084709608-300x200.jpg 300w, https:\/\/contextoanalisisperiodistico.com\/wp-content\/uploads\/2025\/11\/img-20251114-wa01188591013011084709608-768x512.jpg 768w, https:\/\/contextoanalisisperiodistico.com\/wp-content\/uploads\/2025\/11\/img-20251114-wa01188591013011084709608.jpg 1280w\" sizes=\"(max-width: 1024px) 100vw, 1024px\" \/><\/figure>\n\n\n\n<figure class=\"wp-block-image\"><img decoding=\"async\" width=\"1024\" height=\"682\" src=\"https:\/\/contextoanalisisperiodistico.com\/wp-content\/uploads\/2025\/11\/img-20251114-wa01198254108770797064601-1024x682.jpg\" alt=\"\" class=\"wp-image-48188\" srcset=\"https:\/\/contextoanalisisperiodistico.com\/wp-content\/uploads\/2025\/11\/img-20251114-wa01198254108770797064601-1024x682.jpg 1024w, https:\/\/contextoanalisisperiodistico.com\/wp-content\/uploads\/2025\/11\/img-20251114-wa01198254108770797064601-300x200.jpg 300w, https:\/\/contextoanalisisperiodistico.com\/wp-content\/uploads\/2025\/11\/img-20251114-wa01198254108770797064601-768x512.jpg 768w, https:\/\/contextoanalisisperiodistico.com\/wp-content\/uploads\/2025\/11\/img-20251114-wa01198254108770797064601.jpg 1280w\" sizes=\"(max-width: 1024px) 100vw, 1024px\" \/><\/figure>\n\n\n\n<figure class=\"wp-block-image\"><img decoding=\"async\" width=\"1024\" height=\"682\" src=\"https:\/\/contextoanalisisperiodistico.com\/wp-content\/uploads\/2025\/11\/img-20251114-wa01164051847434625596989-1024x682.jpg\" alt=\"\" class=\"wp-image-48189\" srcset=\"https:\/\/contextoanalisisperiodistico.com\/wp-content\/uploads\/2025\/11\/img-20251114-wa01164051847434625596989-1024x682.jpg 1024w, https:\/\/contextoanalisisperiodistico.com\/wp-content\/uploads\/2025\/11\/img-20251114-wa01164051847434625596989-300x200.jpg 300w, https:\/\/contextoanalisisperiodistico.com\/wp-content\/uploads\/2025\/11\/img-20251114-wa01164051847434625596989-768x512.jpg 768w, https:\/\/contextoanalisisperiodistico.com\/wp-content\/uploads\/2025\/11\/img-20251114-wa01164051847434625596989.jpg 1280w\" sizes=\"(max-width: 1024px) 100vw, 1024px\" \/><\/figure>\n\n\n\n<p>Putla Villa de Guerrero, Oax. 14 de noviembre de 2025.- La atenci\u00f3n a las necesidades de los pueblos y comunidades, es una prioridad para la Primavera Oaxaque\u00f1a, es por ello que el Gobernador Salom\u00f3n Jara Cruz anunci\u00f3 diversos apoyos en salud, educaci\u00f3n e infraestructura b\u00e1sica para la agencia de Zimatl\u00e1n de L\u00e1zaro C\u00e1rdenas, perteneciente a Putla Villa de Guerrero.<\/p>\n\n\n\n<p>Durante su encuentro con la poblaci\u00f3n de esta localidad de la regi\u00f3n Sierra Sur, como parte de la estrategia Trabajo que Transforma tu Municipio, el Mandatario estatal dio respuesta inmediata a la solicitud de apoyo para la construcci\u00f3n del inmueble que alberga la agencia.<\/p>\n\n\n\n<p>A trav\u00e9s de la Secretar\u00eda de Infraestructuras y Comunicaciones (SIC) se contribuir\u00e1 con la entrega de material industrializado para esta obra que se realizar\u00e1 en coordinaci\u00f3n con el ayuntamiento de Putla.<\/p>\n\n\n\n<p>Asimismo, para garantizar el derecho a la salud de las y los habitantes, Jara Cruz expres\u00f3 que se les asignar\u00e1 un doctor y enfermera de base.<\/p>\n\n\n\n<p>\u201cVamos a seguir viniendo. Ya no busquen asesores, intermediarios, ni coyotes\u201d, dijo, al tiempo de convocar al pueblo de Zimatl\u00e1n de L\u00e1zaro C\u00e1rdenas a la uni\u00f3n y evitar la confrontaci\u00f3n y divisi\u00f3n con la comunidad de San Sebasti\u00e1n Nopalera, que solo obstruye el desarrollo.<\/p>\n\n\n\n<p>El Gobierno de Oaxaca mejora las condiciones de vida de las mujeres y hombres de esta comunidad con diversas acciones, tales como:<\/p>\n\n\n\n<ul class=\"wp-block-list\">\n<li>Con el programa Itacate de mi Coraz\u00f3n se benefician a 90 personas, adem\u00e1s, a trav\u00e9s del Sistema DIF Oaxaca se entregaron dotaciones de emergencia a personas mayores, as\u00ed como kits alimentarios para ni\u00f1as y ni\u00f1os.<\/li>\n\n\n\n<li>El Instituto Estatal de Educaci\u00f3n P\u00fablica de Oaxaca proveer\u00e1 a cuatro escuelas con computadoras, impresoras, proyectores, lotes de mobiliario y material deportivo, aseo y de oficina.<\/li>\n\n\n\n<li>A trav\u00e9s del Instituto Oaxaque\u00f1o Constructor de Infraestructura Educativa (Iocied) se construir\u00e1 un techado en la telesecundaria, adem\u00e1s, se apoyar\u00e1 al preescolar y secundaria de El Ciruelo, agencia de San Andr\u00e9s Cabecera Nueva, en la edificaci\u00f3n de una barda y ampliaci\u00f3n de aula. Tambi\u00e9n se dotar\u00e1 de mobiliario.<\/li>\n\n\n\n<li>Mediante la Secretar\u00eda de Bienestar, Tequio e Inclusi\u00f3n (Sebienti) se respaldan a jefas de familia en situaci\u00f3n de pobreza extrema con la Tarjeta Margarita Maza; y la poblaci\u00f3n es favorecida con la Farmacia Bienestar que tiene su sede en el municipio Putla Villa de Guerrero y ofrece consulta general, revisi\u00f3n dental, ex\u00e1menes de la vista y lentes graduados, estudios de laboratorio y medicamentos del cuadro b\u00e1sico.<\/li>\n<\/ul>\n\n\n\n<p>-0-<\/p>\n","protected":false},"excerpt":{"rendered":"<p>Putla Villa de Guerrero, Oax. 14 de noviembre de 2025.- La atenci\u00f3n a las necesidades&#8230;<\/p>\n","protected":false},"author":4,"featured_media":48187,"comment_status":"closed","ping_status":"open","sticky":false,"template":"","format":"standard","meta":{"footnotes":""},"categories":[9],"tags":[335],"jetpack_sharing_enabled":true,"featured_image_urls":{"full":["https:\/\/contextoanalisisperiodistico.com\/wp-content\/uploads\/2025\/11\/IMG-20251114-WA0117.jpg",1279,853,false],"thumbnail":["https:\/\/contextoanalisisperiodistico.com\/wp-content\/uploads\/2025\/11\/IMG-20251114-WA0117-150x150.jpg",150,150,true],"medium":["https:\/\/contextoanalisisperiodistico.com\/wp-content\/uploads\/2025\/11\/IMG-20251114-WA0117-300x200.jpg",300,200,true],"medium_large":["https:\/\/contextoanalisisperiodistico.com\/wp-content\/uploads\/2025\/11\/IMG-20251114-WA0117-768x512.jpg",640,427,true],"large":["https:\/\/contextoanalisisperiodistico.com\/wp-content\/uploads\/2025\/11\/IMG-20251114-WA0117-1024x683.jpg",640,427,true],"1536x1536":["https:\/\/contextoanalisisperiodistico.com\/wp-content\/uploads\/2025\/11\/IMG-20251114-WA0117.jpg",1279,853,false],"2048x2048":["https:\/\/contextoanalisisperiodistico.com\/wp-content\/uploads\/2025\/11\/IMG-20251114-WA0117.jpg",1279,853,false],"covernews-slider-full":["https:\/\/contextoanalisisperiodistico.com\/wp-content\/uploads\/2025\/11\/IMG-20251114-WA0117-1115x715.jpg",1115,715,true],"covernews-slider-center":["https:\/\/contextoanalisisperiodistico.com\/wp-content\/uploads\/2025\/11\/IMG-20251114-WA0117-800x500.jpg",800,500,true],"covernews-featured":["https:\/\/contextoanalisisperiodistico.com\/wp-content\/uploads\/2025\/11\/IMG-20251114-WA0117-1024x683.jpg",1024,683,true],"covernews-medium":["https:\/\/contextoanalisisperiodistico.com\/wp-content\/uploads\/2025\/11\/IMG-20251114-WA0117-540x340.jpg",540,340,true],"covernews-medium-square":["https:\/\/contextoanalisisperiodistico.com\/wp-content\/uploads\/2025\/11\/IMG-20251114-WA0117-400x250.jpg",400,250,true]},"author_info":{"display_name":"Mario Gir\u00f3n","author_link":"https:\/\/contextoanalisisperiodistico.com\/index.php\/author\/director\/"},"category_info":"<a href=\"https:\/\/contextoanalisisperiodistico.com\/index.php\/category\/politica\/\" rel=\"category tag\">Pol\u00edtica<\/a>","tag_info":"Pol\u00edtica","comment_count":"0","jetpack_featured_media_url":"https:\/\/contextoanalisisperiodistico.com\/wp-content\/uploads\/2025\/11\/IMG-20251114-WA0117.jpg","_links":{"self":[{"href":"https:\/\/contextoanalisisperiodistico.com\/index.php\/wp-json\/wp\/v2\/posts\/48191"}],"collection":[{"href":"https:\/\/contextoanalisisperiodistico.com\/index.php\/wp-json\/wp\/v2\/posts"}],"about":[{"href":"https:\/\/contextoanalisisperiodistico.com\/index.php\/wp-json\/wp\/v2\/types\/post"}],"author":[{"embeddable":true,"href":"https:\/\/contextoanalisisperiodistico.com\/index.php\/wp-json\/wp\/v2\/users\/4"}],"replies":[{"embeddable":true,"href":"https:\/\/contextoanalisisperiodistico.com\/index.php\/wp-json\/wp\/v2\/comments?post=48191"}],"version-history":[{"count":2,"href":"https:\/\/contextoanalisisperiodistico.com\/index.php\/wp-json\/wp\/v2\/posts\/48191\/revisions"}],"predecessor-version":[{"id":48193,"href":"https:\/\/contextoanalisisperiodistico.com\/index.php\/wp-json\/wp\/v2\/posts\/48191\/revisions\/48193"}],"wp:featuredmedia":[{"embeddable":true,"href":"https:\/\/contextoanalisisperiodistico.com\/index.php\/wp-json\/wp\/v2\/media\/48187"}],"wp:attachment":[{"href":"https:\/\/contextoanalisisperiodistico.com\/index.php\/wp-json\/wp\/v2\/media?parent=48191"}],"wp:term":[{"taxonomy":"category","embeddable":true,"href":"https:\/\/contextoanalisisperiodistico.com\/index.php\/wp-json\/wp\/v2\/categories?post=48191"},{"taxonomy":"post_tag","embeddable":true,"href":"https:\/\/contextoanalisisperiodistico.com\/index.php\/wp-json\/wp\/v2\/tags?post=48191"}],"curies":[{"name":"wp","href":"https:\/\/api.w.org\/{rel}","templated":true}]}}