{"id":48186,"date":"2025-11-14T18:01:27","date_gmt":"2025-11-15T00:01:27","guid":{"rendered":"https:\/\/contextoanalisisperiodistico.com\/index.php\/2025\/11\/14\/detiene-sspc-a-masculino-en-san-pedro-totolapam-por-presunto-trafico-de-personas-migrantes\/"},"modified":"2025-11-14T18:01:27","modified_gmt":"2025-11-15T00:01:27","slug":"detiene-sspc-a-masculino-en-san-pedro-totolapam-por-presunto-trafico-de-personas-migrantes","status":"publish","type":"post","link":"https:\/\/contextoanalisisperiodistico.com\/index.php\/2025\/11\/14\/detiene-sspc-a-masculino-en-san-pedro-totolapam-por-presunto-trafico-de-personas-migrantes\/","title":{"rendered":"Detiene SSPC a masculino en San Pedro Totol\u00e1pam por presunto tr\u00e1fico de personas migrantes"},"content":{"rendered":"<div id=\"fb-root\"><\/div>\n\n<ul class=\"wp-block-list\">\n<li>Esta acci\u00f3n forma parte del programa Oaxaca Segura<\/li>\n<\/ul>\n\n\n\n<figure class=\"wp-block-image size-large\"><img fetchpriority=\"high\" decoding=\"async\" width=\"720\" height=\"516\" src=\"https:\/\/contextoanalisisperiodistico.com\/wp-content\/uploads\/2025\/11\/img-20251114-wa01036223620658161689089.jpg\" alt=\"\" class=\"wp-image-48184\" srcset=\"https:\/\/contextoanalisisperiodistico.com\/wp-content\/uploads\/2025\/11\/img-20251114-wa01036223620658161689089.jpg 720w, https:\/\/contextoanalisisperiodistico.com\/wp-content\/uploads\/2025\/11\/img-20251114-wa01036223620658161689089-300x215.jpg 300w\" sizes=\"(max-width: 720px) 100vw, 720px\" \/><\/figure>\n\n\n\n<figure class=\"wp-block-image\"><img decoding=\"async\" width=\"300\" height=\"212\" src=\"https:\/\/contextoanalisisperiodistico.com\/wp-content\/uploads\/2025\/11\/img-20251114-wa01028749786828262068542-300x212.jpg\" alt=\"\" class=\"wp-image-48185\" srcset=\"https:\/\/contextoanalisisperiodistico.com\/wp-content\/uploads\/2025\/11\/img-20251114-wa01028749786828262068542-300x212.jpg 300w, https:\/\/contextoanalisisperiodistico.com\/wp-content\/uploads\/2025\/11\/img-20251114-wa01028749786828262068542.jpg 720w\" sizes=\"(max-width: 300px) 100vw, 300px\" \/><\/figure>\n\n\n\n<p>Oaxaca de Ju\u00e1rez, Oax. 14 de noviembre de 2025.- Durante recorridos de protecci\u00f3n y vigilancia realizados en la carretera federal 190, la Secretar\u00eda de Seguridad y Protecci\u00f3n Ciudadana (SSPC) detuvo a un masculino por su presunta responsabilidad en el delito de tr\u00e1fico de migrantes, a la altura de la comunidad Las Catarinas, San Pedro Totol\u00e1pam.<\/p>\n\n\n\n<p>Como parte del programa Oaxaca Segura, la Polic\u00eda Estatal asegur\u00f3 a A.D.B. de 26 a\u00f1os, originario del estado de Puebla; quien conduc\u00eda una unidad en la que transportaba a 12 personas cubiertas con una lona y sin condiciones adecuadas de traslado.<\/p>\n\n\n\n<p>La camioneta Ford tipo Lobo con placas YZ-0378-D del estado de Zacatecas, qued\u00f3 bajo resguardo. En tanto, el detenido fue puesto a disposici\u00f3n de la Fiscal\u00eda General de la Rep\u00fablica (FGR) para las investigaciones correspondientes.<\/p>\n\n\n\n<p>Las personas rescatadas originarias de Cuba, Hait\u00ed, El Salvador y Guatemala fueron canalizadas al Instituto Nacional de Migraci\u00f3n (INM) para recibir atenci\u00f3n, acompa\u00f1amiento y el tr\u00e1mite correspondiente conforme a la normativa vigente.<br \/>-0-<\/p>\n","protected":false},"excerpt":{"rendered":"<p>Oaxaca de Ju\u00e1rez, Oax. 14 de noviembre de 2025.- Durante recorridos de protecci\u00f3n y vigilancia&#8230;<\/p>\n","protected":false},"author":4,"featured_media":48183,"comment_status":"","ping_status":"open","sticky":false,"template":"","format":"standard","meta":{"footnotes":""},"categories":[10],"tags":[303],"jetpack_sharing_enabled":true,"featured_image_urls":{"full":["https:\/\/contextoanalisisperiodistico.com\/wp-content\/uploads\/2025\/11\/IMG-20251114-WA0101.jpg",720,1243,false],"thumbnail":["https:\/\/contextoanalisisperiodistico.com\/wp-content\/uploads\/2025\/11\/IMG-20251114-WA0101-150x150.jpg",150,150,true],"medium":["https:\/\/contextoanalisisperiodistico.com\/wp-content\/uploads\/2025\/11\/IMG-20251114-WA0101-174x300.jpg",174,300,true],"medium_large":["https:\/\/contextoanalisisperiodistico.com\/wp-content\/uploads\/2025\/11\/IMG-20251114-WA0101.jpg",640,1105,false],"large":["https:\/\/contextoanalisisperiodistico.com\/wp-content\/uploads\/2025\/11\/IMG-20251114-WA0101-593x1024.jpg",593,1024,true],"1536x1536":["https:\/\/contextoanalisisperiodistico.com\/wp-content\/uploads\/2025\/11\/IMG-20251114-WA0101.jpg",720,1243,false],"2048x2048":["https:\/\/contextoanalisisperiodistico.com\/wp-content\/uploads\/2025\/11\/IMG-20251114-WA0101.jpg",720,1243,false],"covernews-slider-full":["https:\/\/contextoanalisisperiodistico.com\/wp-content\/uploads\/2025\/11\/IMG-20251114-WA0101-720x715.jpg",720,715,true],"covernews-slider-center":["https:\/\/contextoanalisisperiodistico.com\/wp-content\/uploads\/2025\/11\/IMG-20251114-WA0101-720x500.jpg",720,500,true],"covernews-featured":["https:\/\/contextoanalisisperiodistico.com\/wp-content\/uploads\/2025\/11\/IMG-20251114-WA0101.jpg",720,1243,false],"covernews-medium":["https:\/\/contextoanalisisperiodistico.com\/wp-content\/uploads\/2025\/11\/IMG-20251114-WA0101-540x340.jpg",540,340,true],"covernews-medium-square":["https:\/\/contextoanalisisperiodistico.com\/wp-content\/uploads\/2025\/11\/IMG-20251114-WA0101-400x250.jpg",400,250,true]},"author_info":{"display_name":"Mario Gir\u00f3n","author_link":"https:\/\/contextoanalisisperiodistico.com\/index.php\/author\/director\/"},"category_info":"<a href=\"https:\/\/contextoanalisisperiodistico.com\/index.php\/category\/seguridad\/\" rel=\"category tag\">Seguridad<\/a>","tag_info":"Seguridad","comment_count":"0","jetpack_featured_media_url":"https:\/\/contextoanalisisperiodistico.com\/wp-content\/uploads\/2025\/11\/IMG-20251114-WA0101.jpg","_links":{"self":[{"href":"https:\/\/contextoanalisisperiodistico.com\/index.php\/wp-json\/wp\/v2\/posts\/48186"}],"collection":[{"href":"https:\/\/contextoanalisisperiodistico.com\/index.php\/wp-json\/wp\/v2\/posts"}],"about":[{"href":"https:\/\/contextoanalisisperiodistico.com\/index.php\/wp-json\/wp\/v2\/types\/post"}],"author":[{"embeddable":true,"href":"https:\/\/contextoanalisisperiodistico.com\/index.php\/wp-json\/wp\/v2\/users\/4"}],"replies":[{"embeddable":true,"href":"https:\/\/contextoanalisisperiodistico.com\/index.php\/wp-json\/wp\/v2\/comments?post=48186"}],"version-history":[{"count":0,"href":"https:\/\/contextoanalisisperiodistico.com\/index.php\/wp-json\/wp\/v2\/posts\/48186\/revisions"}],"wp:featuredmedia":[{"embeddable":true,"href":"https:\/\/contextoanalisisperiodistico.com\/index.php\/wp-json\/wp\/v2\/media\/48183"}],"wp:attachment":[{"href":"https:\/\/contextoanalisisperiodistico.com\/index.php\/wp-json\/wp\/v2\/media?parent=48186"}],"wp:term":[{"taxonomy":"category","embeddable":true,"href":"https:\/\/contextoanalisisperiodistico.com\/index.php\/wp-json\/wp\/v2\/categories?post=48186"},{"taxonomy":"post_tag","embeddable":true,"href":"https:\/\/contextoanalisisperiodistico.com\/index.php\/wp-json\/wp\/v2\/tags?post=48186"}],"curies":[{"name":"wp","href":"https:\/\/api.w.org\/{rel}","templated":true}]}}