{"id":48163,"date":"2025-11-14T11:37:39","date_gmt":"2025-11-14T17:37:39","guid":{"rendered":"https:\/\/contextoanalisisperiodistico.com\/index.php\/2025\/11\/14\/dif-municipal-fortalece-atencion-y-acompanamiento-a-personas-adultas-mayores\/"},"modified":"2025-11-14T11:37:39","modified_gmt":"2025-11-14T17:37:39","slug":"dif-municipal-fortalece-atencion-y-acompanamiento-a-personas-adultas-mayores","status":"publish","type":"post","link":"https:\/\/contextoanalisisperiodistico.com\/index.php\/2025\/11\/14\/dif-municipal-fortalece-atencion-y-acompanamiento-a-personas-adultas-mayores\/","title":{"rendered":"DIF Municipal fortalece&nbsp; atenci\u00f3n y&nbsp; acompa\u00f1amiento a&nbsp; personas adultas mayores"},"content":{"rendered":"<div id=\"fb-root\"><\/div>\n\n<p>\u2022Supervisi\u00f3n, mantenimiento y cercan\u00eda en la Casa Hogar de Santa Rosa Panzacola<\/p>\n\n\n\n<p>Oaxaca de Ju\u00e1rez, Oax., 14 de noviembre de 2025.\u2014 La Presidenta Honoraria del DIF Municipal de Oaxaca de Ju\u00e1rez, Gaby Garc\u00eda, realiz\u00f3 un recorrido de supervisi\u00f3n en la Casa Hogar de la Adulta y el Adulto Mayor, ubicada en la agencia de Santa Rosa Panzacola, con el prop\u00f3sito de revisar el estado de las instalaciones y dar seguimiento al mantenimiento de sus distintas \u00e1reas.<\/p>\n\n\n\n<p>Durante la visita, la Presidenta convivi\u00f3 con las y los residentes, escuch\u00f3 sus inquietudes y reafirm\u00f3 el compromiso de brindar un acompa\u00f1amiento cercano y humano a quienes han dedicado su vida a construir comunidad. Este encuentro permiti\u00f3 identificar mejoras prioritarias para fortalecer la atenci\u00f3n integral dentro del espacio.<\/p>\n\n\n\n<p>Como parte del trabajo permanente del DIF Municipal, se impulsan acciones coordinadas para asegurar que este hogar cuente con servicios dignos, entornos seguros y un trato sensible para cada persona adulta mayor.<\/p>\n\n\n\n<p>Estas tareas incluyen mantenimiento continuo, actividades de convivencia, atenci\u00f3n especializada y procesos de mejora que colocan a las y los residentes en el centro de las decisiones.<\/p>\n\n\n\n<p>El equipo del DIF Municipal y de la Casa Hogar contin\u00faa transformando, con energ\u00eda, dedicaci\u00f3n y coraz\u00f3n, la vida de las personas adultas mayores, garantizando que reciban el cuidado, respeto y la calidez que merecen.<\/p>\n\n\n\n<figure class=\"wp-block-image size-large\"><img fetchpriority=\"high\" decoding=\"async\" width=\"1024\" height=\"685\" src=\"https:\/\/contextoanalisisperiodistico.com\/wp-content\/uploads\/2025\/11\/img-20251114-wa00504050853203793779407-1024x685.jpg\" alt=\"\" class=\"wp-image-48161\" srcset=\"https:\/\/contextoanalisisperiodistico.com\/wp-content\/uploads\/2025\/11\/img-20251114-wa00504050853203793779407-1024x685.jpg 1024w, https:\/\/contextoanalisisperiodistico.com\/wp-content\/uploads\/2025\/11\/img-20251114-wa00504050853203793779407-300x201.jpg 300w, https:\/\/contextoanalisisperiodistico.com\/wp-content\/uploads\/2025\/11\/img-20251114-wa00504050853203793779407-768x514.jpg 768w, https:\/\/contextoanalisisperiodistico.com\/wp-content\/uploads\/2025\/11\/img-20251114-wa00504050853203793779407.jpg 1280w\" sizes=\"(max-width: 1024px) 100vw, 1024px\" \/><\/figure>\n\n\n\n<figure class=\"wp-block-image\"><img decoding=\"async\" width=\"1024\" height=\"685\" src=\"https:\/\/contextoanalisisperiodistico.com\/wp-content\/uploads\/2025\/11\/img-20251114-wa00484456515448309800854-1024x685.jpg\" alt=\"\" class=\"wp-image-48160\" srcset=\"https:\/\/contextoanalisisperiodistico.com\/wp-content\/uploads\/2025\/11\/img-20251114-wa00484456515448309800854-1024x685.jpg 1024w, https:\/\/contextoanalisisperiodistico.com\/wp-content\/uploads\/2025\/11\/img-20251114-wa00484456515448309800854-300x201.jpg 300w, https:\/\/contextoanalisisperiodistico.com\/wp-content\/uploads\/2025\/11\/img-20251114-wa00484456515448309800854-768x514.jpg 768w, https:\/\/contextoanalisisperiodistico.com\/wp-content\/uploads\/2025\/11\/img-20251114-wa00484456515448309800854.jpg 1280w\" sizes=\"(max-width: 1024px) 100vw, 1024px\" \/><\/figure>\n\n\n\n<figure class=\"wp-block-image\"><img decoding=\"async\" width=\"1024\" height=\"685\" src=\"https:\/\/contextoanalisisperiodistico.com\/wp-content\/uploads\/2025\/11\/img-20251114-wa00517232233993287145743-1024x685.jpg\" alt=\"\" class=\"wp-image-48162\" srcset=\"https:\/\/contextoanalisisperiodistico.com\/wp-content\/uploads\/2025\/11\/img-20251114-wa00517232233993287145743-1024x685.jpg 1024w, https:\/\/contextoanalisisperiodistico.com\/wp-content\/uploads\/2025\/11\/img-20251114-wa00517232233993287145743-300x201.jpg 300w, https:\/\/contextoanalisisperiodistico.com\/wp-content\/uploads\/2025\/11\/img-20251114-wa00517232233993287145743-768x514.jpg 768w, https:\/\/contextoanalisisperiodistico.com\/wp-content\/uploads\/2025\/11\/img-20251114-wa00517232233993287145743-1536x1027.jpg 1536w, https:\/\/contextoanalisisperiodistico.com\/wp-content\/uploads\/2025\/11\/img-20251114-wa00517232233993287145743.jpg 1600w\" sizes=\"(max-width: 1024px) 100vw, 1024px\" \/><\/figure>\n","protected":false},"excerpt":{"rendered":"<p>\u2022Supervisi\u00f3n, mantenimiento y cercan\u00eda en la Casa Hogar de Santa Rosa Panzacola Oaxaca de Ju\u00e1rez,&#8230;<\/p>\n","protected":false},"author":4,"featured_media":48159,"comment_status":"","ping_status":"open","sticky":false,"template":"","format":"standard","meta":{"footnotes":""},"categories":[9],"tags":[353,352,178],"jetpack_sharing_enabled":true,"featured_image_urls":{"full":["https:\/\/contextoanalisisperiodistico.com\/wp-content\/uploads\/2025\/11\/IMG-20251114-WA0049.jpg",1280,854,false],"thumbnail":["https:\/\/contextoanalisisperiodistico.com\/wp-content\/uploads\/2025\/11\/IMG-20251114-WA0049-150x150.jpg",150,150,true],"medium":["https:\/\/contextoanalisisperiodistico.com\/wp-content\/uploads\/2025\/11\/IMG-20251114-WA0049-300x200.jpg",300,200,true],"medium_large":["https:\/\/contextoanalisisperiodistico.com\/wp-content\/uploads\/2025\/11\/IMG-20251114-WA0049-768x512.jpg",640,427,true],"large":["https:\/\/contextoanalisisperiodistico.com\/wp-content\/uploads\/2025\/11\/IMG-20251114-WA0049-1024x683.jpg",640,427,true],"1536x1536":["https:\/\/contextoanalisisperiodistico.com\/wp-content\/uploads\/2025\/11\/IMG-20251114-WA0049.jpg",1280,854,false],"2048x2048":["https:\/\/contextoanalisisperiodistico.com\/wp-content\/uploads\/2025\/11\/IMG-20251114-WA0049.jpg",1280,854,false],"covernews-slider-full":["https:\/\/contextoanalisisperiodistico.com\/wp-content\/uploads\/2025\/11\/IMG-20251114-WA0049-1115x715.jpg",1115,715,true],"covernews-slider-center":["https:\/\/contextoanalisisperiodistico.com\/wp-content\/uploads\/2025\/11\/IMG-20251114-WA0049-800x500.jpg",800,500,true],"covernews-featured":["https:\/\/contextoanalisisperiodistico.com\/wp-content\/uploads\/2025\/11\/IMG-20251114-WA0049-1024x683.jpg",1024,683,true],"covernews-medium":["https:\/\/contextoanalisisperiodistico.com\/wp-content\/uploads\/2025\/11\/IMG-20251114-WA0049-540x340.jpg",540,340,true],"covernews-medium-square":["https:\/\/contextoanalisisperiodistico.com\/wp-content\/uploads\/2025\/11\/IMG-20251114-WA0049-400x250.jpg",400,250,true]},"author_info":{"display_name":"Mario Gir\u00f3n","author_link":"https:\/\/contextoanalisisperiodistico.com\/index.php\/author\/director\/"},"category_info":"<a href=\"https:\/\/contextoanalisisperiodistico.com\/index.php\/category\/politica\/\" rel=\"category tag\">Pol\u00edtica<\/a>","tag_info":"Pol\u00edtica","comment_count":"0","jetpack_featured_media_url":"https:\/\/contextoanalisisperiodistico.com\/wp-content\/uploads\/2025\/11\/IMG-20251114-WA0049.jpg","_links":{"self":[{"href":"https:\/\/contextoanalisisperiodistico.com\/index.php\/wp-json\/wp\/v2\/posts\/48163"}],"collection":[{"href":"https:\/\/contextoanalisisperiodistico.com\/index.php\/wp-json\/wp\/v2\/posts"}],"about":[{"href":"https:\/\/contextoanalisisperiodistico.com\/index.php\/wp-json\/wp\/v2\/types\/post"}],"author":[{"embeddable":true,"href":"https:\/\/contextoanalisisperiodistico.com\/index.php\/wp-json\/wp\/v2\/users\/4"}],"replies":[{"embeddable":true,"href":"https:\/\/contextoanalisisperiodistico.com\/index.php\/wp-json\/wp\/v2\/comments?post=48163"}],"version-history":[{"count":0,"href":"https:\/\/contextoanalisisperiodistico.com\/index.php\/wp-json\/wp\/v2\/posts\/48163\/revisions"}],"wp:featuredmedia":[{"embeddable":true,"href":"https:\/\/contextoanalisisperiodistico.com\/index.php\/wp-json\/wp\/v2\/media\/48159"}],"wp:attachment":[{"href":"https:\/\/contextoanalisisperiodistico.com\/index.php\/wp-json\/wp\/v2\/media?parent=48163"}],"wp:term":[{"taxonomy":"category","embeddable":true,"href":"https:\/\/contextoanalisisperiodistico.com\/index.php\/wp-json\/wp\/v2\/categories?post=48163"},{"taxonomy":"post_tag","embeddable":true,"href":"https:\/\/contextoanalisisperiodistico.com\/index.php\/wp-json\/wp\/v2\/tags?post=48163"}],"curies":[{"name":"wp","href":"https:\/\/api.w.org\/{rel}","templated":true}]}}