{"id":48156,"date":"2025-11-14T10:14:17","date_gmt":"2025-11-14T16:14:17","guid":{"rendered":"https:\/\/contextoanalisisperiodistico.com\/index.php\/2025\/11\/14\/pavimenta-primavera-oaxaquena-vialidad-en-san-jose-chiltepec-en-beneficio-de-mil-400-habitantes\/"},"modified":"2025-11-14T10:16:39","modified_gmt":"2025-11-14T16:16:39","slug":"pavimenta-primavera-oaxaquena-vialidad-en-san-jose-chiltepec-en-beneficio-de-mil-400-habitantes","status":"publish","type":"post","link":"https:\/\/contextoanalisisperiodistico.com\/index.php\/2025\/11\/14\/pavimenta-primavera-oaxaquena-vialidad-en-san-jose-chiltepec-en-beneficio-de-mil-400-habitantes\/","title":{"rendered":"Pavimenta Primavera Oaxaque\u00f1a vialidad en San Jos\u00e9 Chiltepec"},"content":{"rendered":"<div id=\"fb-root\"><\/div>\n\n<p>\u2022 Mientras el beneficio\u00a0alcanza a mil 400 habitantes, la SIC interviene 2 mil 688.80 metros cuadrados de calle y construye 808 metros lineales de guarniciones<\/p>\n\n\n\n<figure class=\"wp-block-image size-large\"><img fetchpriority=\"high\" decoding=\"async\" width=\"750\" height=\"562\" src=\"https:\/\/contextoanalisisperiodistico.com\/wp-content\/uploads\/2025\/11\/img-20251114-wa00436287253104558686415.jpg\" alt=\"\" class=\"wp-image-48153\" srcset=\"https:\/\/contextoanalisisperiodistico.com\/wp-content\/uploads\/2025\/11\/img-20251114-wa00436287253104558686415.jpg 750w, https:\/\/contextoanalisisperiodistico.com\/wp-content\/uploads\/2025\/11\/img-20251114-wa00436287253104558686415-300x225.jpg 300w\" sizes=\"(max-width: 750px) 100vw, 750px\" \/><\/figure>\n\n\n\n<figure class=\"wp-block-image\"><img decoding=\"async\" width=\"300\" height=\"200\" src=\"https:\/\/contextoanalisisperiodistico.com\/wp-content\/uploads\/2025\/11\/img-20251114-wa00416554015337672908783-300x200.jpg\" alt=\"\" class=\"wp-image-48155\" srcset=\"https:\/\/contextoanalisisperiodistico.com\/wp-content\/uploads\/2025\/11\/img-20251114-wa00416554015337672908783-300x200.jpg 300w, https:\/\/contextoanalisisperiodistico.com\/wp-content\/uploads\/2025\/11\/img-20251114-wa00416554015337672908783-768x512.jpg 768w, https:\/\/contextoanalisisperiodistico.com\/wp-content\/uploads\/2025\/11\/img-20251114-wa00416554015337672908783.jpg 800w\" sizes=\"(max-width: 300px) 100vw, 300px\" \/><\/figure>\n\n\n\n<figure class=\"wp-block-image\"><img decoding=\"async\" width=\"300\" height=\"200\" src=\"https:\/\/contextoanalisisperiodistico.com\/wp-content\/uploads\/2025\/11\/img-20251114-wa00422899197356577207527-300x200.jpg\" alt=\"\" class=\"wp-image-48154\" srcset=\"https:\/\/contextoanalisisperiodistico.com\/wp-content\/uploads\/2025\/11\/img-20251114-wa00422899197356577207527-300x200.jpg 300w, https:\/\/contextoanalisisperiodistico.com\/wp-content\/uploads\/2025\/11\/img-20251114-wa00422899197356577207527-768x512.jpg 768w, https:\/\/contextoanalisisperiodistico.com\/wp-content\/uploads\/2025\/11\/img-20251114-wa00422899197356577207527.jpg 800w\" sizes=\"(max-width: 300px) 100vw, 300px\" \/><\/figure>\n\n\n\n<p>Oaxaca de Ju\u00e1rez, Oax., 14 de noviembre de 2025.- El Gobierno del Estado a trav\u00e9s de la Secretar\u00eda de Infraestructuras y Comunicaciones (SIC), destina una inversi\u00f3n de 4 millones 930 mil pesos para la pavimentaci\u00f3n con concreto hidr\u00e1ulico de la calle Las Ruinas, en la localidad de Pueblo Viejo, municipio de San Jos\u00e9 Chiltepec.<\/p>\n\n\n\n<p>Esta obra beneficiar\u00e1 a m\u00e1s de mil 400 habitantes mediante la intervenci\u00f3n de 2 mil 688.80 metros cuadrados de superficie, la construcci\u00f3n de 808 metros lineales de guarniciones y la aplicaci\u00f3n de pintura en cruces peatonales y se\u00f1alamientos viales.<\/p>\n\n\n\n<p>El titular de la SIC, Carlos Vichido Hern\u00e1ndez destac\u00f3 que estas acciones de mejora en la infraestructura p\u00fablica impulsan la movilidad de personas y mercanc\u00edas en la Cuenca del Papaloapan; adem\u00e1s de fortalecer la actividad econ\u00f3mica en la zona.<\/p>\n\n\n\n<p>-0-<\/p>\n","protected":false},"excerpt":{"rendered":"<p>\u2022 Mientras el beneficio\u00a0alcanza a mil 400 habitantes, la SIC interviene 2 mil 688.80 metros&#8230;<\/p>\n","protected":false},"author":4,"featured_media":48152,"comment_status":"closed","ping_status":"open","sticky":false,"template":"","format":"standard","meta":{"footnotes":""},"categories":[9],"tags":[303],"jetpack_sharing_enabled":true,"featured_image_urls":{"full":["https:\/\/contextoanalisisperiodistico.com\/wp-content\/uploads\/2025\/11\/IMG-20251114-WA0044.jpg",750,528,false],"thumbnail":["https:\/\/contextoanalisisperiodistico.com\/wp-content\/uploads\/2025\/11\/IMG-20251114-WA0044-150x150.jpg",150,150,true],"medium":["https:\/\/contextoanalisisperiodistico.com\/wp-content\/uploads\/2025\/11\/IMG-20251114-WA0044-300x211.jpg",300,211,true],"medium_large":["https:\/\/contextoanalisisperiodistico.com\/wp-content\/uploads\/2025\/11\/IMG-20251114-WA0044.jpg",640,451,false],"large":["https:\/\/contextoanalisisperiodistico.com\/wp-content\/uploads\/2025\/11\/IMG-20251114-WA0044.jpg",640,451,false],"1536x1536":["https:\/\/contextoanalisisperiodistico.com\/wp-content\/uploads\/2025\/11\/IMG-20251114-WA0044.jpg",750,528,false],"2048x2048":["https:\/\/contextoanalisisperiodistico.com\/wp-content\/uploads\/2025\/11\/IMG-20251114-WA0044.jpg",750,528,false],"covernews-slider-full":["https:\/\/contextoanalisisperiodistico.com\/wp-content\/uploads\/2025\/11\/IMG-20251114-WA0044.jpg",750,528,false],"covernews-slider-center":["https:\/\/contextoanalisisperiodistico.com\/wp-content\/uploads\/2025\/11\/IMG-20251114-WA0044-750x500.jpg",750,500,true],"covernews-featured":["https:\/\/contextoanalisisperiodistico.com\/wp-content\/uploads\/2025\/11\/IMG-20251114-WA0044.jpg",750,528,false],"covernews-medium":["https:\/\/contextoanalisisperiodistico.com\/wp-content\/uploads\/2025\/11\/IMG-20251114-WA0044-540x340.jpg",540,340,true],"covernews-medium-square":["https:\/\/contextoanalisisperiodistico.com\/wp-content\/uploads\/2025\/11\/IMG-20251114-WA0044-400x250.jpg",400,250,true]},"author_info":{"display_name":"Mario Gir\u00f3n","author_link":"https:\/\/contextoanalisisperiodistico.com\/index.php\/author\/director\/"},"category_info":"<a href=\"https:\/\/contextoanalisisperiodistico.com\/index.php\/category\/politica\/\" rel=\"category tag\">Pol\u00edtica<\/a>","tag_info":"Pol\u00edtica","comment_count":"0","jetpack_featured_media_url":"https:\/\/contextoanalisisperiodistico.com\/wp-content\/uploads\/2025\/11\/IMG-20251114-WA0044.jpg","_links":{"self":[{"href":"https:\/\/contextoanalisisperiodistico.com\/index.php\/wp-json\/wp\/v2\/posts\/48156"}],"collection":[{"href":"https:\/\/contextoanalisisperiodistico.com\/index.php\/wp-json\/wp\/v2\/posts"}],"about":[{"href":"https:\/\/contextoanalisisperiodistico.com\/index.php\/wp-json\/wp\/v2\/types\/post"}],"author":[{"embeddable":true,"href":"https:\/\/contextoanalisisperiodistico.com\/index.php\/wp-json\/wp\/v2\/users\/4"}],"replies":[{"embeddable":true,"href":"https:\/\/contextoanalisisperiodistico.com\/index.php\/wp-json\/wp\/v2\/comments?post=48156"}],"version-history":[{"count":2,"href":"https:\/\/contextoanalisisperiodistico.com\/index.php\/wp-json\/wp\/v2\/posts\/48156\/revisions"}],"predecessor-version":[{"id":48158,"href":"https:\/\/contextoanalisisperiodistico.com\/index.php\/wp-json\/wp\/v2\/posts\/48156\/revisions\/48158"}],"wp:featuredmedia":[{"embeddable":true,"href":"https:\/\/contextoanalisisperiodistico.com\/index.php\/wp-json\/wp\/v2\/media\/48152"}],"wp:attachment":[{"href":"https:\/\/contextoanalisisperiodistico.com\/index.php\/wp-json\/wp\/v2\/media?parent=48156"}],"wp:term":[{"taxonomy":"category","embeddable":true,"href":"https:\/\/contextoanalisisperiodistico.com\/index.php\/wp-json\/wp\/v2\/categories?post=48156"},{"taxonomy":"post_tag","embeddable":true,"href":"https:\/\/contextoanalisisperiodistico.com\/index.php\/wp-json\/wp\/v2\/tags?post=48156"}],"curies":[{"name":"wp","href":"https:\/\/api.w.org\/{rel}","templated":true}]}}