{"id":48151,"date":"2025-11-14T09:48:50","date_gmt":"2025-11-14T15:48:50","guid":{"rendered":"https:\/\/contextoanalisisperiodistico.com\/index.php\/2025\/11\/14\/oaxaca-presenta-su-riqueza-turistica-en-el-tianguis-nacional-de-pueblos-magicos\/"},"modified":"2025-11-14T09:48:50","modified_gmt":"2025-11-14T15:48:50","slug":"oaxaca-presenta-su-riqueza-turistica-en-el-tianguis-nacional-de-pueblos-magicos","status":"publish","type":"post","link":"https:\/\/contextoanalisisperiodistico.com\/index.php\/2025\/11\/14\/oaxaca-presenta-su-riqueza-turistica-en-el-tianguis-nacional-de-pueblos-magicos\/","title":{"rendered":"Oaxaca presenta su riqueza tur\u00edstica en el Tianguis Nacional de Pueblos M\u00e1gicos"},"content":{"rendered":"<div id=\"fb-root\"><\/div>\n\n<ul class=\"wp-block-list\">\n<li>La Sectur Estatal coordina una agenda de trabajo para la promoci\u00f3n de los seis destinos oaxaque\u00f1os que tienen este reconocimiento<\/li>\n<\/ul>\n\n\n\n<p>Mineral del Monte, Hgo. 14 de noviembre de 2025.- Con la riqueza natural y cultural de los atractivos tur\u00edsticos de la entidad, Oaxaca inici\u00f3 su participaci\u00f3n en la s\u00e9ptima edici\u00f3n del Tianguis Nacional de Pueblos M\u00e1gicos (TNPM) en Real del Monte, Hidalgo.<\/p>\n\n\n\n<p>Del 14 al 16 de noviembre, la Secretar\u00eda de Turismo del Estado (Sectur Oaxaca) desarrolla una agenda de trabajo para la promoci\u00f3n de Capul\u00e1lpam de M\u00e9ndez, Huautla de Jim\u00e9nez, Mazunte, San Pablo Villa de Mitla, San Pedro y San Pablo Teposcolula, y Santa Catarina Juquila.<\/p>\n\n\n\n<p>Durante la inauguraci\u00f3n, el subsecretario de Desarrollo Tur\u00edstico de la Sectur Oaxaca, Jos\u00e9 Hern\u00e1ndez C\u00e1rdenas destac\u00f3 que este encuentro es una de las plataformas m\u00e1s relevantes del pa\u00eds que acerca a las comunidades con compradores nacionales e internacionales y las proyecta a nuevos mercados potenciales.<\/p>\n\n\n\n<p>\u201cEl Tianguis contribuye a fortalecer estos destinos, fundamentales para impulsar un turismo comunitario que ofrece experiencias que acercan a cada visitante a la esencia de las comunidades y que promueve el respeto y la preservaci\u00f3n de su patrimonio\u201d, dijo ante la secretaria de Turismo del Gobierno de M\u00e9xico, Josefina Rodr\u00edguez Zamora.<\/p>\n\n\n\n<p>Oaxaca tendr\u00e1 presencia en los pabellones de Pueblos M\u00e1gicos, Gastronom\u00eda, Medicina tradicional y Arte popular. Adem\u00e1s, compartir\u00e1 su cultura en el programa de eventos art\u00edsticos, realizar\u00e1 la Presentaci\u00f3n de Destino Oaxaca y atender\u00e1 citas de negocios.<\/p>\n\n\n\n<p>-0-<\/p>\n\n\n\n<figure class=\"wp-block-image size-large\"><img fetchpriority=\"high\" decoding=\"async\" width=\"1024\" height=\"683\" src=\"https:\/\/contextoanalisisperiodistico.com\/wp-content\/uploads\/2025\/11\/img-20251114-wa00403258892691864495544-1024x683.jpg\" alt=\"\" class=\"wp-image-48150\" srcset=\"https:\/\/contextoanalisisperiodistico.com\/wp-content\/uploads\/2025\/11\/img-20251114-wa00403258892691864495544-1024x683.jpg 1024w, https:\/\/contextoanalisisperiodistico.com\/wp-content\/uploads\/2025\/11\/img-20251114-wa00403258892691864495544-300x200.jpg 300w, https:\/\/contextoanalisisperiodistico.com\/wp-content\/uploads\/2025\/11\/img-20251114-wa00403258892691864495544-768x512.jpg 768w, https:\/\/contextoanalisisperiodistico.com\/wp-content\/uploads\/2025\/11\/img-20251114-wa00403258892691864495544.jpg 1280w\" sizes=\"(max-width: 1024px) 100vw, 1024px\" \/><\/figure>\n","protected":false},"excerpt":{"rendered":"<p>Mineral del Monte, Hgo. 14 de noviembre de 2025.- Con la riqueza natural y cultural&#8230;<\/p>\n","protected":false},"author":4,"featured_media":48149,"comment_status":"","ping_status":"open","sticky":false,"template":"","format":"standard","meta":{"footnotes":""},"categories":[9],"tags":[303],"jetpack_sharing_enabled":true,"featured_image_urls":{"full":["https:\/\/contextoanalisisperiodistico.com\/wp-content\/uploads\/2025\/11\/IMG-20251114-WA0035.jpg",1280,854,false],"thumbnail":["https:\/\/contextoanalisisperiodistico.com\/wp-content\/uploads\/2025\/11\/IMG-20251114-WA0035-150x150.jpg",150,150,true],"medium":["https:\/\/contextoanalisisperiodistico.com\/wp-content\/uploads\/2025\/11\/IMG-20251114-WA0035-300x200.jpg",300,200,true],"medium_large":["https:\/\/contextoanalisisperiodistico.com\/wp-content\/uploads\/2025\/11\/IMG-20251114-WA0035-768x512.jpg",640,427,true],"large":["https:\/\/contextoanalisisperiodistico.com\/wp-content\/uploads\/2025\/11\/IMG-20251114-WA0035-1024x683.jpg",640,427,true],"1536x1536":["https:\/\/contextoanalisisperiodistico.com\/wp-content\/uploads\/2025\/11\/IMG-20251114-WA0035.jpg",1280,854,false],"2048x2048":["https:\/\/contextoanalisisperiodistico.com\/wp-content\/uploads\/2025\/11\/IMG-20251114-WA0035.jpg",1280,854,false],"covernews-slider-full":["https:\/\/contextoanalisisperiodistico.com\/wp-content\/uploads\/2025\/11\/IMG-20251114-WA0035-1115x715.jpg",1115,715,true],"covernews-slider-center":["https:\/\/contextoanalisisperiodistico.com\/wp-content\/uploads\/2025\/11\/IMG-20251114-WA0035-800x500.jpg",800,500,true],"covernews-featured":["https:\/\/contextoanalisisperiodistico.com\/wp-content\/uploads\/2025\/11\/IMG-20251114-WA0035-1024x683.jpg",1024,683,true],"covernews-medium":["https:\/\/contextoanalisisperiodistico.com\/wp-content\/uploads\/2025\/11\/IMG-20251114-WA0035-540x340.jpg",540,340,true],"covernews-medium-square":["https:\/\/contextoanalisisperiodistico.com\/wp-content\/uploads\/2025\/11\/IMG-20251114-WA0035-400x250.jpg",400,250,true]},"author_info":{"display_name":"Mario Gir\u00f3n","author_link":"https:\/\/contextoanalisisperiodistico.com\/index.php\/author\/director\/"},"category_info":"<a href=\"https:\/\/contextoanalisisperiodistico.com\/index.php\/category\/politica\/\" rel=\"category tag\">Pol\u00edtica<\/a>","tag_info":"Pol\u00edtica","comment_count":"0","jetpack_featured_media_url":"https:\/\/contextoanalisisperiodistico.com\/wp-content\/uploads\/2025\/11\/IMG-20251114-WA0035.jpg","_links":{"self":[{"href":"https:\/\/contextoanalisisperiodistico.com\/index.php\/wp-json\/wp\/v2\/posts\/48151"}],"collection":[{"href":"https:\/\/contextoanalisisperiodistico.com\/index.php\/wp-json\/wp\/v2\/posts"}],"about":[{"href":"https:\/\/contextoanalisisperiodistico.com\/index.php\/wp-json\/wp\/v2\/types\/post"}],"author":[{"embeddable":true,"href":"https:\/\/contextoanalisisperiodistico.com\/index.php\/wp-json\/wp\/v2\/users\/4"}],"replies":[{"embeddable":true,"href":"https:\/\/contextoanalisisperiodistico.com\/index.php\/wp-json\/wp\/v2\/comments?post=48151"}],"version-history":[{"count":0,"href":"https:\/\/contextoanalisisperiodistico.com\/index.php\/wp-json\/wp\/v2\/posts\/48151\/revisions"}],"wp:featuredmedia":[{"embeddable":true,"href":"https:\/\/contextoanalisisperiodistico.com\/index.php\/wp-json\/wp\/v2\/media\/48149"}],"wp:attachment":[{"href":"https:\/\/contextoanalisisperiodistico.com\/index.php\/wp-json\/wp\/v2\/media?parent=48151"}],"wp:term":[{"taxonomy":"category","embeddable":true,"href":"https:\/\/contextoanalisisperiodistico.com\/index.php\/wp-json\/wp\/v2\/categories?post=48151"},{"taxonomy":"post_tag","embeddable":true,"href":"https:\/\/contextoanalisisperiodistico.com\/index.php\/wp-json\/wp\/v2\/tags?post=48151"}],"curies":[{"name":"wp","href":"https:\/\/api.w.org\/{rel}","templated":true}]}}