{"id":48148,"date":"2025-11-14T09:43:17","date_gmt":"2025-11-14T15:43:17","guid":{"rendered":"https:\/\/contextoanalisisperiodistico.com\/index.php\/2025\/11\/14\/con-gran-variedad-de-actividades-gobierno-de-oaxaca-promueve-una-costa-fuerte-viva-y-festiva\/"},"modified":"2025-11-14T09:43:17","modified_gmt":"2025-11-14T15:43:17","slug":"con-gran-variedad-de-actividades-gobierno-de-oaxaca-promueve-una-costa-fuerte-viva-y-festiva","status":"publish","type":"post","link":"https:\/\/contextoanalisisperiodistico.com\/index.php\/2025\/11\/14\/con-gran-variedad-de-actividades-gobierno-de-oaxaca-promueve-una-costa-fuerte-viva-y-festiva\/","title":{"rendered":"Con gran variedad de actividades, Gobierno de Oaxaca promueve una \u201cCosta: fuerte, viva y festiva\u201d"},"content":{"rendered":"<div id=\"fb-root\"><\/div>\n\n<p>\u00b7 La regi\u00f3n aporta el 60 por ciento de la derrama econ\u00f3mica tur\u00edstica estatal y concentra el 39 por ciento de la oferta de hospedaje<\/p>\n\n\n\n<p>Oaxaca de Ju\u00e1rez, Oax. 14 de noviembre de 2025.- Durante la emisi\u00f3n del Jueves de Gozona, la Secretar\u00eda de Turismo (Sectur) anunci\u00f3 diversos eventos culturales, deportivos y art\u00edsticos para reactivar esta actividad econ\u00f3mica en la regi\u00f3n Costa, luego de las afectaciones que dej\u00f3 el impacto del hurac\u00e1n Erick.<\/p>\n\n\n\n<p>La titular de la dependencia, Saymi Pineda Velasco destac\u00f3 que junto a diversos municipios, se trabaja en la estrategia \u201cCosta: fuerte, viva y festiva\u201d, toda vez que esta zona genera el 60\u202fpor ciento de la derrama econ\u00f3mica del estado y alberga 39\u202f por ciento de la oferta de hospedaje.<\/p>\n\n\n\n<p>Junto a autoridades municipales de Villa de Tututepec de Melchor Ocampo, Santa Mar\u00eda Colotepec, San Pedro Mixtepec, Santa Mar\u00eda Tonameca y San Pedro Pochutla; se anunciaron eventos como el XVIII Festival Internacional de Jazz y Algo M\u00e1s Mazunte 2025, que contar\u00e1 con m\u00e1s de 42 actividades, del 14 al 16 de noviembre.<\/p>\n\n\n\n<p>Tambi\u00e9n, las Fiestas de Noviembre en Puerto Escondido 2025, que contempla eventos como: la Guelaguetza del Mar, el 22 de este mes; el Torneo Internacional de Pez Vela \u201cEl Rey de los Torneos\u201d, del 21 al 23; el Torneo Internacional Zicatela Mexican Pro 2025, del 28 al 30, entre otros.<\/p>\n\n\n\n<p>En el mes de diciembre, en Puerto \u00c1ngel situado en San Pedro Pochutla, tendr\u00e1 lugar el Ballena Fest del 5 al 7; en Villa de Tututepec de Melchor Ocampo, el Chacahua Fest 2025 los d\u00edas 13 y 14; en Santiago Pinotepa Nacional se realizar\u00e1 el Corralero Fest 2025 el 20 y 21; en los cuales habr\u00e1n actividades gastron\u00f3micas, deportivas, cient\u00edficas, de conservaci\u00f3n ambiental, recreativas y art\u00edsticas.<\/p>\n\n\n\n<p>Los eventos a celebrarse en la Costa oaxaque\u00f1a, pueden consultarse en: https:\/\/oaxaca.travel\/index.php\/es\/activities-2\/cartelera-costa-oaxaquena-fuerte-viva-y-festiva<\/p>\n\n\n\n<p>-0-<\/p>\n","protected":false},"excerpt":{"rendered":"<p>\u00b7 La regi\u00f3n aporta el 60 por ciento de la derrama econ\u00f3mica tur\u00edstica estatal y&#8230;<\/p>\n","protected":false},"author":4,"featured_media":48147,"comment_status":"","ping_status":"open","sticky":false,"template":"","format":"standard","meta":{"footnotes":""},"categories":[9],"tags":[303],"jetpack_sharing_enabled":true,"featured_image_urls":{"full":["https:\/\/contextoanalisisperiodistico.com\/wp-content\/uploads\/2025\/11\/IMG-20251114-WA0031.jpg",1280,854,false],"thumbnail":["https:\/\/contextoanalisisperiodistico.com\/wp-content\/uploads\/2025\/11\/IMG-20251114-WA0031-150x150.jpg",150,150,true],"medium":["https:\/\/contextoanalisisperiodistico.com\/wp-content\/uploads\/2025\/11\/IMG-20251114-WA0031-300x200.jpg",300,200,true],"medium_large":["https:\/\/contextoanalisisperiodistico.com\/wp-content\/uploads\/2025\/11\/IMG-20251114-WA0031-768x512.jpg",640,427,true],"large":["https:\/\/contextoanalisisperiodistico.com\/wp-content\/uploads\/2025\/11\/IMG-20251114-WA0031-1024x683.jpg",640,427,true],"1536x1536":["https:\/\/contextoanalisisperiodistico.com\/wp-content\/uploads\/2025\/11\/IMG-20251114-WA0031.jpg",1280,854,false],"2048x2048":["https:\/\/contextoanalisisperiodistico.com\/wp-content\/uploads\/2025\/11\/IMG-20251114-WA0031.jpg",1280,854,false],"covernews-slider-full":["https:\/\/contextoanalisisperiodistico.com\/wp-content\/uploads\/2025\/11\/IMG-20251114-WA0031-1115x715.jpg",1115,715,true],"covernews-slider-center":["https:\/\/contextoanalisisperiodistico.com\/wp-content\/uploads\/2025\/11\/IMG-20251114-WA0031-800x500.jpg",800,500,true],"covernews-featured":["https:\/\/contextoanalisisperiodistico.com\/wp-content\/uploads\/2025\/11\/IMG-20251114-WA0031-1024x683.jpg",1024,683,true],"covernews-medium":["https:\/\/contextoanalisisperiodistico.com\/wp-content\/uploads\/2025\/11\/IMG-20251114-WA0031-540x340.jpg",540,340,true],"covernews-medium-square":["https:\/\/contextoanalisisperiodistico.com\/wp-content\/uploads\/2025\/11\/IMG-20251114-WA0031-400x250.jpg",400,250,true]},"author_info":{"display_name":"Mario Gir\u00f3n","author_link":"https:\/\/contextoanalisisperiodistico.com\/index.php\/author\/director\/"},"category_info":"<a href=\"https:\/\/contextoanalisisperiodistico.com\/index.php\/category\/politica\/\" rel=\"category tag\">Pol\u00edtica<\/a>","tag_info":"Pol\u00edtica","comment_count":"0","jetpack_featured_media_url":"https:\/\/contextoanalisisperiodistico.com\/wp-content\/uploads\/2025\/11\/IMG-20251114-WA0031.jpg","_links":{"self":[{"href":"https:\/\/contextoanalisisperiodistico.com\/index.php\/wp-json\/wp\/v2\/posts\/48148"}],"collection":[{"href":"https:\/\/contextoanalisisperiodistico.com\/index.php\/wp-json\/wp\/v2\/posts"}],"about":[{"href":"https:\/\/contextoanalisisperiodistico.com\/index.php\/wp-json\/wp\/v2\/types\/post"}],"author":[{"embeddable":true,"href":"https:\/\/contextoanalisisperiodistico.com\/index.php\/wp-json\/wp\/v2\/users\/4"}],"replies":[{"embeddable":true,"href":"https:\/\/contextoanalisisperiodistico.com\/index.php\/wp-json\/wp\/v2\/comments?post=48148"}],"version-history":[{"count":0,"href":"https:\/\/contextoanalisisperiodistico.com\/index.php\/wp-json\/wp\/v2\/posts\/48148\/revisions"}],"wp:featuredmedia":[{"embeddable":true,"href":"https:\/\/contextoanalisisperiodistico.com\/index.php\/wp-json\/wp\/v2\/media\/48147"}],"wp:attachment":[{"href":"https:\/\/contextoanalisisperiodistico.com\/index.php\/wp-json\/wp\/v2\/media?parent=48148"}],"wp:term":[{"taxonomy":"category","embeddable":true,"href":"https:\/\/contextoanalisisperiodistico.com\/index.php\/wp-json\/wp\/v2\/categories?post=48148"},{"taxonomy":"post_tag","embeddable":true,"href":"https:\/\/contextoanalisisperiodistico.com\/index.php\/wp-json\/wp\/v2\/tags?post=48148"}],"curies":[{"name":"wp","href":"https:\/\/api.w.org\/{rel}","templated":true}]}}