{"id":48146,"date":"2025-11-13T17:00:48","date_gmt":"2025-11-13T23:00:48","guid":{"rendered":"https:\/\/contextoanalisisperiodistico.com\/index.php\/2025\/11\/13\/confirma-sso-10-nuevos-casos-de-dengue-insta-a-la-poblacion-a-no-automedicarse\/"},"modified":"2025-11-13T17:00:48","modified_gmt":"2025-11-13T23:00:48","slug":"confirma-sso-10-nuevos-casos-de-dengue-insta-a-la-poblacion-a-no-automedicarse","status":"publish","type":"post","link":"https:\/\/contextoanalisisperiodistico.com\/index.php\/2025\/11\/13\/confirma-sso-10-nuevos-casos-de-dengue-insta-a-la-poblacion-a-no-automedicarse\/","title":{"rendered":"Confirma SSO 10 nuevos casos de dengue; insta a la poblaci\u00f3n a no automedicarse"},"content":{"rendered":"<div id=\"fb-root\"><\/div>\n\n<ul class=\"wp-block-list\">\n<li>Los reportes corresponden a San Juan Bautista Tuxtepec, San Lucas Ojitl\u00e1n, Santiago Jocotepec y San Jos\u00e9 Chiltepec<\/li>\n<\/ul>\n\n\n\n<figure class=\"wp-block-image size-large\"><img fetchpriority=\"high\" decoding=\"async\" width=\"614\" height=\"1024\" src=\"https:\/\/contextoanalisisperiodistico.com\/wp-content\/uploads\/2025\/11\/img-20251113-wa02015051516126398480109-614x1024.jpg\" alt=\"\" class=\"wp-image-48144\" srcset=\"https:\/\/contextoanalisisperiodistico.com\/wp-content\/uploads\/2025\/11\/img-20251113-wa02015051516126398480109-614x1024.jpg 614w, https:\/\/contextoanalisisperiodistico.com\/wp-content\/uploads\/2025\/11\/img-20251113-wa02015051516126398480109-180x300.jpg 180w, https:\/\/contextoanalisisperiodistico.com\/wp-content\/uploads\/2025\/11\/img-20251113-wa02015051516126398480109.jpg 767w\" sizes=\"(max-width: 614px) 100vw, 614px\" \/><\/figure>\n\n\n\n<figure class=\"wp-block-image\"><img decoding=\"async\" width=\"768\" height=\"1024\" src=\"https:\/\/contextoanalisisperiodistico.com\/wp-content\/uploads\/2025\/11\/img-20251113-wa02022406375992197370049-768x1024.jpg\" alt=\"\" class=\"wp-image-48145\" srcset=\"https:\/\/contextoanalisisperiodistico.com\/wp-content\/uploads\/2025\/11\/img-20251113-wa02022406375992197370049-768x1024.jpg 768w, https:\/\/contextoanalisisperiodistico.com\/wp-content\/uploads\/2025\/11\/img-20251113-wa02022406375992197370049-225x300.jpg 225w, https:\/\/contextoanalisisperiodistico.com\/wp-content\/uploads\/2025\/11\/img-20251113-wa02022406375992197370049.jpg 960w\" sizes=\"(max-width: 768px) 100vw, 768px\" \/><\/figure>\n\n\n\n<p>Oaxaca de Ju\u00e1rez, Oax. 13 de noviembre de 2025.- Servicios de Salud de Oaxaca (SSO) informa que, al cierre de la semana epidemiol\u00f3gica n\u00famero 45, se registraron 10 nuevos casos de dengue, con un acumulado de 242 en la entidad.<\/p>\n\n\n\n<p>La instituci\u00f3n reitera el llamado a la poblaci\u00f3n para que acuda de inmediato a su unidad de salud ante s\u00edntomas como fiebre, dolor corporal, cefalea, molestia detr\u00e1s de los ojos o malestar general; toda vez que la automedicaci\u00f3n puede agravar el cuadro cl\u00ednico.<\/p>\n\n\n\n<p>Los nuevos casos corresponden a: San Juan Bautista Tuxtepec con seis, San Lucas Ojitl\u00e1n con dos y Santiago Jocotepec y San Jos\u00e9 Chiltepec con uno, respectivamente.<\/p>\n\n\n\n<p>Por clasificaci\u00f3n cl\u00ednica, los 242 acumulados se distribuyen de la siguiente manera: 39 Dengue No Grave (DNG), 178 Dengue con Signos de Alarma (DCSA) y 25 Dengue Grave (DG). A la fecha se han presentado tres defunciones.<\/p>\n\n\n\n<p>La Jurisdicci\u00f3n Sanitaria de Tuxtepec contin\u00faa como la m\u00e1s afectada con 173 casos, seguida de Costa con 29, Valles Centrales con 21, Istmo con 14, Mixteca con cuatro, y Sierra con uno. Por sexo, se contabilizan 131 mujeres y 111 hombres.<\/p>\n\n\n\n<p>SSO se\u00f1ala que la prevenci\u00f3n es la herramienta m\u00e1s efectiva contra el dengue, por lo que recomienda: usar ropa de manga larga, colocar pabellones o mosquiteros, instalar tela met\u00e1lica en puertas y ventanas, y eliminar criaderos potenciales del mosquito, manteniendo patios y jardines limpios.<\/p>\n\n\n\n<p>-0-<\/p>\n","protected":false},"excerpt":{"rendered":"<p>Oaxaca de Ju\u00e1rez, Oax. 13 de noviembre de 2025.- Servicios de Salud de Oaxaca (SSO)&#8230;<\/p>\n","protected":false},"author":4,"featured_media":48143,"comment_status":"","ping_status":"open","sticky":false,"template":"","format":"standard","meta":{"footnotes":""},"categories":[92],"tags":[335],"jetpack_sharing_enabled":true,"featured_image_urls":{"full":["https:\/\/contextoanalisisperiodistico.com\/wp-content\/uploads\/2025\/11\/IMG-20251113-WA0203.jpg",960,1280,false],"thumbnail":["https:\/\/contextoanalisisperiodistico.com\/wp-content\/uploads\/2025\/11\/IMG-20251113-WA0203-150x150.jpg",150,150,true],"medium":["https:\/\/contextoanalisisperiodistico.com\/wp-content\/uploads\/2025\/11\/IMG-20251113-WA0203-225x300.jpg",225,300,true],"medium_large":["https:\/\/contextoanalisisperiodistico.com\/wp-content\/uploads\/2025\/11\/IMG-20251113-WA0203-768x1024.jpg",640,853,true],"large":["https:\/\/contextoanalisisperiodistico.com\/wp-content\/uploads\/2025\/11\/IMG-20251113-WA0203-768x1024.jpg",640,853,true],"1536x1536":["https:\/\/contextoanalisisperiodistico.com\/wp-content\/uploads\/2025\/11\/IMG-20251113-WA0203.jpg",960,1280,false],"2048x2048":["https:\/\/contextoanalisisperiodistico.com\/wp-content\/uploads\/2025\/11\/IMG-20251113-WA0203.jpg",960,1280,false],"covernews-slider-full":["https:\/\/contextoanalisisperiodistico.com\/wp-content\/uploads\/2025\/11\/IMG-20251113-WA0203-960x715.jpg",960,715,true],"covernews-slider-center":["https:\/\/contextoanalisisperiodistico.com\/wp-content\/uploads\/2025\/11\/IMG-20251113-WA0203-800x500.jpg",800,500,true],"covernews-featured":["https:\/\/contextoanalisisperiodistico.com\/wp-content\/uploads\/2025\/11\/IMG-20251113-WA0203.jpg",960,1280,false],"covernews-medium":["https:\/\/contextoanalisisperiodistico.com\/wp-content\/uploads\/2025\/11\/IMG-20251113-WA0203-540x340.jpg",540,340,true],"covernews-medium-square":["https:\/\/contextoanalisisperiodistico.com\/wp-content\/uploads\/2025\/11\/IMG-20251113-WA0203-400x250.jpg",400,250,true]},"author_info":{"display_name":"Mario Gir\u00f3n","author_link":"https:\/\/contextoanalisisperiodistico.com\/index.php\/author\/director\/"},"category_info":"<a href=\"https:\/\/contextoanalisisperiodistico.com\/index.php\/category\/salud\/\" rel=\"category tag\">Salud<\/a>","tag_info":"Salud","comment_count":"0","jetpack_featured_media_url":"https:\/\/contextoanalisisperiodistico.com\/wp-content\/uploads\/2025\/11\/IMG-20251113-WA0203.jpg","_links":{"self":[{"href":"https:\/\/contextoanalisisperiodistico.com\/index.php\/wp-json\/wp\/v2\/posts\/48146"}],"collection":[{"href":"https:\/\/contextoanalisisperiodistico.com\/index.php\/wp-json\/wp\/v2\/posts"}],"about":[{"href":"https:\/\/contextoanalisisperiodistico.com\/index.php\/wp-json\/wp\/v2\/types\/post"}],"author":[{"embeddable":true,"href":"https:\/\/contextoanalisisperiodistico.com\/index.php\/wp-json\/wp\/v2\/users\/4"}],"replies":[{"embeddable":true,"href":"https:\/\/contextoanalisisperiodistico.com\/index.php\/wp-json\/wp\/v2\/comments?post=48146"}],"version-history":[{"count":0,"href":"https:\/\/contextoanalisisperiodistico.com\/index.php\/wp-json\/wp\/v2\/posts\/48146\/revisions"}],"wp:featuredmedia":[{"embeddable":true,"href":"https:\/\/contextoanalisisperiodistico.com\/index.php\/wp-json\/wp\/v2\/media\/48143"}],"wp:attachment":[{"href":"https:\/\/contextoanalisisperiodistico.com\/index.php\/wp-json\/wp\/v2\/media?parent=48146"}],"wp:term":[{"taxonomy":"category","embeddable":true,"href":"https:\/\/contextoanalisisperiodistico.com\/index.php\/wp-json\/wp\/v2\/categories?post=48146"},{"taxonomy":"post_tag","embeddable":true,"href":"https:\/\/contextoanalisisperiodistico.com\/index.php\/wp-json\/wp\/v2\/tags?post=48146"}],"curies":[{"name":"wp","href":"https:\/\/api.w.org\/{rel}","templated":true}]}}