{"id":48142,"date":"2025-11-13T16:44:24","date_gmt":"2025-11-13T22:44:24","guid":{"rendered":"https:\/\/contextoanalisisperiodistico.com\/index.php\/2025\/11\/13\/emite-proteccion-civil-recomendaciones-por-presencia-de-material-suelto-y-deslaves-en-la-carretera-barranca-larga-ventanilla\/"},"modified":"2025-11-13T16:44:24","modified_gmt":"2025-11-13T22:44:24","slug":"emite-proteccion-civil-recomendaciones-por-presencia-de-material-suelto-y-deslaves-en-la-carretera-barranca-larga-ventanilla","status":"publish","type":"post","link":"https:\/\/contextoanalisisperiodistico.com\/index.php\/2025\/11\/13\/emite-proteccion-civil-recomendaciones-por-presencia-de-material-suelto-y-deslaves-en-la-carretera-barranca-larga-ventanilla\/","title":{"rendered":"Emite Protecci\u00f3n Civil recomendaciones por presencia de material suelto y deslaves en la carretera Barranca Larga\u2013Ventanilla"},"content":{"rendered":"<div id=\"fb-root\"><\/div>\n\n<ul class=\"wp-block-list\">\n<li>Los puntos afectados son los kil\u00f3metros 51, 62, 48 y 44; la zona ya cuenta con se\u00f1alamientos preventivos<\/li>\n<\/ul>\n\n\n\n<figure class=\"wp-block-image size-large\"><img fetchpriority=\"high\" decoding=\"async\" width=\"658\" height=\"1024\" src=\"https:\/\/contextoanalisisperiodistico.com\/wp-content\/uploads\/2025\/11\/img-20251113-wa01978738115565796042256-658x1024.jpg\" alt=\"\" class=\"wp-image-48141\" srcset=\"https:\/\/contextoanalisisperiodistico.com\/wp-content\/uploads\/2025\/11\/img-20251113-wa01978738115565796042256-658x1024.jpg 658w, https:\/\/contextoanalisisperiodistico.com\/wp-content\/uploads\/2025\/11\/img-20251113-wa01978738115565796042256-193x300.jpg 193w, https:\/\/contextoanalisisperiodistico.com\/wp-content\/uploads\/2025\/11\/img-20251113-wa01978738115565796042256-768x1196.jpg 768w, https:\/\/contextoanalisisperiodistico.com\/wp-content\/uploads\/2025\/11\/img-20251113-wa01978738115565796042256.jpg 822w\" sizes=\"(max-width: 658px) 100vw, 658px\" \/><\/figure>\n\n\n\n<p>Oaxaca de Ju\u00e1rez, Oax., 13 de noviembre de 2025.- La Coordinaci\u00f3n Estatal de Protecci\u00f3n Civil y Gesti\u00f3n de Riesgos (CEPCyGR) emite las siguientes recomendaciones para las personas automovilistas que circulan por la carretera Barranca Larga\u2013Ventanilla, ya que en los kil\u00f3metros 51, 62, 48 y 44 hay presencia de material suelto, piedras y algunos deslaves.<\/p>\n\n\n\n<p>Ante esta situaci\u00f3n la dependencia pide reducir la velocidad y manejar con atenci\u00f3n, as\u00ed como mantener una distancia adecuada entre veh\u00edculos y evitar detenerse en taludes o zonas con ca\u00edda de material.<\/p>\n\n\n\n<p>Tambi\u00e9n, respetar los se\u00f1alamientos colocados y, en caso de lluvia o niebla, extremar precauciones y mantener las luces encendidas.<\/p>\n\n\n\n<p>Cabe destacar que la zona ya cuenta con se\u00f1alamientos preventivos, como conos y avisos colocados en los puntos afectados.<\/p>\n\n\n\n<p>La CEPCyGR mantiene un monitoreo permanente de esta v\u00eda y hace un llamado a la ciudadan\u00eda a reportar cualquier situaci\u00f3n de riesgo al n\u00famero de emergencias 9-1-1.<\/p>\n\n\n\n<p>-0-<\/p>\n","protected":false},"excerpt":{"rendered":"<p>Oaxaca de Ju\u00e1rez, Oax., 13 de noviembre de 2025.- La Coordinaci\u00f3n Estatal de Protecci\u00f3n Civil&#8230;<\/p>\n","protected":false},"author":4,"featured_media":48140,"comment_status":"","ping_status":"open","sticky":false,"template":"","format":"standard","meta":{"footnotes":""},"categories":[9],"tags":[335],"jetpack_sharing_enabled":true,"featured_image_urls":{"full":["https:\/\/contextoanalisisperiodistico.com\/wp-content\/uploads\/2025\/11\/IMG-20251113-WA0198.jpg",1080,923,false],"thumbnail":["https:\/\/contextoanalisisperiodistico.com\/wp-content\/uploads\/2025\/11\/IMG-20251113-WA0198-150x150.jpg",150,150,true],"medium":["https:\/\/contextoanalisisperiodistico.com\/wp-content\/uploads\/2025\/11\/IMG-20251113-WA0198-300x256.jpg",300,256,true],"medium_large":["https:\/\/contextoanalisisperiodistico.com\/wp-content\/uploads\/2025\/11\/IMG-20251113-WA0198-768x656.jpg",640,547,true],"large":["https:\/\/contextoanalisisperiodistico.com\/wp-content\/uploads\/2025\/11\/IMG-20251113-WA0198-1024x875.jpg",640,547,true],"1536x1536":["https:\/\/contextoanalisisperiodistico.com\/wp-content\/uploads\/2025\/11\/IMG-20251113-WA0198.jpg",1080,923,false],"2048x2048":["https:\/\/contextoanalisisperiodistico.com\/wp-content\/uploads\/2025\/11\/IMG-20251113-WA0198.jpg",1080,923,false],"covernews-slider-full":["https:\/\/contextoanalisisperiodistico.com\/wp-content\/uploads\/2025\/11\/IMG-20251113-WA0198-1080x715.jpg",1080,715,true],"covernews-slider-center":["https:\/\/contextoanalisisperiodistico.com\/wp-content\/uploads\/2025\/11\/IMG-20251113-WA0198-800x500.jpg",800,500,true],"covernews-featured":["https:\/\/contextoanalisisperiodistico.com\/wp-content\/uploads\/2025\/11\/IMG-20251113-WA0198-1024x875.jpg",1024,875,true],"covernews-medium":["https:\/\/contextoanalisisperiodistico.com\/wp-content\/uploads\/2025\/11\/IMG-20251113-WA0198-540x340.jpg",540,340,true],"covernews-medium-square":["https:\/\/contextoanalisisperiodistico.com\/wp-content\/uploads\/2025\/11\/IMG-20251113-WA0198-400x250.jpg",400,250,true]},"author_info":{"display_name":"Mario Gir\u00f3n","author_link":"https:\/\/contextoanalisisperiodistico.com\/index.php\/author\/director\/"},"category_info":"<a href=\"https:\/\/contextoanalisisperiodistico.com\/index.php\/category\/politica\/\" rel=\"category tag\">Pol\u00edtica<\/a>","tag_info":"Pol\u00edtica","comment_count":"0","jetpack_featured_media_url":"https:\/\/contextoanalisisperiodistico.com\/wp-content\/uploads\/2025\/11\/IMG-20251113-WA0198.jpg","_links":{"self":[{"href":"https:\/\/contextoanalisisperiodistico.com\/index.php\/wp-json\/wp\/v2\/posts\/48142"}],"collection":[{"href":"https:\/\/contextoanalisisperiodistico.com\/index.php\/wp-json\/wp\/v2\/posts"}],"about":[{"href":"https:\/\/contextoanalisisperiodistico.com\/index.php\/wp-json\/wp\/v2\/types\/post"}],"author":[{"embeddable":true,"href":"https:\/\/contextoanalisisperiodistico.com\/index.php\/wp-json\/wp\/v2\/users\/4"}],"replies":[{"embeddable":true,"href":"https:\/\/contextoanalisisperiodistico.com\/index.php\/wp-json\/wp\/v2\/comments?post=48142"}],"version-history":[{"count":0,"href":"https:\/\/contextoanalisisperiodistico.com\/index.php\/wp-json\/wp\/v2\/posts\/48142\/revisions"}],"wp:featuredmedia":[{"embeddable":true,"href":"https:\/\/contextoanalisisperiodistico.com\/index.php\/wp-json\/wp\/v2\/media\/48140"}],"wp:attachment":[{"href":"https:\/\/contextoanalisisperiodistico.com\/index.php\/wp-json\/wp\/v2\/media?parent=48142"}],"wp:term":[{"taxonomy":"category","embeddable":true,"href":"https:\/\/contextoanalisisperiodistico.com\/index.php\/wp-json\/wp\/v2\/categories?post=48142"},{"taxonomy":"post_tag","embeddable":true,"href":"https:\/\/contextoanalisisperiodistico.com\/index.php\/wp-json\/wp\/v2\/tags?post=48142"}],"curies":[{"name":"wp","href":"https:\/\/api.w.org\/{rel}","templated":true}]}}