{"id":48139,"date":"2025-11-13T16:41:42","date_gmt":"2025-11-13T22:41:42","guid":{"rendered":"https:\/\/contextoanalisisperiodistico.com\/index.php\/2025\/11\/13\/reconoce-viii-bienal-de-artes-graficas-shinzaburo-takeda-a-6-jovenes-grabadores-3-son-de-oaxaca\/"},"modified":"2025-11-13T16:41:42","modified_gmt":"2025-11-13T22:41:42","slug":"reconoce-viii-bienal-de-artes-graficas-shinzaburo-takeda-a-6-jovenes-grabadores-3-son-de-oaxaca","status":"publish","type":"post","link":"https:\/\/contextoanalisisperiodistico.com\/index.php\/2025\/11\/13\/reconoce-viii-bienal-de-artes-graficas-shinzaburo-takeda-a-6-jovenes-grabadores-3-son-de-oaxaca\/","title":{"rendered":"Reconoce VIII Bienal de Artes Gr\u00e1ficas \u201cShinzaburo Takeda\u201d a 6 j\u00f3venes grabadores, 3 son de Oaxaca"},"content":{"rendered":"<div id=\"fb-root\"><\/div>\n\n<p>\u2022 Los trabajos de este encuentro, organizado por la Seculta, UABJO y Fundaci\u00f3n Takeda, permanecer\u00e1n expuestos hasta el 15 de diciembre en la sala Rodolfo Nieto del Mupo,<\/p>\n\n\n\n<figure class=\"wp-block-image size-large\"><img fetchpriority=\"high\" decoding=\"async\" width=\"758\" height=\"1024\" src=\"https:\/\/contextoanalisisperiodistico.com\/wp-content\/uploads\/2025\/11\/img-20251113-wa01944194724455968020912-758x1024.jpg\" alt=\"\" class=\"wp-image-48137\" srcset=\"https:\/\/contextoanalisisperiodistico.com\/wp-content\/uploads\/2025\/11\/img-20251113-wa01944194724455968020912-758x1024.jpg 758w, https:\/\/contextoanalisisperiodistico.com\/wp-content\/uploads\/2025\/11\/img-20251113-wa01944194724455968020912-222x300.jpg 222w, https:\/\/contextoanalisisperiodistico.com\/wp-content\/uploads\/2025\/11\/img-20251113-wa01944194724455968020912-768x1037.jpg 768w, https:\/\/contextoanalisisperiodistico.com\/wp-content\/uploads\/2025\/11\/img-20251113-wa01944194724455968020912-1138x1536.jpg 1138w, https:\/\/contextoanalisisperiodistico.com\/wp-content\/uploads\/2025\/11\/img-20251113-wa01944194724455968020912-1024x1383.jpg 1024w, https:\/\/contextoanalisisperiodistico.com\/wp-content\/uploads\/2025\/11\/img-20251113-wa01944194724455968020912.jpg 1185w\" sizes=\"(max-width: 758px) 100vw, 758px\" \/><\/figure>\n\n\n\n<figure class=\"wp-block-image\"><img decoding=\"async\" width=\"1024\" height=\"682\" src=\"https:\/\/contextoanalisisperiodistico.com\/wp-content\/uploads\/2025\/11\/img-20251113-wa01914730772627272475615-1024x682.jpg\" alt=\"\" class=\"wp-image-48138\" srcset=\"https:\/\/contextoanalisisperiodistico.com\/wp-content\/uploads\/2025\/11\/img-20251113-wa01914730772627272475615-1024x682.jpg 1024w, https:\/\/contextoanalisisperiodistico.com\/wp-content\/uploads\/2025\/11\/img-20251113-wa01914730772627272475615-300x200.jpg 300w, https:\/\/contextoanalisisperiodistico.com\/wp-content\/uploads\/2025\/11\/img-20251113-wa01914730772627272475615-768x512.jpg 768w, https:\/\/contextoanalisisperiodistico.com\/wp-content\/uploads\/2025\/11\/img-20251113-wa01914730772627272475615-1536x1023.jpg 1536w, https:\/\/contextoanalisisperiodistico.com\/wp-content\/uploads\/2025\/11\/img-20251113-wa01914730772627272475615.jpg 1600w\" sizes=\"(max-width: 1024px) 100vw, 1024px\" \/><\/figure>\n\n\n\n<figure class=\"wp-block-image\"><img decoding=\"async\" width=\"1024\" height=\"682\" src=\"https:\/\/contextoanalisisperiodistico.com\/wp-content\/uploads\/2025\/11\/img-20251113-wa0193653188286232322587-1024x682.jpg\" alt=\"\" class=\"wp-image-48136\" srcset=\"https:\/\/contextoanalisisperiodistico.com\/wp-content\/uploads\/2025\/11\/img-20251113-wa0193653188286232322587-1024x682.jpg 1024w, https:\/\/contextoanalisisperiodistico.com\/wp-content\/uploads\/2025\/11\/img-20251113-wa0193653188286232322587-300x200.jpg 300w, https:\/\/contextoanalisisperiodistico.com\/wp-content\/uploads\/2025\/11\/img-20251113-wa0193653188286232322587-768x512.jpg 768w, https:\/\/contextoanalisisperiodistico.com\/wp-content\/uploads\/2025\/11\/img-20251113-wa0193653188286232322587-1536x1023.jpg 1536w, https:\/\/contextoanalisisperiodistico.com\/wp-content\/uploads\/2025\/11\/img-20251113-wa0193653188286232322587.jpg 1600w\" sizes=\"(max-width: 1024px) 100vw, 1024px\" \/><\/figure>\n\n\n\n<p>Oaxaca de Ju\u00e1rez, Oax 13 de noviembre de 2025. Los premios de la VIII Bienal de Artes Gr\u00e1ficas \u201cShinzaburo Takeda\u201d reconocieron a seis j\u00f3venes artistas provenientes de Oaxaca, Jalisco, Quer\u00e9taro y Morelos.<\/p>\n\n\n\n<p>Este encuentro de arte contempor\u00e1neo organizado por la Secretar\u00eda de las Culturas y Artes (Seculta), la Universidad Aut\u00f3noma \u201cBenito Ju\u00e1rez\u201d de Oaxaca (UABJO) y la Fundaci\u00f3n Takedart A.C., fue encabezado por el maestro Shinzaburo Takeda, en el Museo de los Pintores Oaxaque\u00f1os (Mupo)<\/p>\n\n\n\n<p>El primer lugar se otorg\u00f3 al oaxaque\u00f1o Gibr\u00e1n Jalil Mendoza V\u00e1squez; el segundo lugar a Mar\u00eda del Mar Gasca Madrigal, originaria de la Ciudad de M\u00e9xico; y el tercero a Gerardo Joushimart Morales Pablo tambi\u00e9n de origen oaxaque\u00f1o.<\/p>\n\n\n\n<p>Adem\u00e1s, se otorgaron el Premio UABJO a Ram\u00f3n Garc\u00eda Verduzco; Premio Takeda a la oaxaque\u00f1a Mariana Beatriz Guzm\u00e1n Victoria, y el Premio Joven Mujer Artista a Andrea Guadalupe \u00c1lvarez Torrencial, distinci\u00f3n que reconoce la participaci\u00f3n femenina en la gr\u00e1fica.<\/p>\n\n\n\n<p>Esta Bienal incluy\u00f3 en esta edici\u00f3n la participaci\u00f3n de 313 artistas de 17 estados con 443 obras.<\/p>\n\n\n\n<p>De esta amplia convocatoria, 40 piezas, incluidas 10 de artistas italianos, pa\u00eds invitado de honor, fueron seleccionadas por el jurado, integrado por reconocidos creadores y especialistas como Shinzaburo Takeda, Rolando Rojas, Maximino Javier, Fernando Sandoval, Mario Barro, Nidia Mart\u00ednez Esteva y Felipe Eduardo Barajas Mendoza.<\/p>\n\n\n\n<p>La exposici\u00f3n de estos trabajos permanecer\u00e1 abierta hasta el 15 de diciembre en la sala Rodolfo Nieto del Mupo, lo cual confirma a Oaxaca como el epicentro de la gr\u00e1fica mexicana y a la Bienal \u201cShinzaburo Takeda\u201d como un espacio de encuentro entre diversas generaciones y expresiones del arte contempor\u00e1neo.<\/p>\n\n\n\n<p>-0-<\/p>\n","protected":false},"excerpt":{"rendered":"<p>\u2022 Los trabajos de este encuentro, organizado por la Seculta, UABJO y Fundaci\u00f3n Takeda, permanecer\u00e1n&#8230;<\/p>\n","protected":false},"author":4,"featured_media":48135,"comment_status":"","ping_status":"open","sticky":false,"template":"","format":"standard","meta":{"footnotes":""},"categories":[4],"tags":[335],"jetpack_sharing_enabled":true,"featured_image_urls":{"full":["https:\/\/contextoanalisisperiodistico.com\/wp-content\/uploads\/2025\/11\/IMG-20251113-WA0192.jpg",1440,963,false],"thumbnail":["https:\/\/contextoanalisisperiodistico.com\/wp-content\/uploads\/2025\/11\/IMG-20251113-WA0192-150x150.jpg",150,150,true],"medium":["https:\/\/contextoanalisisperiodistico.com\/wp-content\/uploads\/2025\/11\/IMG-20251113-WA0192-300x201.jpg",300,201,true],"medium_large":["https:\/\/contextoanalisisperiodistico.com\/wp-content\/uploads\/2025\/11\/IMG-20251113-WA0192-768x514.jpg",640,428,true],"large":["https:\/\/contextoanalisisperiodistico.com\/wp-content\/uploads\/2025\/11\/IMG-20251113-WA0192-1024x685.jpg",640,428,true],"1536x1536":["https:\/\/contextoanalisisperiodistico.com\/wp-content\/uploads\/2025\/11\/IMG-20251113-WA0192.jpg",1440,963,false],"2048x2048":["https:\/\/contextoanalisisperiodistico.com\/wp-content\/uploads\/2025\/11\/IMG-20251113-WA0192.jpg",1440,963,false],"covernews-slider-full":["https:\/\/contextoanalisisperiodistico.com\/wp-content\/uploads\/2025\/11\/IMG-20251113-WA0192-1115x715.jpg",1115,715,true],"covernews-slider-center":["https:\/\/contextoanalisisperiodistico.com\/wp-content\/uploads\/2025\/11\/IMG-20251113-WA0192-800x500.jpg",800,500,true],"covernews-featured":["https:\/\/contextoanalisisperiodistico.com\/wp-content\/uploads\/2025\/11\/IMG-20251113-WA0192-1024x685.jpg",1024,685,true],"covernews-medium":["https:\/\/contextoanalisisperiodistico.com\/wp-content\/uploads\/2025\/11\/IMG-20251113-WA0192-540x340.jpg",540,340,true],"covernews-medium-square":["https:\/\/contextoanalisisperiodistico.com\/wp-content\/uploads\/2025\/11\/IMG-20251113-WA0192-400x250.jpg",400,250,true]},"author_info":{"display_name":"Mario Gir\u00f3n","author_link":"https:\/\/contextoanalisisperiodistico.com\/index.php\/author\/director\/"},"category_info":"<a href=\"https:\/\/contextoanalisisperiodistico.com\/index.php\/category\/cultura\/\" rel=\"category tag\">Cultura<\/a>","tag_info":"Cultura","comment_count":"0","jetpack_featured_media_url":"https:\/\/contextoanalisisperiodistico.com\/wp-content\/uploads\/2025\/11\/IMG-20251113-WA0192.jpg","_links":{"self":[{"href":"https:\/\/contextoanalisisperiodistico.com\/index.php\/wp-json\/wp\/v2\/posts\/48139"}],"collection":[{"href":"https:\/\/contextoanalisisperiodistico.com\/index.php\/wp-json\/wp\/v2\/posts"}],"about":[{"href":"https:\/\/contextoanalisisperiodistico.com\/index.php\/wp-json\/wp\/v2\/types\/post"}],"author":[{"embeddable":true,"href":"https:\/\/contextoanalisisperiodistico.com\/index.php\/wp-json\/wp\/v2\/users\/4"}],"replies":[{"embeddable":true,"href":"https:\/\/contextoanalisisperiodistico.com\/index.php\/wp-json\/wp\/v2\/comments?post=48139"}],"version-history":[{"count":0,"href":"https:\/\/contextoanalisisperiodistico.com\/index.php\/wp-json\/wp\/v2\/posts\/48139\/revisions"}],"wp:featuredmedia":[{"embeddable":true,"href":"https:\/\/contextoanalisisperiodistico.com\/index.php\/wp-json\/wp\/v2\/media\/48135"}],"wp:attachment":[{"href":"https:\/\/contextoanalisisperiodistico.com\/index.php\/wp-json\/wp\/v2\/media?parent=48139"}],"wp:term":[{"taxonomy":"category","embeddable":true,"href":"https:\/\/contextoanalisisperiodistico.com\/index.php\/wp-json\/wp\/v2\/categories?post=48139"},{"taxonomy":"post_tag","embeddable":true,"href":"https:\/\/contextoanalisisperiodistico.com\/index.php\/wp-json\/wp\/v2\/tags?post=48139"}],"curies":[{"name":"wp","href":"https:\/\/api.w.org\/{rel}","templated":true}]}}