{"id":48134,"date":"2025-11-13T16:34:30","date_gmt":"2025-11-13T22:34:30","guid":{"rendered":"https:\/\/contextoanalisisperiodistico.com\/index.php\/2025\/11\/13\/fomenta-sedeco-fortaleza-empresarial-con-quinto-foro-oaxaca-impulsa-2025-territorio-que-transforma-en-santiago-pinotepa-nacional\/"},"modified":"2025-11-13T16:34:30","modified_gmt":"2025-11-13T22:34:30","slug":"fomenta-sedeco-fortaleza-empresarial-con-quinto-foro-oaxaca-impulsa-2025-territorio-que-transforma-en-santiago-pinotepa-nacional","status":"publish","type":"post","link":"https:\/\/contextoanalisisperiodistico.com\/index.php\/2025\/11\/13\/fomenta-sedeco-fortaleza-empresarial-con-quinto-foro-oaxaca-impulsa-2025-territorio-que-transforma-en-santiago-pinotepa-nacional\/","title":{"rendered":"Fomenta Sedeco fortaleza empresarial con quinto foro Oaxaca Impulsa 2025: Territorio que Transforma en Santiago Pinotepa Nacional"},"content":{"rendered":"<div id=\"fb-root\"><\/div>\n\n<p>\u2022 Este evento cont\u00f3 con un pabell\u00f3n de exhibici\u00f3n, mesas de negocios, conferencias, talleres y asesor\u00edas impartidas por especialistas oaxaque\u00f1os y aliados estrat\u00e9gicos<\/p>\n\n\n\n<figure class=\"wp-block-image size-large\"><img fetchpriority=\"high\" decoding=\"async\" width=\"1024\" height=\"683\" src=\"https:\/\/contextoanalisisperiodistico.com\/wp-content\/uploads\/2025\/11\/img-20251113-wa01167885079144011802796-1024x683.jpg\" alt=\"\" class=\"wp-image-48133\" srcset=\"https:\/\/contextoanalisisperiodistico.com\/wp-content\/uploads\/2025\/11\/img-20251113-wa01167885079144011802796-1024x683.jpg 1024w, https:\/\/contextoanalisisperiodistico.com\/wp-content\/uploads\/2025\/11\/img-20251113-wa01167885079144011802796-300x200.jpg 300w, https:\/\/contextoanalisisperiodistico.com\/wp-content\/uploads\/2025\/11\/img-20251113-wa01167885079144011802796-768x512.jpg 768w, https:\/\/contextoanalisisperiodistico.com\/wp-content\/uploads\/2025\/11\/img-20251113-wa01167885079144011802796.jpg 1040w\" sizes=\"(max-width: 1024px) 100vw, 1024px\" \/><\/figure>\n\n\n\n<p>Santiago Pinotepa Nacional, Oax. 13 de noviembre de 2025.- Para promover una econom\u00eda s\u00f3lida en la entidad, el Gobierno de Oaxaca realiz\u00f3 el quinto foro Oaxaca Impulsa 2025: Territorio que Transforma, en el municipio de Santiago Pinotepa Nacional; para acercar diversos servicios a las y los emprendedores.<\/p>\n\n\n\n<p>El titular de la Secretar\u00eda de Desarrollo Econ\u00f3mico (Sedeco), Ra\u00fal Ruiz Robles destac\u00f3 que este programa itinerante promueve tr\u00e1mites, capacitaci\u00f3n y servicios financieros a las y los productores y empresarios locales, fortaleciendo sus capacidades y generando nuevas oportunidades.<\/p>\n\n\n\n<p>\u201cNo puede haber transformaci\u00f3n sin territorio, ni desarrollo sin inclusi\u00f3n. La prosperidad de Oaxaca se construye desde abajo, con la fuerza de su gente\u201d, subray\u00f3 junto a autoridades municipales.<\/p>\n\n\n\n<p>Este evento cont\u00f3 con un pabell\u00f3n de exhibici\u00f3n y mesas de negocios, con la presencia de tiendas como: Vig\u2019s, Mixsu, Aripo y Noparely; adem\u00e1s de conferencias y talleres gratuitos en temas de dise\u00f1o, redes sociales, fotograf\u00eda con celular, registro de marca y emprendimiento con sentido; impartidos por especialistas oaxaque\u00f1os.<\/p>\n\n\n\n<p>Diversos aliados estrat\u00e9gicos participaron en este foro, entre ellos: el Servicio de Administraci\u00f3n Tributaria (SAT), BanOaxaca, Instituto Mexicano de la Propiedad Industrial (IMPI), Instituto de Capacitaci\u00f3n y Productividad para el Trabajo (Icapet), Procuradur\u00eda de la Defensa del Contribuyente (Prodecon), Comisi\u00f3n de Operaci\u00f3n Sanitaria (Coepris).<\/p>\n\n\n\n<p>Tambi\u00e9n, Coppel Emprende, Financiera para el Bienestar y la Coordinaci\u00f3n del Servicio Nacional de Empleo Oaxaca; quienes ofrecieron asesor\u00edas, capacitaci\u00f3n y herramientas de impulso empresarial.<\/p>\n\n\n\n<p>-0-<\/p>\n","protected":false},"excerpt":{"rendered":"<p>\u2022 Este evento cont\u00f3 con un pabell\u00f3n de exhibici\u00f3n, mesas de negocios, conferencias, talleres y&#8230;<\/p>\n","protected":false},"author":4,"featured_media":48132,"comment_status":"","ping_status":"open","sticky":false,"template":"","format":"standard","meta":{"footnotes":""},"categories":[9],"tags":[335],"jetpack_sharing_enabled":true,"featured_image_urls":{"full":["https:\/\/contextoanalisisperiodistico.com\/wp-content\/uploads\/2025\/11\/IMG-20251113-WA0115.jpg",1040,694,false],"thumbnail":["https:\/\/contextoanalisisperiodistico.com\/wp-content\/uploads\/2025\/11\/IMG-20251113-WA0115-150x150.jpg",150,150,true],"medium":["https:\/\/contextoanalisisperiodistico.com\/wp-content\/uploads\/2025\/11\/IMG-20251113-WA0115-300x200.jpg",300,200,true],"medium_large":["https:\/\/contextoanalisisperiodistico.com\/wp-content\/uploads\/2025\/11\/IMG-20251113-WA0115-768x512.jpg",640,427,true],"large":["https:\/\/contextoanalisisperiodistico.com\/wp-content\/uploads\/2025\/11\/IMG-20251113-WA0115-1024x683.jpg",640,427,true],"1536x1536":["https:\/\/contextoanalisisperiodistico.com\/wp-content\/uploads\/2025\/11\/IMG-20251113-WA0115.jpg",1040,694,false],"2048x2048":["https:\/\/contextoanalisisperiodistico.com\/wp-content\/uploads\/2025\/11\/IMG-20251113-WA0115.jpg",1040,694,false],"covernews-slider-full":["https:\/\/contextoanalisisperiodistico.com\/wp-content\/uploads\/2025\/11\/IMG-20251113-WA0115.jpg",1040,694,false],"covernews-slider-center":["https:\/\/contextoanalisisperiodistico.com\/wp-content\/uploads\/2025\/11\/IMG-20251113-WA0115-800x500.jpg",800,500,true],"covernews-featured":["https:\/\/contextoanalisisperiodistico.com\/wp-content\/uploads\/2025\/11\/IMG-20251113-WA0115-1024x683.jpg",1024,683,true],"covernews-medium":["https:\/\/contextoanalisisperiodistico.com\/wp-content\/uploads\/2025\/11\/IMG-20251113-WA0115-540x340.jpg",540,340,true],"covernews-medium-square":["https:\/\/contextoanalisisperiodistico.com\/wp-content\/uploads\/2025\/11\/IMG-20251113-WA0115-400x250.jpg",400,250,true]},"author_info":{"display_name":"Mario Gir\u00f3n","author_link":"https:\/\/contextoanalisisperiodistico.com\/index.php\/author\/director\/"},"category_info":"<a href=\"https:\/\/contextoanalisisperiodistico.com\/index.php\/category\/politica\/\" rel=\"category tag\">Pol\u00edtica<\/a>","tag_info":"Pol\u00edtica","comment_count":"0","jetpack_featured_media_url":"https:\/\/contextoanalisisperiodistico.com\/wp-content\/uploads\/2025\/11\/IMG-20251113-WA0115.jpg","_links":{"self":[{"href":"https:\/\/contextoanalisisperiodistico.com\/index.php\/wp-json\/wp\/v2\/posts\/48134"}],"collection":[{"href":"https:\/\/contextoanalisisperiodistico.com\/index.php\/wp-json\/wp\/v2\/posts"}],"about":[{"href":"https:\/\/contextoanalisisperiodistico.com\/index.php\/wp-json\/wp\/v2\/types\/post"}],"author":[{"embeddable":true,"href":"https:\/\/contextoanalisisperiodistico.com\/index.php\/wp-json\/wp\/v2\/users\/4"}],"replies":[{"embeddable":true,"href":"https:\/\/contextoanalisisperiodistico.com\/index.php\/wp-json\/wp\/v2\/comments?post=48134"}],"version-history":[{"count":0,"href":"https:\/\/contextoanalisisperiodistico.com\/index.php\/wp-json\/wp\/v2\/posts\/48134\/revisions"}],"wp:featuredmedia":[{"embeddable":true,"href":"https:\/\/contextoanalisisperiodistico.com\/index.php\/wp-json\/wp\/v2\/media\/48132"}],"wp:attachment":[{"href":"https:\/\/contextoanalisisperiodistico.com\/index.php\/wp-json\/wp\/v2\/media?parent=48134"}],"wp:term":[{"taxonomy":"category","embeddable":true,"href":"https:\/\/contextoanalisisperiodistico.com\/index.php\/wp-json\/wp\/v2\/categories?post=48134"},{"taxonomy":"post_tag","embeddable":true,"href":"https:\/\/contextoanalisisperiodistico.com\/index.php\/wp-json\/wp\/v2\/tags?post=48134"}],"curies":[{"name":"wp","href":"https:\/\/api.w.org\/{rel}","templated":true}]}}