{"id":48131,"date":"2025-11-13T16:29:03","date_gmt":"2025-11-13T22:29:03","guid":{"rendered":"https:\/\/contextoanalisisperiodistico.com\/index.php\/2025\/11\/13\/invita-dif-oaxaca-a-disfrutar-la-edicion-45-de-la-diverti-ruta\/"},"modified":"2025-11-13T16:29:03","modified_gmt":"2025-11-13T22:29:03","slug":"invita-dif-oaxaca-a-disfrutar-la-edicion-45-de-la-diverti-ruta","status":"publish","type":"post","link":"https:\/\/contextoanalisisperiodistico.com\/index.php\/2025\/11\/13\/invita-dif-oaxaca-a-disfrutar-la-edicion-45-de-la-diverti-ruta\/","title":{"rendered":"Invita DIF Oaxaca a disfrutar la edici\u00f3n 45 de la Diverti Ruta"},"content":{"rendered":"<div id=\"fb-root\"><\/div>\n\n<p>\u25cf Se realizar\u00e1 este domingo 16 de noviembre, de 9:00 a 13:00 horas, en el Parque Primavera Oaxaque\u00f1a Cho Ndob\u00e1<\/p>\n\n\n\n<figure class=\"wp-block-image size-large\"><img fetchpriority=\"high\" decoding=\"async\" width=\"768\" height=\"1024\" src=\"https:\/\/contextoanalisisperiodistico.com\/wp-content\/uploads\/2025\/11\/img-20251113-wa01196826541962606544526-768x1024.jpg\" alt=\"\" class=\"wp-image-48127\" srcset=\"https:\/\/contextoanalisisperiodistico.com\/wp-content\/uploads\/2025\/11\/img-20251113-wa01196826541962606544526-768x1024.jpg 768w, https:\/\/contextoanalisisperiodistico.com\/wp-content\/uploads\/2025\/11\/img-20251113-wa01196826541962606544526-225x300.jpg 225w, https:\/\/contextoanalisisperiodistico.com\/wp-content\/uploads\/2025\/11\/img-20251113-wa01196826541962606544526.jpg 960w\" sizes=\"(max-width: 768px) 100vw, 768px\" \/><\/figure>\n\n\n\n<figure class=\"wp-block-image\"><img decoding=\"async\" width=\"819\" height=\"1024\" src=\"https:\/\/contextoanalisisperiodistico.com\/wp-content\/uploads\/2025\/11\/img-20251113-wa01203678374001368200023-819x1024.jpg\" alt=\"\" class=\"wp-image-48128\" srcset=\"https:\/\/contextoanalisisperiodistico.com\/wp-content\/uploads\/2025\/11\/img-20251113-wa01203678374001368200023-819x1024.jpg 819w, https:\/\/contextoanalisisperiodistico.com\/wp-content\/uploads\/2025\/11\/img-20251113-wa01203678374001368200023-240x300.jpg 240w, https:\/\/contextoanalisisperiodistico.com\/wp-content\/uploads\/2025\/11\/img-20251113-wa01203678374001368200023-768x960.jpg 768w, https:\/\/contextoanalisisperiodistico.com\/wp-content\/uploads\/2025\/11\/img-20251113-wa01203678374001368200023.jpg 1024w\" sizes=\"(max-width: 819px) 100vw, 819px\" \/><\/figure>\n\n\n\n<figure class=\"wp-block-image\"><img decoding=\"async\" width=\"771\" height=\"1024\" src=\"https:\/\/contextoanalisisperiodistico.com\/wp-content\/uploads\/2025\/11\/img-20251113-wa01217438488309269228260-771x1024.jpg\" alt=\"\" class=\"wp-image-48129\" srcset=\"https:\/\/contextoanalisisperiodistico.com\/wp-content\/uploads\/2025\/11\/img-20251113-wa01217438488309269228260-771x1024.jpg 771w, https:\/\/contextoanalisisperiodistico.com\/wp-content\/uploads\/2025\/11\/img-20251113-wa01217438488309269228260-226x300.jpg 226w, https:\/\/contextoanalisisperiodistico.com\/wp-content\/uploads\/2025\/11\/img-20251113-wa01217438488309269228260-768x1020.jpg 768w, https:\/\/contextoanalisisperiodistico.com\/wp-content\/uploads\/2025\/11\/img-20251113-wa01217438488309269228260.jpg 964w\" sizes=\"(max-width: 771px) 100vw, 771px\" \/><\/figure>\n\n\n\n<figure class=\"wp-block-image\"><img loading=\"lazy\" decoding=\"async\" width=\"771\" height=\"1024\" src=\"https:\/\/contextoanalisisperiodistico.com\/wp-content\/uploads\/2025\/11\/img-20251113-wa01228053982221258605262-771x1024.jpg\" alt=\"\" class=\"wp-image-48130\" srcset=\"https:\/\/contextoanalisisperiodistico.com\/wp-content\/uploads\/2025\/11\/img-20251113-wa01228053982221258605262-771x1024.jpg 771w, https:\/\/contextoanalisisperiodistico.com\/wp-content\/uploads\/2025\/11\/img-20251113-wa01228053982221258605262-226x300.jpg 226w, https:\/\/contextoanalisisperiodistico.com\/wp-content\/uploads\/2025\/11\/img-20251113-wa01228053982221258605262-768x1020.jpg 768w, https:\/\/contextoanalisisperiodistico.com\/wp-content\/uploads\/2025\/11\/img-20251113-wa01228053982221258605262.jpg 964w\" sizes=\"(max-width: 771px) 100vw, 771px\" \/><\/figure>\n\n\n\n<p>Oaxaca de Ju\u00e1rez, Oax. 13 de noviembre de 2025.- Este domingo 16 de noviembre, el Parque Primavera Oaxaque\u00f1a Cho Ndob\u00e1 ser\u00e1 el escenario de la edici\u00f3n 45 de la Diverti Ruta, iniciativa del Sistema para el Desarrollo Integral de la Familia (DIF) Oaxaca para fomentar en las infancias y adolescencias, actividades l\u00fadicas, recreativas y deportivas.<\/p>\n\n\n\n<p>De 9:00 a 13:00 horas, ni\u00f1as, ni\u00f1os y adolescentes, acompa\u00f1ados de sus familias, podr\u00e1n ser part\u00edcipes de momentos de convivencia y aprendizaje en esta actividad que fomenta la apropiaci\u00f3n de espacios p\u00fablicos destinados a la diversi\u00f3n.<\/p>\n\n\n\n<p>Mediante diversas din\u00e1micas, este organismo estatal que encabeza la Presidenta Honoraria, Irma Bola\u00f1os Quijano; promueve la creatividad, la conciencia ambiental y los valores de respeto, empat\u00eda y solidaridad; adem\u00e1s del ejercicio pleno de los derechos de la ni\u00f1ez al juego, la expresi\u00f3n y el esparcimiento.<\/p>\n\n\n\n<p>Como cada edici\u00f3n, diferentes dependencias estatales participar\u00e1n, entre ellas: la Comisi\u00f3n Estatal Forestal (Coesfo) con la din\u00e1mica adopta un \u00e1rbol y el Instituto Estatal de Educaci\u00f3n P\u00fablica de Oaxaca (IEEPO) con El Mercadito.<\/p>\n\n\n\n<p>El Instituto de Capacitaci\u00f3n y Productividad para el Trabajo (Icapet) asiste con el juego gigante de serpientes y escaleras, tambi\u00e9n, la Casa de la Cultura Oaxaque\u00f1a (CCO) promover\u00e1 el arte en miniatura a trav\u00e9s de la pintura de figuras de yeso.<\/p>\n\n\n\n<p>Para m\u00e1s informaci\u00f3n sobre las actividades, horarios y ubicaci\u00f3n, se pueden consultar las cuentas oficiales del Sistema Estatal DIF Oaxaca y de las dependencias participantes en las plataformas: Facebook, Instagram y X.<\/p>\n\n\n\n<p>-0-<\/p>\n\n\n\n<p><\/p>\n\n\n\n<p><\/p>\n","protected":false},"excerpt":{"rendered":"<p>\u25cf Se realizar\u00e1 este domingo 16 de noviembre, de 9:00 a 13:00 horas, en el&#8230;<\/p>\n","protected":false},"author":4,"featured_media":48126,"comment_status":"","ping_status":"open","sticky":false,"template":"","format":"standard","meta":{"footnotes":""},"categories":[3],"tags":[335],"jetpack_sharing_enabled":true,"featured_image_urls":{"full":["https:\/\/contextoanalisisperiodistico.com\/wp-content\/uploads\/2025\/11\/IMG-20251113-WA0118.jpg",964,1280,false],"thumbnail":["https:\/\/contextoanalisisperiodistico.com\/wp-content\/uploads\/2025\/11\/IMG-20251113-WA0118-150x150.jpg",150,150,true],"medium":["https:\/\/contextoanalisisperiodistico.com\/wp-content\/uploads\/2025\/11\/IMG-20251113-WA0118-226x300.jpg",226,300,true],"medium_large":["https:\/\/contextoanalisisperiodistico.com\/wp-content\/uploads\/2025\/11\/IMG-20251113-WA0118-768x1020.jpg",640,850,true],"large":["https:\/\/contextoanalisisperiodistico.com\/wp-content\/uploads\/2025\/11\/IMG-20251113-WA0118-771x1024.jpg",640,850,true],"1536x1536":["https:\/\/contextoanalisisperiodistico.com\/wp-content\/uploads\/2025\/11\/IMG-20251113-WA0118.jpg",964,1280,false],"2048x2048":["https:\/\/contextoanalisisperiodistico.com\/wp-content\/uploads\/2025\/11\/IMG-20251113-WA0118.jpg",964,1280,false],"covernews-slider-full":["https:\/\/contextoanalisisperiodistico.com\/wp-content\/uploads\/2025\/11\/IMG-20251113-WA0118-964x715.jpg",964,715,true],"covernews-slider-center":["https:\/\/contextoanalisisperiodistico.com\/wp-content\/uploads\/2025\/11\/IMG-20251113-WA0118-800x500.jpg",800,500,true],"covernews-featured":["https:\/\/contextoanalisisperiodistico.com\/wp-content\/uploads\/2025\/11\/IMG-20251113-WA0118.jpg",964,1280,false],"covernews-medium":["https:\/\/contextoanalisisperiodistico.com\/wp-content\/uploads\/2025\/11\/IMG-20251113-WA0118-540x340.jpg",540,340,true],"covernews-medium-square":["https:\/\/contextoanalisisperiodistico.com\/wp-content\/uploads\/2025\/11\/IMG-20251113-WA0118-400x250.jpg",400,250,true]},"author_info":{"display_name":"Mario Gir\u00f3n","author_link":"https:\/\/contextoanalisisperiodistico.com\/index.php\/author\/director\/"},"category_info":"<a href=\"https:\/\/contextoanalisisperiodistico.com\/index.php\/category\/ciudad\/\" rel=\"category tag\">Ciudad<\/a>","tag_info":"Ciudad","comment_count":"0","jetpack_featured_media_url":"https:\/\/contextoanalisisperiodistico.com\/wp-content\/uploads\/2025\/11\/IMG-20251113-WA0118.jpg","_links":{"self":[{"href":"https:\/\/contextoanalisisperiodistico.com\/index.php\/wp-json\/wp\/v2\/posts\/48131"}],"collection":[{"href":"https:\/\/contextoanalisisperiodistico.com\/index.php\/wp-json\/wp\/v2\/posts"}],"about":[{"href":"https:\/\/contextoanalisisperiodistico.com\/index.php\/wp-json\/wp\/v2\/types\/post"}],"author":[{"embeddable":true,"href":"https:\/\/contextoanalisisperiodistico.com\/index.php\/wp-json\/wp\/v2\/users\/4"}],"replies":[{"embeddable":true,"href":"https:\/\/contextoanalisisperiodistico.com\/index.php\/wp-json\/wp\/v2\/comments?post=48131"}],"version-history":[{"count":0,"href":"https:\/\/contextoanalisisperiodistico.com\/index.php\/wp-json\/wp\/v2\/posts\/48131\/revisions"}],"wp:featuredmedia":[{"embeddable":true,"href":"https:\/\/contextoanalisisperiodistico.com\/index.php\/wp-json\/wp\/v2\/media\/48126"}],"wp:attachment":[{"href":"https:\/\/contextoanalisisperiodistico.com\/index.php\/wp-json\/wp\/v2\/media?parent=48131"}],"wp:term":[{"taxonomy":"category","embeddable":true,"href":"https:\/\/contextoanalisisperiodistico.com\/index.php\/wp-json\/wp\/v2\/categories?post=48131"},{"taxonomy":"post_tag","embeddable":true,"href":"https:\/\/contextoanalisisperiodistico.com\/index.php\/wp-json\/wp\/v2\/tags?post=48131"}],"curies":[{"name":"wp","href":"https:\/\/api.w.org\/{rel}","templated":true}]}}