{"id":48125,"date":"2025-11-13T16:25:48","date_gmt":"2025-11-13T22:25:48","guid":{"rendered":"https:\/\/contextoanalisisperiodistico.com\/index.php\/2025\/11\/13\/iluminara-gobierno-del-estado-calles-de-la-capital-oaxaquena-con-decoracion-navidena\/"},"modified":"2025-11-13T16:25:48","modified_gmt":"2025-11-13T22:25:48","slug":"iluminara-gobierno-del-estado-calles-de-la-capital-oaxaquena-con-decoracion-navidena","status":"publish","type":"post","link":"https:\/\/contextoanalisisperiodistico.com\/index.php\/2025\/11\/13\/iluminara-gobierno-del-estado-calles-de-la-capital-oaxaquena-con-decoracion-navidena\/","title":{"rendered":"Iluminar\u00e1 Gobierno del Estado calles de la capital oaxaque\u00f1a con decoraci\u00f3n navide\u00f1a"},"content":{"rendered":"<div id=\"fb-root\"><\/div>\n\n<p>\u2022 Se fortalece la convivencia familiar en los espacios p\u00fablicos con dise\u00f1os art\u00edsticos, simbolog\u00eda tradicional y c\u00e1lida ambientaci\u00f3n luminosa<\/p>\n\n\n\n<figure class=\"wp-block-image size-large\"><img fetchpriority=\"high\" decoding=\"async\" width=\"526\" height=\"805\" src=\"https:\/\/contextoanalisisperiodistico.com\/wp-content\/uploads\/2025\/11\/img-20251113-wa01548947305943386627644.jpg\" alt=\"\" class=\"wp-image-48122\" srcset=\"https:\/\/contextoanalisisperiodistico.com\/wp-content\/uploads\/2025\/11\/img-20251113-wa01548947305943386627644.jpg 526w, https:\/\/contextoanalisisperiodistico.com\/wp-content\/uploads\/2025\/11\/img-20251113-wa01548947305943386627644-196x300.jpg 196w\" sizes=\"(max-width: 526px) 100vw, 526px\" \/><\/figure>\n\n\n\n<figure class=\"wp-block-image\"><img decoding=\"async\" width=\"1024\" height=\"682\" src=\"https:\/\/contextoanalisisperiodistico.com\/wp-content\/uploads\/2025\/11\/img-20251113-wa01531903689061470603022-1024x682.jpg\" alt=\"\" class=\"wp-image-48124\" srcset=\"https:\/\/contextoanalisisperiodistico.com\/wp-content\/uploads\/2025\/11\/img-20251113-wa01531903689061470603022-1024x682.jpg 1024w, https:\/\/contextoanalisisperiodistico.com\/wp-content\/uploads\/2025\/11\/img-20251113-wa01531903689061470603022-300x200.jpg 300w, https:\/\/contextoanalisisperiodistico.com\/wp-content\/uploads\/2025\/11\/img-20251113-wa01531903689061470603022-768x512.jpg 768w, https:\/\/contextoanalisisperiodistico.com\/wp-content\/uploads\/2025\/11\/img-20251113-wa01531903689061470603022.jpg 1280w\" sizes=\"(max-width: 1024px) 100vw, 1024px\" \/><\/figure>\n\n\n\n<figure class=\"wp-block-image\"><img decoding=\"async\" width=\"1024\" height=\"682\" src=\"https:\/\/contextoanalisisperiodistico.com\/wp-content\/uploads\/2025\/11\/img-20251113-wa01526487927478998300775-1024x682.jpg\" alt=\"\" class=\"wp-image-48123\" srcset=\"https:\/\/contextoanalisisperiodistico.com\/wp-content\/uploads\/2025\/11\/img-20251113-wa01526487927478998300775-1024x682.jpg 1024w, https:\/\/contextoanalisisperiodistico.com\/wp-content\/uploads\/2025\/11\/img-20251113-wa01526487927478998300775-300x200.jpg 300w, https:\/\/contextoanalisisperiodistico.com\/wp-content\/uploads\/2025\/11\/img-20251113-wa01526487927478998300775-768x512.jpg 768w, https:\/\/contextoanalisisperiodistico.com\/wp-content\/uploads\/2025\/11\/img-20251113-wa01526487927478998300775.jpg 1280w\" sizes=\"(max-width: 1024px) 100vw, 1024px\" \/><\/figure>\n\n\n\n<p>Tlalixtac de Cabrera, Oax. 13 de noviembre de 2025.- La calidez de la navidad llegar\u00e1 al Centro Hist\u00f3rico a partir del 1 de diciembre, con la iluminaci\u00f3n y decoraci\u00f3n de temporada instalada en el mobiliario urbano por la Secretar\u00eda de Administraci\u00f3n (SA) del Gobierno del Estado.<\/p>\n\n\n\n<p>Con ello, se enaltece el esp\u00edritu de las fiestas decembrinas en la capital oaxaque\u00f1a, y se fomenta la convivencia familiar en los espacios p\u00fablicos, que este a\u00f1o destacar\u00e1n por su dise\u00f1o art\u00edstico, simbolog\u00eda tradicional y c\u00e1lida ambientaci\u00f3n luminosa.<\/p>\n\n\n\n<p>La fachada del Palacio de Gobierno contar\u00e1 con copos de nieve y estrellas brillantes que reflejar\u00e1n la alegr\u00eda y la esperanza de estas fechas, igualmente, adornos alusivos embellecer\u00e1n el Z\u00f3calo de la ciudad; creando un entorno festivo que invita a las oaxaque\u00f1as y oaxaque\u00f1os a compartir momentos inolvidables y a capturar la magia de la temporada.<\/p>\n\n\n\n<p>Asimismo, el quiosco se vestir\u00e1 con cortinas y cascadas de luces que llenar\u00e1n el coraz\u00f3n de Oaxaca de armon\u00eda y uni\u00f3n.<\/p>\n\n\n\n<p>Esta decoraci\u00f3n llegar\u00e1 tambi\u00e9n a las calles Macedonio Alcal\u00e1, Manuel Garc\u00eda Vigil, Valerio Trujano, Vicente Guerrero y Flores Mag\u00f3n, as\u00ed como la avenida Independencia; a trav\u00e9s de figuras como campanas, estrellas fugaces y copos de nieve.<\/p>\n\n\n\n<p>-0-<\/p>\n","protected":false},"excerpt":{"rendered":"<p>\u2022 Se fortalece la convivencia familiar en los espacios p\u00fablicos con dise\u00f1os art\u00edsticos, simbolog\u00eda tradicional&#8230;<\/p>\n","protected":false},"author":4,"featured_media":48121,"comment_status":"","ping_status":"open","sticky":false,"template":"","format":"standard","meta":{"footnotes":""},"categories":[3],"tags":[335],"jetpack_sharing_enabled":true,"featured_image_urls":{"full":["https:\/\/contextoanalisisperiodistico.com\/wp-content\/uploads\/2025\/11\/IMG-20251113-WA0151.jpg",1280,853,false],"thumbnail":["https:\/\/contextoanalisisperiodistico.com\/wp-content\/uploads\/2025\/11\/IMG-20251113-WA0151-150x150.jpg",150,150,true],"medium":["https:\/\/contextoanalisisperiodistico.com\/wp-content\/uploads\/2025\/11\/IMG-20251113-WA0151-300x200.jpg",300,200,true],"medium_large":["https:\/\/contextoanalisisperiodistico.com\/wp-content\/uploads\/2025\/11\/IMG-20251113-WA0151-768x512.jpg",640,427,true],"large":["https:\/\/contextoanalisisperiodistico.com\/wp-content\/uploads\/2025\/11\/IMG-20251113-WA0151-1024x682.jpg",640,426,true],"1536x1536":["https:\/\/contextoanalisisperiodistico.com\/wp-content\/uploads\/2025\/11\/IMG-20251113-WA0151.jpg",1280,853,false],"2048x2048":["https:\/\/contextoanalisisperiodistico.com\/wp-content\/uploads\/2025\/11\/IMG-20251113-WA0151.jpg",1280,853,false],"covernews-slider-full":["https:\/\/contextoanalisisperiodistico.com\/wp-content\/uploads\/2025\/11\/IMG-20251113-WA0151-1115x715.jpg",1115,715,true],"covernews-slider-center":["https:\/\/contextoanalisisperiodistico.com\/wp-content\/uploads\/2025\/11\/IMG-20251113-WA0151-800x500.jpg",800,500,true],"covernews-featured":["https:\/\/contextoanalisisperiodistico.com\/wp-content\/uploads\/2025\/11\/IMG-20251113-WA0151-1024x682.jpg",1024,682,true],"covernews-medium":["https:\/\/contextoanalisisperiodistico.com\/wp-content\/uploads\/2025\/11\/IMG-20251113-WA0151-540x340.jpg",540,340,true],"covernews-medium-square":["https:\/\/contextoanalisisperiodistico.com\/wp-content\/uploads\/2025\/11\/IMG-20251113-WA0151-400x250.jpg",400,250,true]},"author_info":{"display_name":"Mario Gir\u00f3n","author_link":"https:\/\/contextoanalisisperiodistico.com\/index.php\/author\/director\/"},"category_info":"<a href=\"https:\/\/contextoanalisisperiodistico.com\/index.php\/category\/ciudad\/\" rel=\"category tag\">Ciudad<\/a>","tag_info":"Ciudad","comment_count":"0","jetpack_featured_media_url":"https:\/\/contextoanalisisperiodistico.com\/wp-content\/uploads\/2025\/11\/IMG-20251113-WA0151.jpg","_links":{"self":[{"href":"https:\/\/contextoanalisisperiodistico.com\/index.php\/wp-json\/wp\/v2\/posts\/48125"}],"collection":[{"href":"https:\/\/contextoanalisisperiodistico.com\/index.php\/wp-json\/wp\/v2\/posts"}],"about":[{"href":"https:\/\/contextoanalisisperiodistico.com\/index.php\/wp-json\/wp\/v2\/types\/post"}],"author":[{"embeddable":true,"href":"https:\/\/contextoanalisisperiodistico.com\/index.php\/wp-json\/wp\/v2\/users\/4"}],"replies":[{"embeddable":true,"href":"https:\/\/contextoanalisisperiodistico.com\/index.php\/wp-json\/wp\/v2\/comments?post=48125"}],"version-history":[{"count":0,"href":"https:\/\/contextoanalisisperiodistico.com\/index.php\/wp-json\/wp\/v2\/posts\/48125\/revisions"}],"wp:featuredmedia":[{"embeddable":true,"href":"https:\/\/contextoanalisisperiodistico.com\/index.php\/wp-json\/wp\/v2\/media\/48121"}],"wp:attachment":[{"href":"https:\/\/contextoanalisisperiodistico.com\/index.php\/wp-json\/wp\/v2\/media?parent=48125"}],"wp:term":[{"taxonomy":"category","embeddable":true,"href":"https:\/\/contextoanalisisperiodistico.com\/index.php\/wp-json\/wp\/v2\/categories?post=48125"},{"taxonomy":"post_tag","embeddable":true,"href":"https:\/\/contextoanalisisperiodistico.com\/index.php\/wp-json\/wp\/v2\/tags?post=48125"}],"curies":[{"name":"wp","href":"https:\/\/api.w.org\/{rel}","templated":true}]}}