{"id":48120,"date":"2025-11-13T16:21:55","date_gmt":"2025-11-13T22:21:55","guid":{"rendered":"https:\/\/contextoanalisisperiodistico.com\/index.php\/2025\/11\/13\/impulsa-sso-paternidades-responsables-con-jornada-gratuita-de-vasectomia-sin-bisturi\/"},"modified":"2025-11-13T16:21:55","modified_gmt":"2025-11-13T22:21:55","slug":"impulsa-sso-paternidades-responsables-con-jornada-gratuita-de-vasectomia-sin-bisturi","status":"publish","type":"post","link":"https:\/\/contextoanalisisperiodistico.com\/index.php\/2025\/11\/13\/impulsa-sso-paternidades-responsables-con-jornada-gratuita-de-vasectomia-sin-bisturi\/","title":{"rendered":"Impulsa SSO paternidades responsables con Jornada Gratuita de Vasectom\u00eda sin Bistur\u00ed"},"content":{"rendered":"<div id=\"fb-root\"><\/div>\n\n<ul class=\"wp-block-list\">\n<li>Las intervenciones se realizar\u00e1n en unidades de las Jurisdicciones Sanitarias Valles Centrales e Istmo, este 19, 21, 22 y 28 de noviembre<\/li>\n<\/ul>\n\n\n\n<figure class=\"wp-block-image size-large\"><img fetchpriority=\"high\" decoding=\"async\" width=\"792\" height=\"1024\" src=\"https:\/\/contextoanalisisperiodistico.com\/wp-content\/uploads\/2025\/11\/img-20251113-wa01723215015270106285410-792x1024.jpg\" alt=\"\" class=\"wp-image-48116\" srcset=\"https:\/\/contextoanalisisperiodistico.com\/wp-content\/uploads\/2025\/11\/img-20251113-wa01723215015270106285410-792x1024.jpg 792w, https:\/\/contextoanalisisperiodistico.com\/wp-content\/uploads\/2025\/11\/img-20251113-wa01723215015270106285410-232x300.jpg 232w, https:\/\/contextoanalisisperiodistico.com\/wp-content\/uploads\/2025\/11\/img-20251113-wa01723215015270106285410-768x993.jpg 768w, https:\/\/contextoanalisisperiodistico.com\/wp-content\/uploads\/2025\/11\/img-20251113-wa01723215015270106285410.jpg 816w\" sizes=\"(max-width: 792px) 100vw, 792px\" \/><\/figure>\n\n\n\n<figure class=\"wp-block-image size-large\"><img decoding=\"async\" width=\"792\" height=\"1024\" src=\"https:\/\/contextoanalisisperiodistico.com\/wp-content\/uploads\/2025\/11\/img-20251113-wa01737996890731700291501-792x1024.jpg\" alt=\"\" class=\"wp-image-48117\" srcset=\"https:\/\/contextoanalisisperiodistico.com\/wp-content\/uploads\/2025\/11\/img-20251113-wa01737996890731700291501-792x1024.jpg 792w, https:\/\/contextoanalisisperiodistico.com\/wp-content\/uploads\/2025\/11\/img-20251113-wa01737996890731700291501-232x300.jpg 232w, https:\/\/contextoanalisisperiodistico.com\/wp-content\/uploads\/2025\/11\/img-20251113-wa01737996890731700291501-768x993.jpg 768w, https:\/\/contextoanalisisperiodistico.com\/wp-content\/uploads\/2025\/11\/img-20251113-wa01737996890731700291501.jpg 816w\" sizes=\"(max-width: 792px) 100vw, 792px\" \/><\/figure>\n\n\n\n<figure class=\"wp-block-image\"><img decoding=\"async\" width=\"792\" height=\"1024\" src=\"https:\/\/contextoanalisisperiodistico.com\/wp-content\/uploads\/2025\/11\/img-20251113-wa01741295164801369486782-792x1024.jpg\" alt=\"\" class=\"wp-image-48118\" srcset=\"https:\/\/contextoanalisisperiodistico.com\/wp-content\/uploads\/2025\/11\/img-20251113-wa01741295164801369486782-792x1024.jpg 792w, https:\/\/contextoanalisisperiodistico.com\/wp-content\/uploads\/2025\/11\/img-20251113-wa01741295164801369486782-232x300.jpg 232w, https:\/\/contextoanalisisperiodistico.com\/wp-content\/uploads\/2025\/11\/img-20251113-wa01741295164801369486782-768x993.jpg 768w, https:\/\/contextoanalisisperiodistico.com\/wp-content\/uploads\/2025\/11\/img-20251113-wa01741295164801369486782.jpg 816w\" sizes=\"(max-width: 792px) 100vw, 792px\" \/><\/figure>\n\n\n\n<figure class=\"wp-block-image\"><img loading=\"lazy\" decoding=\"async\" width=\"792\" height=\"1024\" src=\"https:\/\/contextoanalisisperiodistico.com\/wp-content\/uploads\/2025\/11\/img-20251113-wa01752706941227398551614-792x1024.jpg\" alt=\"\" class=\"wp-image-48119\" srcset=\"https:\/\/contextoanalisisperiodistico.com\/wp-content\/uploads\/2025\/11\/img-20251113-wa01752706941227398551614-792x1024.jpg 792w, https:\/\/contextoanalisisperiodistico.com\/wp-content\/uploads\/2025\/11\/img-20251113-wa01752706941227398551614-232x300.jpg 232w, https:\/\/contextoanalisisperiodistico.com\/wp-content\/uploads\/2025\/11\/img-20251113-wa01752706941227398551614-768x993.jpg 768w, https:\/\/contextoanalisisperiodistico.com\/wp-content\/uploads\/2025\/11\/img-20251113-wa01752706941227398551614.jpg 816w\" sizes=\"(max-width: 792px) 100vw, 792px\" \/><\/figure>\n\n\n\n<p>Oaxaca de Ju\u00e1rez, Oax., 13 de noviembre de 2025.- Para promover paternidades responsables con decisiones informadas, Servicios de Salud de Oaxaca (SSO) convoca a los hombres a participar en la Jornada Gratuita de Vasectom\u00eda sin Bistur\u00ed, que se llevar\u00e1 a cabo el 19, 21, 22 y 28 de noviembre en unidades m\u00e9dicas de IMSS-Bienestar de las Jurisdicciones Sanitarias 1 Valles Centrales y 2 Istmo.<\/p>\n\n\n\n<p>Este m\u00e9todo permanente, seguro, gratuito y de r\u00e1pida recuperaci\u00f3n, no requiere anestesia general y su eficacia es cercana al 100 por ciento. Aunado a ello, las intervenciones ser\u00e1n realizadas por personal altamente capacitado.<\/p>\n\n\n\n<p>La dependencia indica que es indispensable agendar una cita previa para acceder a este servicio. La atenci\u00f3n se brindar\u00e1 de forma ambulatoria en los siguientes centros de salud y fechas: 19 de noviembre en la colonia Estrella, tel\u00e9fono 951 178 0797; el 21 de noviembre en el Fraccionamiento El Rosario, 951 519 4367; en la colonia Am\u00e9rica, 951 513 7200 y en el de Salina Cruz, 971 120 0336.<\/p>\n\n\n\n<p>As\u00ed tambi\u00e9n el 22 de noviembre en la colonia Volcanes, tel\u00e9fono 951 584 4863 y el viernes 28 en la colonia Am\u00e9rica, 951 513 7200.<\/p>\n\n\n\n<p>Cabe destacar que la vasectom\u00eda no protege contra Infecciones de Transmisi\u00f3n Sexual, por lo que se debe continuar utilizando preservativos.<\/p>\n\n\n\n<p>-0-<\/p>\n","protected":false},"excerpt":{"rendered":"<p>Oaxaca de Ju\u00e1rez, Oax., 13 de noviembre de 2025.- Para promover paternidades responsables con decisiones&#8230;<\/p>\n","protected":false},"author":4,"featured_media":48115,"comment_status":"","ping_status":"open","sticky":false,"template":"","format":"standard","meta":{"footnotes":""},"categories":[92],"tags":[335],"jetpack_sharing_enabled":true,"featured_image_urls":{"full":["https:\/\/contextoanalisisperiodistico.com\/wp-content\/uploads\/2025\/11\/IMG-20251113-WA0171.jpg",816,1055,false],"thumbnail":["https:\/\/contextoanalisisperiodistico.com\/wp-content\/uploads\/2025\/11\/IMG-20251113-WA0171-150x150.jpg",150,150,true],"medium":["https:\/\/contextoanalisisperiodistico.com\/wp-content\/uploads\/2025\/11\/IMG-20251113-WA0171-232x300.jpg",232,300,true],"medium_large":["https:\/\/contextoanalisisperiodistico.com\/wp-content\/uploads\/2025\/11\/IMG-20251113-WA0171-768x993.jpg",640,828,true],"large":["https:\/\/contextoanalisisperiodistico.com\/wp-content\/uploads\/2025\/11\/IMG-20251113-WA0171-792x1024.jpg",640,827,true],"1536x1536":["https:\/\/contextoanalisisperiodistico.com\/wp-content\/uploads\/2025\/11\/IMG-20251113-WA0171.jpg",816,1055,false],"2048x2048":["https:\/\/contextoanalisisperiodistico.com\/wp-content\/uploads\/2025\/11\/IMG-20251113-WA0171.jpg",816,1055,false],"covernews-slider-full":["https:\/\/contextoanalisisperiodistico.com\/wp-content\/uploads\/2025\/11\/IMG-20251113-WA0171-816x715.jpg",816,715,true],"covernews-slider-center":["https:\/\/contextoanalisisperiodistico.com\/wp-content\/uploads\/2025\/11\/IMG-20251113-WA0171-800x500.jpg",800,500,true],"covernews-featured":["https:\/\/contextoanalisisperiodistico.com\/wp-content\/uploads\/2025\/11\/IMG-20251113-WA0171.jpg",816,1055,false],"covernews-medium":["https:\/\/contextoanalisisperiodistico.com\/wp-content\/uploads\/2025\/11\/IMG-20251113-WA0171-540x340.jpg",540,340,true],"covernews-medium-square":["https:\/\/contextoanalisisperiodistico.com\/wp-content\/uploads\/2025\/11\/IMG-20251113-WA0171-400x250.jpg",400,250,true]},"author_info":{"display_name":"Mario Gir\u00f3n","author_link":"https:\/\/contextoanalisisperiodistico.com\/index.php\/author\/director\/"},"category_info":"<a href=\"https:\/\/contextoanalisisperiodistico.com\/index.php\/category\/salud\/\" rel=\"category tag\">Salud<\/a>","tag_info":"Salud","comment_count":"0","jetpack_featured_media_url":"https:\/\/contextoanalisisperiodistico.com\/wp-content\/uploads\/2025\/11\/IMG-20251113-WA0171.jpg","_links":{"self":[{"href":"https:\/\/contextoanalisisperiodistico.com\/index.php\/wp-json\/wp\/v2\/posts\/48120"}],"collection":[{"href":"https:\/\/contextoanalisisperiodistico.com\/index.php\/wp-json\/wp\/v2\/posts"}],"about":[{"href":"https:\/\/contextoanalisisperiodistico.com\/index.php\/wp-json\/wp\/v2\/types\/post"}],"author":[{"embeddable":true,"href":"https:\/\/contextoanalisisperiodistico.com\/index.php\/wp-json\/wp\/v2\/users\/4"}],"replies":[{"embeddable":true,"href":"https:\/\/contextoanalisisperiodistico.com\/index.php\/wp-json\/wp\/v2\/comments?post=48120"}],"version-history":[{"count":0,"href":"https:\/\/contextoanalisisperiodistico.com\/index.php\/wp-json\/wp\/v2\/posts\/48120\/revisions"}],"wp:featuredmedia":[{"embeddable":true,"href":"https:\/\/contextoanalisisperiodistico.com\/index.php\/wp-json\/wp\/v2\/media\/48115"}],"wp:attachment":[{"href":"https:\/\/contextoanalisisperiodistico.com\/index.php\/wp-json\/wp\/v2\/media?parent=48120"}],"wp:term":[{"taxonomy":"category","embeddable":true,"href":"https:\/\/contextoanalisisperiodistico.com\/index.php\/wp-json\/wp\/v2\/categories?post=48120"},{"taxonomy":"post_tag","embeddable":true,"href":"https:\/\/contextoanalisisperiodistico.com\/index.php\/wp-json\/wp\/v2\/tags?post=48120"}],"curies":[{"name":"wp","href":"https:\/\/api.w.org\/{rel}","templated":true}]}}