{"id":48109,"date":"2025-11-13T16:12:00","date_gmt":"2025-11-13T22:12:00","guid":{"rendered":"https:\/\/contextoanalisisperiodistico.com\/index.php\/2025\/11\/13\/segunda-etapa-de-tache-al-bache-con-avances-significativos-en-oaxaca-de-juarez\/"},"modified":"2025-11-13T16:12:00","modified_gmt":"2025-11-13T22:12:00","slug":"segunda-etapa-de-tache-al-bache-con-avances-significativos-en-oaxaca-de-juarez","status":"publish","type":"post","link":"https:\/\/contextoanalisisperiodistico.com\/index.php\/2025\/11\/13\/segunda-etapa-de-tache-al-bache-con-avances-significativos-en-oaxaca-de-juarez\/","title":{"rendered":"Segunda etapa de \u201cTache al Bache\u201d con avances significativos en Oaxaca de Ju\u00e1rez"},"content":{"rendered":"<div id=\"fb-root\"><\/div>\n\n<ul class=\"wp-block-list\">\n<li>Contin\u00faa el fortalecimiento de la infraestructura vial en la Verde Antequera <\/li>\n<\/ul>\n\n\n\n<p>Oaxaca de Ju\u00e1rez, Oax., 13 de noviembre de 2025.- El Municipio de Oaxaca de Ju\u00e1rez informa que la segunda etapa del programa \u201cTache al Bache\u201d, que se realiza en coordinaci\u00f3n con el Gobierno del Estado de Oaxaca, avanza de manera s\u00f3lida, con un 42.43% de progreso general en la rehabilitaci\u00f3n de vialidades prioritarias de la capital.<\/p>\n\n\n\n<p>Entre los avances m\u00e1s destacados se encuentran los trabajos en la Calzada del Tecnol\u00f3gico, Avenida Monte Alb\u00e1n y Carretera a Atzompa, que registran un progreso superior al 58%, con dos tramos ya concluidos y la intervenci\u00f3n de la Calzada del Tecnol\u00f3gico en marcha. Del mismo modo, las vialidades Jorge L. Tamayo y Corpus Christi presentan avances mayores al 85%, lo que las coloca pr\u00f3ximas a su conclusi\u00f3n.<\/p>\n\n\n\n<p>En el Perif\u00e9rico, las labores nocturnas permiten mantener la circulaci\u00f3n activa mientras avanzan los trabajos de reencarpetamiento. En los dos tramos intervenidos ya concluy\u00f3 el fresado y se mantienen progresos superiores al 26% en cada uno.<\/p>\n\n\n\n<p>As\u00ed mismo han comenzado los trabajos en las calles Galeana, Victoria, Huzares y D\u00edaz Ordaz, entre otras del Centro Hist\u00f3rico.<\/p>\n\n\n\n<p>La continuidad del programa demuestra el esfuerzo sostenido para atender zonas de alta demanda vehicular y mejorar la conectividad urbana. Con esta estrategia, se prioriza la seguridad vial y se disminuyen los tiempos de traslado en rutas esenciales para miles de personas que transitan diariamente por la ciudad.<\/p>\n\n\n\n<p>La segunda etapa de \u201cTache al Bache\u201d reafirma el compromiso conjunto entre el municipio y el estado para transformar la infraestructura vial, reducir rezagos hist\u00f3ricos y construir una capital m\u00e1s ordenada, eficiente y con una movilidad segura para todas y todos.<\/p>\n\n\n\n\n\n<figure class=\"wp-block-image size-large\"><img fetchpriority=\"high\" decoding=\"async\" width=\"1024\" height=\"1024\" src=\"https:\/\/contextoanalisisperiodistico.com\/wp-content\/uploads\/2025\/11\/img-20251113-wa01351075554959750050539-1024x1024.jpg\" alt=\"\" class=\"wp-image-48104\" srcset=\"https:\/\/contextoanalisisperiodistico.com\/wp-content\/uploads\/2025\/11\/img-20251113-wa01351075554959750050539-1024x1024.jpg 1024w, https:\/\/contextoanalisisperiodistico.com\/wp-content\/uploads\/2025\/11\/img-20251113-wa01351075554959750050539-300x300.jpg 300w, https:\/\/contextoanalisisperiodistico.com\/wp-content\/uploads\/2025\/11\/img-20251113-wa01351075554959750050539-150x150.jpg 150w, https:\/\/contextoanalisisperiodistico.com\/wp-content\/uploads\/2025\/11\/img-20251113-wa01351075554959750050539-768x768.jpg 768w, https:\/\/contextoanalisisperiodistico.com\/wp-content\/uploads\/2025\/11\/img-20251113-wa01351075554959750050539.jpg 1440w\" sizes=\"(max-width: 1024px) 100vw, 1024px\" \/><\/figure>\n\n\n\n<figure class=\"wp-block-image\"><img decoding=\"async\" width=\"1024\" height=\"731\" src=\"https:\/\/contextoanalisisperiodistico.com\/wp-content\/uploads\/2025\/11\/img-20251113-wa01362604455923057714652-1024x731.jpg\" alt=\"\" class=\"wp-image-48107\" srcset=\"https:\/\/contextoanalisisperiodistico.com\/wp-content\/uploads\/2025\/11\/img-20251113-wa01362604455923057714652-1024x731.jpg 1024w, https:\/\/contextoanalisisperiodistico.com\/wp-content\/uploads\/2025\/11\/img-20251113-wa01362604455923057714652-300x214.jpg 300w, https:\/\/contextoanalisisperiodistico.com\/wp-content\/uploads\/2025\/11\/img-20251113-wa01362604455923057714652-768x548.jpg 768w, https:\/\/contextoanalisisperiodistico.com\/wp-content\/uploads\/2025\/11\/img-20251113-wa01362604455923057714652.jpg 1280w\" sizes=\"(max-width: 1024px) 100vw, 1024px\" \/><\/figure>\n\n\n\n<figure class=\"wp-block-image\"><img decoding=\"async\" width=\"1024\" height=\"730\" src=\"https:\/\/contextoanalisisperiodistico.com\/wp-content\/uploads\/2025\/11\/img-20251113-wa01372571614719471154091-1024x730.jpg\" alt=\"\" class=\"wp-image-48106\" srcset=\"https:\/\/contextoanalisisperiodistico.com\/wp-content\/uploads\/2025\/11\/img-20251113-wa01372571614719471154091-1024x730.jpg 1024w, https:\/\/contextoanalisisperiodistico.com\/wp-content\/uploads\/2025\/11\/img-20251113-wa01372571614719471154091-300x214.jpg 300w, https:\/\/contextoanalisisperiodistico.com\/wp-content\/uploads\/2025\/11\/img-20251113-wa01372571614719471154091-768x548.jpg 768w, https:\/\/contextoanalisisperiodistico.com\/wp-content\/uploads\/2025\/11\/img-20251113-wa01372571614719471154091.jpg 1193w\" sizes=\"(max-width: 1024px) 100vw, 1024px\" \/><\/figure>\n\n\n\n<figure class=\"wp-block-image\"><img loading=\"lazy\" decoding=\"async\" width=\"819\" height=\"1024\" src=\"https:\/\/contextoanalisisperiodistico.com\/wp-content\/uploads\/2025\/11\/img-20251113-wa01392083681556572411495-819x1024.jpg\" alt=\"\" class=\"wp-image-48105\" srcset=\"https:\/\/contextoanalisisperiodistico.com\/wp-content\/uploads\/2025\/11\/img-20251113-wa01392083681556572411495-819x1024.jpg 819w, https:\/\/contextoanalisisperiodistico.com\/wp-content\/uploads\/2025\/11\/img-20251113-wa01392083681556572411495-240x300.jpg 240w, https:\/\/contextoanalisisperiodistico.com\/wp-content\/uploads\/2025\/11\/img-20251113-wa01392083681556572411495-768x960.jpg 768w, https:\/\/contextoanalisisperiodistico.com\/wp-content\/uploads\/2025\/11\/img-20251113-wa01392083681556572411495.jpg 960w\" sizes=\"(max-width: 819px) 100vw, 819px\" \/><\/figure>\n\n\n\n<figure class=\"wp-block-image\"><img loading=\"lazy\" decoding=\"async\" width=\"1024\" height=\"576\" src=\"https:\/\/contextoanalisisperiodistico.com\/wp-content\/uploads\/2025\/11\/img-20251113-wa01404899744334811897111-1024x576.jpg\" alt=\"\" class=\"wp-image-48108\" srcset=\"https:\/\/contextoanalisisperiodistico.com\/wp-content\/uploads\/2025\/11\/img-20251113-wa01404899744334811897111-1024x576.jpg 1024w, https:\/\/contextoanalisisperiodistico.com\/wp-content\/uploads\/2025\/11\/img-20251113-wa01404899744334811897111-300x169.jpg 300w, https:\/\/contextoanalisisperiodistico.com\/wp-content\/uploads\/2025\/11\/img-20251113-wa01404899744334811897111-768x432.jpg 768w, https:\/\/contextoanalisisperiodistico.com\/wp-content\/uploads\/2025\/11\/img-20251113-wa01404899744334811897111.jpg 1440w\" sizes=\"(max-width: 1024px) 100vw, 1024px\" \/><\/figure>\n\n\n\n<figure class=\"wp-block-video\"><video controls src=\"https:\/\/contextoanalisisperiodistico.com\/wp-content\/uploads\/2025\/11\/VID-20251113-WA0142.mp4\"><\/video><\/figure>\n\n\n\n<figure class=\"wp-block-video\"><video controls src=\"https:\/\/contextoanalisisperiodistico.com\/wp-content\/uploads\/2025\/11\/VID-20251113-WA0143.mp4\"><\/video><\/figure>\n","protected":false},"excerpt":{"rendered":"<p>Oaxaca de Ju\u00e1rez, Oax., 13 de noviembre de 2025.- El Municipio de Oaxaca de Ju\u00e1rez&#8230;<\/p>\n","protected":false},"author":4,"featured_media":48101,"comment_status":"","ping_status":"open","sticky":false,"template":"","format":"standard","meta":{"footnotes":""},"categories":[9],"tags":[316,353,352,178],"jetpack_sharing_enabled":true,"featured_image_urls":{"full":["https:\/\/contextoanalisisperiodistico.com\/wp-content\/uploads\/2025\/11\/IMG-20251113-WA0138-1.jpg",1280,960,false],"thumbnail":["https:\/\/contextoanalisisperiodistico.com\/wp-content\/uploads\/2025\/11\/IMG-20251113-WA0138-1-150x150.jpg",150,150,true],"medium":["https:\/\/contextoanalisisperiodistico.com\/wp-content\/uploads\/2025\/11\/IMG-20251113-WA0138-1-300x225.jpg",300,225,true],"medium_large":["https:\/\/contextoanalisisperiodistico.com\/wp-content\/uploads\/2025\/11\/IMG-20251113-WA0138-1-768x576.jpg",640,480,true],"large":["https:\/\/contextoanalisisperiodistico.com\/wp-content\/uploads\/2025\/11\/IMG-20251113-WA0138-1-1024x768.jpg",640,480,true],"1536x1536":["https:\/\/contextoanalisisperiodistico.com\/wp-content\/uploads\/2025\/11\/IMG-20251113-WA0138-1.jpg",1280,960,false],"2048x2048":["https:\/\/contextoanalisisperiodistico.com\/wp-content\/uploads\/2025\/11\/IMG-20251113-WA0138-1.jpg",1280,960,false],"covernews-slider-full":["https:\/\/contextoanalisisperiodistico.com\/wp-content\/uploads\/2025\/11\/IMG-20251113-WA0138-1-1115x715.jpg",1115,715,true],"covernews-slider-center":["https:\/\/contextoanalisisperiodistico.com\/wp-content\/uploads\/2025\/11\/IMG-20251113-WA0138-1-800x500.jpg",800,500,true],"covernews-featured":["https:\/\/contextoanalisisperiodistico.com\/wp-content\/uploads\/2025\/11\/IMG-20251113-WA0138-1-1024x768.jpg",1024,768,true],"covernews-medium":["https:\/\/contextoanalisisperiodistico.com\/wp-content\/uploads\/2025\/11\/IMG-20251113-WA0138-1-540x340.jpg",540,340,true],"covernews-medium-square":["https:\/\/contextoanalisisperiodistico.com\/wp-content\/uploads\/2025\/11\/IMG-20251113-WA0138-1-400x250.jpg",400,250,true]},"author_info":{"display_name":"Mario Gir\u00f3n","author_link":"https:\/\/contextoanalisisperiodistico.com\/index.php\/author\/director\/"},"category_info":"<a href=\"https:\/\/contextoanalisisperiodistico.com\/index.php\/category\/politica\/\" rel=\"category tag\">Pol\u00edtica<\/a>","tag_info":"Pol\u00edtica","comment_count":"0","jetpack_featured_media_url":"https:\/\/contextoanalisisperiodistico.com\/wp-content\/uploads\/2025\/11\/IMG-20251113-WA0138-1.jpg","_links":{"self":[{"href":"https:\/\/contextoanalisisperiodistico.com\/index.php\/wp-json\/wp\/v2\/posts\/48109"}],"collection":[{"href":"https:\/\/contextoanalisisperiodistico.com\/index.php\/wp-json\/wp\/v2\/posts"}],"about":[{"href":"https:\/\/contextoanalisisperiodistico.com\/index.php\/wp-json\/wp\/v2\/types\/post"}],"author":[{"embeddable":true,"href":"https:\/\/contextoanalisisperiodistico.com\/index.php\/wp-json\/wp\/v2\/users\/4"}],"replies":[{"embeddable":true,"href":"https:\/\/contextoanalisisperiodistico.com\/index.php\/wp-json\/wp\/v2\/comments?post=48109"}],"version-history":[{"count":0,"href":"https:\/\/contextoanalisisperiodistico.com\/index.php\/wp-json\/wp\/v2\/posts\/48109\/revisions"}],"wp:featuredmedia":[{"embeddable":true,"href":"https:\/\/contextoanalisisperiodistico.com\/index.php\/wp-json\/wp\/v2\/media\/48101"}],"wp:attachment":[{"href":"https:\/\/contextoanalisisperiodistico.com\/index.php\/wp-json\/wp\/v2\/media?parent=48109"}],"wp:term":[{"taxonomy":"category","embeddable":true,"href":"https:\/\/contextoanalisisperiodistico.com\/index.php\/wp-json\/wp\/v2\/categories?post=48109"},{"taxonomy":"post_tag","embeddable":true,"href":"https:\/\/contextoanalisisperiodistico.com\/index.php\/wp-json\/wp\/v2\/tags?post=48109"}],"curies":[{"name":"wp","href":"https:\/\/api.w.org\/{rel}","templated":true}]}}