{"id":48094,"date":"2025-11-13T09:55:57","date_gmt":"2025-11-13T15:55:57","guid":{"rendered":"https:\/\/contextoanalisisperiodistico.com\/index.php\/2025\/11\/13\/fortalece-c5i-vinculos-con-sector-empresarial-para-reforzar-la-seguridad-en-oaxaca\/"},"modified":"2025-11-13T09:55:57","modified_gmt":"2025-11-13T15:55:57","slug":"fortalece-c5i-vinculos-con-sector-empresarial-para-reforzar-la-seguridad-en-oaxaca","status":"publish","type":"post","link":"https:\/\/contextoanalisisperiodistico.com\/index.php\/2025\/11\/13\/fortalece-c5i-vinculos-con-sector-empresarial-para-reforzar-la-seguridad-en-oaxaca\/","title":{"rendered":"Fortalece C5i v\u00ednculos con sector empresarial para reforzar la seguridad en Oaxaca"},"content":{"rendered":"<div id=\"fb-root\"><\/div>\n\n<p>\u2022 El titular de este organismo estatal explic\u00f3 la labor que desempe\u00f1an los n\u00fameros de emergencia 9-1-1 y 089 de Denuncia An\u00f3nima<\/p>\n\n\n\n<figure class=\"wp-block-image size-large\"><img fetchpriority=\"high\" decoding=\"async\" width=\"1024\" height=\"768\" src=\"https:\/\/contextoanalisisperiodistico.com\/wp-content\/uploads\/2025\/11\/img-20251113-wa005588541868679161413-1024x768.jpg\" alt=\"\" class=\"wp-image-48093\" srcset=\"https:\/\/contextoanalisisperiodistico.com\/wp-content\/uploads\/2025\/11\/img-20251113-wa005588541868679161413-1024x768.jpg 1024w, https:\/\/contextoanalisisperiodistico.com\/wp-content\/uploads\/2025\/11\/img-20251113-wa005588541868679161413-300x225.jpg 300w, https:\/\/contextoanalisisperiodistico.com\/wp-content\/uploads\/2025\/11\/img-20251113-wa005588541868679161413-768x576.jpg 768w, https:\/\/contextoanalisisperiodistico.com\/wp-content\/uploads\/2025\/11\/img-20251113-wa005588541868679161413-1536x1152.jpg 1536w, https:\/\/contextoanalisisperiodistico.com\/wp-content\/uploads\/2025\/11\/img-20251113-wa005588541868679161413.jpg 1600w\" sizes=\"(max-width: 1024px) 100vw, 1024px\" \/><\/figure>\n\n\n\n<p>Oaxaca de J\u00faarez, Oax. 13 de noviembre de 2025.- Para fortalecer la colaboraci\u00f3n entre el sector productivo y las instituciones de seguridad del Estado; el director del Centro de Control, Comando, Comunicaci\u00f3n, Coordinaci\u00f3n e Inteligencia (C5i), Jaime Gonz\u00e1lez Estudillo sostuvo una reuni\u00f3n con integrantes de la Asociaci\u00f3n de Empresarios y Ejecutivos de Oaxaca.<\/p>\n\n\n\n<p>Durante el encuentro, el funcionario dio a conocer los avances y estrategias implementadas en materia de seguridad a nivel estatal, para mantener entornos con paz y tranquilidad.<\/p>\n\n\n\n<p>Asimismo, destac\u00f3 la importancia de estos acercamientos que permiten explicar la labor que desempe\u00f1an los n\u00fameros de emergencia 9-1-1 y 089 de Denuncia An\u00f3nima, herramientas clave para reportar incidentes, robos o cualquier situaci\u00f3n que ponga en riesgo la integridad de las personas y sus bienes.<\/p>\n\n\n\n<p>Por su parte , el director de la Polic\u00eda Auxiliar, Bancaria, Industrial y Comercial (PABIC), Alejandro Tejada Morales reiter\u00f3 la disposici\u00f3n de la corporaci\u00f3n para sumar esfuerzos que garanticen la seguridad en los espacios empresariales y comerciales.<\/p>\n\n\n\n<p>-0-<\/p>\n","protected":false},"excerpt":{"rendered":"<p>\u2022 El titular de este organismo estatal explic\u00f3 la labor que desempe\u00f1an los n\u00fameros de&#8230;<\/p>\n","protected":false},"author":4,"featured_media":48092,"comment_status":"","ping_status":"open","sticky":false,"template":"","format":"standard","meta":{"footnotes":""},"categories":[9],"tags":[303],"jetpack_sharing_enabled":true,"featured_image_urls":{"full":["https:\/\/contextoanalisisperiodistico.com\/wp-content\/uploads\/2025\/11\/IMG-20251113-WA0054.jpg",1600,1200,false],"thumbnail":["https:\/\/contextoanalisisperiodistico.com\/wp-content\/uploads\/2025\/11\/IMG-20251113-WA0054-150x150.jpg",150,150,true],"medium":["https:\/\/contextoanalisisperiodistico.com\/wp-content\/uploads\/2025\/11\/IMG-20251113-WA0054-300x225.jpg",300,225,true],"medium_large":["https:\/\/contextoanalisisperiodistico.com\/wp-content\/uploads\/2025\/11\/IMG-20251113-WA0054-768x576.jpg",640,480,true],"large":["https:\/\/contextoanalisisperiodistico.com\/wp-content\/uploads\/2025\/11\/IMG-20251113-WA0054-1024x768.jpg",640,480,true],"1536x1536":["https:\/\/contextoanalisisperiodistico.com\/wp-content\/uploads\/2025\/11\/IMG-20251113-WA0054-1536x1152.jpg",1536,1152,true],"2048x2048":["https:\/\/contextoanalisisperiodistico.com\/wp-content\/uploads\/2025\/11\/IMG-20251113-WA0054.jpg",1600,1200,false],"covernews-slider-full":["https:\/\/contextoanalisisperiodistico.com\/wp-content\/uploads\/2025\/11\/IMG-20251113-WA0054-1115x715.jpg",1115,715,true],"covernews-slider-center":["https:\/\/contextoanalisisperiodistico.com\/wp-content\/uploads\/2025\/11\/IMG-20251113-WA0054-800x500.jpg",800,500,true],"covernews-featured":["https:\/\/contextoanalisisperiodistico.com\/wp-content\/uploads\/2025\/11\/IMG-20251113-WA0054-1024x768.jpg",1024,768,true],"covernews-medium":["https:\/\/contextoanalisisperiodistico.com\/wp-content\/uploads\/2025\/11\/IMG-20251113-WA0054-540x340.jpg",540,340,true],"covernews-medium-square":["https:\/\/contextoanalisisperiodistico.com\/wp-content\/uploads\/2025\/11\/IMG-20251113-WA0054-400x250.jpg",400,250,true]},"author_info":{"display_name":"Mario Gir\u00f3n","author_link":"https:\/\/contextoanalisisperiodistico.com\/index.php\/author\/director\/"},"category_info":"<a href=\"https:\/\/contextoanalisisperiodistico.com\/index.php\/category\/politica\/\" rel=\"category tag\">Pol\u00edtica<\/a>","tag_info":"Pol\u00edtica","comment_count":"0","jetpack_featured_media_url":"https:\/\/contextoanalisisperiodistico.com\/wp-content\/uploads\/2025\/11\/IMG-20251113-WA0054.jpg","_links":{"self":[{"href":"https:\/\/contextoanalisisperiodistico.com\/index.php\/wp-json\/wp\/v2\/posts\/48094"}],"collection":[{"href":"https:\/\/contextoanalisisperiodistico.com\/index.php\/wp-json\/wp\/v2\/posts"}],"about":[{"href":"https:\/\/contextoanalisisperiodistico.com\/index.php\/wp-json\/wp\/v2\/types\/post"}],"author":[{"embeddable":true,"href":"https:\/\/contextoanalisisperiodistico.com\/index.php\/wp-json\/wp\/v2\/users\/4"}],"replies":[{"embeddable":true,"href":"https:\/\/contextoanalisisperiodistico.com\/index.php\/wp-json\/wp\/v2\/comments?post=48094"}],"version-history":[{"count":0,"href":"https:\/\/contextoanalisisperiodistico.com\/index.php\/wp-json\/wp\/v2\/posts\/48094\/revisions"}],"wp:featuredmedia":[{"embeddable":true,"href":"https:\/\/contextoanalisisperiodistico.com\/index.php\/wp-json\/wp\/v2\/media\/48092"}],"wp:attachment":[{"href":"https:\/\/contextoanalisisperiodistico.com\/index.php\/wp-json\/wp\/v2\/media?parent=48094"}],"wp:term":[{"taxonomy":"category","embeddable":true,"href":"https:\/\/contextoanalisisperiodistico.com\/index.php\/wp-json\/wp\/v2\/categories?post=48094"},{"taxonomy":"post_tag","embeddable":true,"href":"https:\/\/contextoanalisisperiodistico.com\/index.php\/wp-json\/wp\/v2\/tags?post=48094"}],"curies":[{"name":"wp","href":"https:\/\/api.w.org\/{rel}","templated":true}]}}