{"id":48081,"date":"2025-11-13T07:00:20","date_gmt":"2025-11-13T13:00:20","guid":{"rendered":"https:\/\/contextoanalisisperiodistico.com\/index.php\/2025\/11\/13\/proponen-voces-oaxaquenas-asegurar-representacion-efectiva-de-pueblos-originarios-en-reforma-electoral\/"},"modified":"2025-11-13T07:00:20","modified_gmt":"2025-11-13T13:00:20","slug":"proponen-voces-oaxaquenas-asegurar-representacion-efectiva-de-pueblos-originarios-en-reforma-electoral","status":"publish","type":"post","link":"https:\/\/contextoanalisisperiodistico.com\/index.php\/2025\/11\/13\/proponen-voces-oaxaquenas-asegurar-representacion-efectiva-de-pueblos-originarios-en-reforma-electoral\/","title":{"rendered":"Proponen voces oaxaque\u00f1as asegurar representaci\u00f3n efectiva de pueblos originarios en Reforma Electoral"},"content":{"rendered":"<div id=\"fb-root\"><\/div>\n\n<p>\u2022 El consejero jur\u00eddico del Gobierno de Oaxaca, Geovany V\u00e1squez destac\u00f3 el valor de escuchar todas las opiniones para transformar el sistema<\/p>\n\n\n\n<figure class=\"wp-block-image size-large\"><img fetchpriority=\"high\" decoding=\"async\" width=\"1024\" height=\"685\" src=\"https:\/\/contextoanalisisperiodistico.com\/wp-content\/uploads\/2025\/11\/img-20251112-wa01282991135520672882859-1024x685.jpg\" alt=\"\" class=\"wp-image-48077\" srcset=\"https:\/\/contextoanalisisperiodistico.com\/wp-content\/uploads\/2025\/11\/img-20251112-wa01282991135520672882859-1024x685.jpg 1024w, https:\/\/contextoanalisisperiodistico.com\/wp-content\/uploads\/2025\/11\/img-20251112-wa01282991135520672882859-300x201.jpg 300w, https:\/\/contextoanalisisperiodistico.com\/wp-content\/uploads\/2025\/11\/img-20251112-wa01282991135520672882859-768x514.jpg 768w, https:\/\/contextoanalisisperiodistico.com\/wp-content\/uploads\/2025\/11\/img-20251112-wa01282991135520672882859-1536x1027.jpg 1536w, https:\/\/contextoanalisisperiodistico.com\/wp-content\/uploads\/2025\/11\/img-20251112-wa01282991135520672882859.jpg 1600w\" sizes=\"(max-width: 1024px) 100vw, 1024px\" \/><\/figure>\n\n\n\n<figure class=\"wp-block-image\"><img decoding=\"async\" width=\"1024\" height=\"685\" src=\"https:\/\/contextoanalisisperiodistico.com\/wp-content\/uploads\/2025\/11\/img-20251112-wa01297999431892136158707-1024x685.jpg\" alt=\"\" class=\"wp-image-48080\" srcset=\"https:\/\/contextoanalisisperiodistico.com\/wp-content\/uploads\/2025\/11\/img-20251112-wa01297999431892136158707-1024x685.jpg 1024w, https:\/\/contextoanalisisperiodistico.com\/wp-content\/uploads\/2025\/11\/img-20251112-wa01297999431892136158707-300x201.jpg 300w, https:\/\/contextoanalisisperiodistico.com\/wp-content\/uploads\/2025\/11\/img-20251112-wa01297999431892136158707-768x514.jpg 768w, https:\/\/contextoanalisisperiodistico.com\/wp-content\/uploads\/2025\/11\/img-20251112-wa01297999431892136158707-1536x1027.jpg 1536w, https:\/\/contextoanalisisperiodistico.com\/wp-content\/uploads\/2025\/11\/img-20251112-wa01297999431892136158707.jpg 1600w\" sizes=\"(max-width: 1024px) 100vw, 1024px\" \/><\/figure>\n\n\n\n<figure class=\"wp-block-image\"><img decoding=\"async\" width=\"1024\" height=\"685\" src=\"https:\/\/contextoanalisisperiodistico.com\/wp-content\/uploads\/2025\/11\/img-20251112-wa01275193014182691206003-1024x685.jpg\" alt=\"\" class=\"wp-image-48078\" srcset=\"https:\/\/contextoanalisisperiodistico.com\/wp-content\/uploads\/2025\/11\/img-20251112-wa01275193014182691206003-1024x685.jpg 1024w, https:\/\/contextoanalisisperiodistico.com\/wp-content\/uploads\/2025\/11\/img-20251112-wa01275193014182691206003-300x201.jpg 300w, https:\/\/contextoanalisisperiodistico.com\/wp-content\/uploads\/2025\/11\/img-20251112-wa01275193014182691206003-768x514.jpg 768w, https:\/\/contextoanalisisperiodistico.com\/wp-content\/uploads\/2025\/11\/img-20251112-wa01275193014182691206003-1536x1027.jpg 1536w, https:\/\/contextoanalisisperiodistico.com\/wp-content\/uploads\/2025\/11\/img-20251112-wa01275193014182691206003.jpg 1600w\" sizes=\"(max-width: 1024px) 100vw, 1024px\" \/><\/figure>\n\n\n\n<figure class=\"wp-block-image\"><img loading=\"lazy\" decoding=\"async\" width=\"1024\" height=\"758\" src=\"https:\/\/contextoanalisisperiodistico.com\/wp-content\/uploads\/2025\/11\/img-20251112-wa01267648225120046389445-1024x758.jpg\" alt=\"\" class=\"wp-image-48079\" srcset=\"https:\/\/contextoanalisisperiodistico.com\/wp-content\/uploads\/2025\/11\/img-20251112-wa01267648225120046389445-1024x758.jpg 1024w, https:\/\/contextoanalisisperiodistico.com\/wp-content\/uploads\/2025\/11\/img-20251112-wa01267648225120046389445-300x222.jpg 300w, https:\/\/contextoanalisisperiodistico.com\/wp-content\/uploads\/2025\/11\/img-20251112-wa01267648225120046389445-768x569.jpg 768w, https:\/\/contextoanalisisperiodistico.com\/wp-content\/uploads\/2025\/11\/img-20251112-wa01267648225120046389445.jpg 1280w\" sizes=\"(max-width: 1024px) 100vw, 1024px\" \/><\/figure>\n\n\n\n<p>Oaxaca de Ju\u00e1rez, Oax. 12 de noviembre de 2025.- Representantes de diversos sectores de la sociedad y de instituciones locales expresaron en la Audiencia P\u00fablica para la Construcci\u00f3n Colectiva de la Reforma Educativa, celebrada este mi\u00e9rcoles en la ciudad de Oaxaca, sus propuestas para asegurar la representaci\u00f3n de los pueblos originarios y retomar sus saberes en materia de participaci\u00f3n comunitaria.<\/p>\n\n\n\n<p>En este evento organizado por la Comisi\u00f3n Presidencial para la Reforma Electoral, el titular de la Consejer\u00eda Jur\u00eddica y Asistencia Legal del Gobierno del Estado, Geovany V\u00e1squez Sagrero record\u00f3 que las reformas electorales del pasado reciente han reflejado las luchas de la izquierda en demanda de procesos justos, equitativos e incluyentes.<\/p>\n\n\n\n<p>Destac\u00f3 que entonces, como ahora, la participaci\u00f3n de la juventud, acad\u00e9micos y especialistas es vital.<\/p>\n\n\n\n<p>\u201cSe debe de escuchar para transformar el derecho, para transformar las leyes y para transformar al pa\u00eds\u201d, agreg\u00f3.<\/p>\n\n\n\n<p>El Parque Primavera Oaxaque\u00f1a Cho Ndob\u00e1 fue sede este encuentro de voces diversas que se expresaron con el objetivo de mejorar el sistema electoral del pa\u00eds. En este sentido, la magistrada presidenta de la Sala Regional Xalapa del Tribunal Electoral del Poder Judicial de la Federaci\u00f3n (TEPJF), Roselia Bustillo Mar\u00edn propuso establecer esca\u00f1os a personas ind\u00edgenas, sin simulaciones.<\/p>\n\n\n\n<p>Los pueblos originarios, agreg\u00f3 la Magistrada Presidenta de la Sala de Justicia Ind\u00edgena del Tribunal Superior de Justicia del Estado, Margarita Leonor Gopar P\u00e9rez, a trav\u00e9s de sus Sistemas Normativos Internos ense\u00f1an a que la democracia no se impone, se construye.<\/p>\n\n\n\n<p>Por otro lado, ciudadanas y ciudadanos plantearon tem\u00e1ticas, como: la promoci\u00f3n de la participaci\u00f3n pol\u00edtica de las mujeres en contextos libres de violencia, la disminuci\u00f3n o desaparici\u00f3n de las y los senadores y diputados plurinominales, el voto electr\u00f3nico y la creaci\u00f3n de brigadas m\u00f3viles de participaci\u00f3n que visiten personas hospitalizadas o enfermas para que puedan sufragar; y el dise\u00f1o de un mecanismo que permita la doble afiliaci\u00f3n a partidos con registro local y nacional.<\/p>\n\n\n\n<p>En tanto, el fiscal especializado en Delitos Electorales de Oaxaca, Iv\u00e1n Garc\u00eda L\u00f3pez pidi\u00f3 fortalecer estas instancias que previenen, investigan y persiguen acciones constitutivas de delito.<\/p>\n\n\n\n<p>A su vez, el director jur\u00eddico de la Secretar\u00eda de Honestidad, Transparencia y Funci\u00f3n P\u00fablica, Diego Javier Carre\u00f1o L\u00f3pez propuso que se fiscalicen las donaciones a partidos pol\u00edticos, regularice el financiamiento de campa\u00f1as pol\u00edticas y transparentar los gastos en pautas de redes sociales de personas candidatas.<\/p>\n\n\n\n<p>-0-<\/p>\n","protected":false},"excerpt":{"rendered":"<p>\u2022 El consejero jur\u00eddico del Gobierno de Oaxaca, Geovany V\u00e1squez destac\u00f3 el valor de escuchar&#8230;<\/p>\n","protected":false},"author":4,"featured_media":48076,"comment_status":"","ping_status":"open","sticky":false,"template":"","format":"standard","meta":{"footnotes":""},"categories":[9],"tags":[303],"jetpack_sharing_enabled":true,"featured_image_urls":{"full":["https:\/\/contextoanalisisperiodistico.com\/wp-content\/uploads\/2025\/11\/IMG-20251112-WA0130.jpg",1600,1070,false],"thumbnail":["https:\/\/contextoanalisisperiodistico.com\/wp-content\/uploads\/2025\/11\/IMG-20251112-WA0130-150x150.jpg",150,150,true],"medium":["https:\/\/contextoanalisisperiodistico.com\/wp-content\/uploads\/2025\/11\/IMG-20251112-WA0130-300x201.jpg",300,201,true],"medium_large":["https:\/\/contextoanalisisperiodistico.com\/wp-content\/uploads\/2025\/11\/IMG-20251112-WA0130-768x514.jpg",640,428,true],"large":["https:\/\/contextoanalisisperiodistico.com\/wp-content\/uploads\/2025\/11\/IMG-20251112-WA0130-1024x685.jpg",640,428,true],"1536x1536":["https:\/\/contextoanalisisperiodistico.com\/wp-content\/uploads\/2025\/11\/IMG-20251112-WA0130-1536x1027.jpg",1536,1027,true],"2048x2048":["https:\/\/contextoanalisisperiodistico.com\/wp-content\/uploads\/2025\/11\/IMG-20251112-WA0130.jpg",1600,1070,false],"covernews-slider-full":["https:\/\/contextoanalisisperiodistico.com\/wp-content\/uploads\/2025\/11\/IMG-20251112-WA0130-1115x715.jpg",1115,715,true],"covernews-slider-center":["https:\/\/contextoanalisisperiodistico.com\/wp-content\/uploads\/2025\/11\/IMG-20251112-WA0130-800x500.jpg",800,500,true],"covernews-featured":["https:\/\/contextoanalisisperiodistico.com\/wp-content\/uploads\/2025\/11\/IMG-20251112-WA0130-1024x685.jpg",1024,685,true],"covernews-medium":["https:\/\/contextoanalisisperiodistico.com\/wp-content\/uploads\/2025\/11\/IMG-20251112-WA0130-540x340.jpg",540,340,true],"covernews-medium-square":["https:\/\/contextoanalisisperiodistico.com\/wp-content\/uploads\/2025\/11\/IMG-20251112-WA0130-400x250.jpg",400,250,true]},"author_info":{"display_name":"Mario Gir\u00f3n","author_link":"https:\/\/contextoanalisisperiodistico.com\/index.php\/author\/director\/"},"category_info":"<a href=\"https:\/\/contextoanalisisperiodistico.com\/index.php\/category\/politica\/\" rel=\"category tag\">Pol\u00edtica<\/a>","tag_info":"Pol\u00edtica","comment_count":"0","jetpack_featured_media_url":"https:\/\/contextoanalisisperiodistico.com\/wp-content\/uploads\/2025\/11\/IMG-20251112-WA0130.jpg","_links":{"self":[{"href":"https:\/\/contextoanalisisperiodistico.com\/index.php\/wp-json\/wp\/v2\/posts\/48081"}],"collection":[{"href":"https:\/\/contextoanalisisperiodistico.com\/index.php\/wp-json\/wp\/v2\/posts"}],"about":[{"href":"https:\/\/contextoanalisisperiodistico.com\/index.php\/wp-json\/wp\/v2\/types\/post"}],"author":[{"embeddable":true,"href":"https:\/\/contextoanalisisperiodistico.com\/index.php\/wp-json\/wp\/v2\/users\/4"}],"replies":[{"embeddable":true,"href":"https:\/\/contextoanalisisperiodistico.com\/index.php\/wp-json\/wp\/v2\/comments?post=48081"}],"version-history":[{"count":0,"href":"https:\/\/contextoanalisisperiodistico.com\/index.php\/wp-json\/wp\/v2\/posts\/48081\/revisions"}],"wp:featuredmedia":[{"embeddable":true,"href":"https:\/\/contextoanalisisperiodistico.com\/index.php\/wp-json\/wp\/v2\/media\/48076"}],"wp:attachment":[{"href":"https:\/\/contextoanalisisperiodistico.com\/index.php\/wp-json\/wp\/v2\/media?parent=48081"}],"wp:term":[{"taxonomy":"category","embeddable":true,"href":"https:\/\/contextoanalisisperiodistico.com\/index.php\/wp-json\/wp\/v2\/categories?post=48081"},{"taxonomy":"post_tag","embeddable":true,"href":"https:\/\/contextoanalisisperiodistico.com\/index.php\/wp-json\/wp\/v2\/tags?post=48081"}],"curies":[{"name":"wp","href":"https:\/\/api.w.org\/{rel}","templated":true}]}}