{"id":48075,"date":"2025-11-13T06:55:55","date_gmt":"2025-11-13T12:55:55","guid":{"rendered":"https:\/\/contextoanalisisperiodistico.com\/index.php\/2025\/11\/13\/propone-salomon-jara-revaloracion-de-modelos-de-decision-comunitarios-a-traves-de-los-sistemas-normativos-de-los-pueblos-originarios\/"},"modified":"2025-11-13T06:55:55","modified_gmt":"2025-11-13T12:55:55","slug":"propone-salomon-jara-revaloracion-de-modelos-de-decision-comunitarios-a-traves-de-los-sistemas-normativos-de-los-pueblos-originarios","status":"publish","type":"post","link":"https:\/\/contextoanalisisperiodistico.com\/index.php\/2025\/11\/13\/propone-salomon-jara-revaloracion-de-modelos-de-decision-comunitarios-a-traves-de-los-sistemas-normativos-de-los-pueblos-originarios\/","title":{"rendered":"Propone Salom\u00f3n Jara revaloraci\u00f3n de modelos de decisi\u00f3n comunitarios a trav\u00e9s de los Sistemas Normativos de los Pueblos Originarios"},"content":{"rendered":"<div id=\"fb-root\"><\/div>\n\n<p>\u2022 El Mandatario estatal particip\u00f3 en la consulta p\u00fablica para la Reforma Electoral que impulsa la Presidenta Claudia Sheinbaum, a la que Oaxaca se suma<\/p>\n\n\n\n<figure class=\"wp-block-image size-large\"><img fetchpriority=\"high\" decoding=\"async\" width=\"1024\" height=\"682\" src=\"https:\/\/contextoanalisisperiodistico.com\/wp-content\/uploads\/2025\/11\/img-20251112-wa01014339773321468204070-1024x682.jpg\" alt=\"\" class=\"wp-image-48070\" srcset=\"https:\/\/contextoanalisisperiodistico.com\/wp-content\/uploads\/2025\/11\/img-20251112-wa01014339773321468204070-1024x682.jpg 1024w, https:\/\/contextoanalisisperiodistico.com\/wp-content\/uploads\/2025\/11\/img-20251112-wa01014339773321468204070-300x200.jpg 300w, https:\/\/contextoanalisisperiodistico.com\/wp-content\/uploads\/2025\/11\/img-20251112-wa01014339773321468204070-768x512.jpg 768w, https:\/\/contextoanalisisperiodistico.com\/wp-content\/uploads\/2025\/11\/img-20251112-wa01014339773321468204070.jpg 1280w\" sizes=\"(max-width: 1024px) 100vw, 1024px\" \/><\/figure>\n\n\n\n<figure class=\"wp-block-image\"><img decoding=\"async\" width=\"1024\" height=\"682\" src=\"https:\/\/contextoanalisisperiodistico.com\/wp-content\/uploads\/2025\/11\/img-20251112-wa01023320986783266810779-1024x682.jpg\" alt=\"\" class=\"wp-image-48071\" srcset=\"https:\/\/contextoanalisisperiodistico.com\/wp-content\/uploads\/2025\/11\/img-20251112-wa01023320986783266810779-1024x682.jpg 1024w, https:\/\/contextoanalisisperiodistico.com\/wp-content\/uploads\/2025\/11\/img-20251112-wa01023320986783266810779-300x200.jpg 300w, https:\/\/contextoanalisisperiodistico.com\/wp-content\/uploads\/2025\/11\/img-20251112-wa01023320986783266810779-768x512.jpg 768w, https:\/\/contextoanalisisperiodistico.com\/wp-content\/uploads\/2025\/11\/img-20251112-wa01023320986783266810779.jpg 1280w\" sizes=\"(max-width: 1024px) 100vw, 1024px\" \/><\/figure>\n\n\n\n<figure class=\"wp-block-image\"><img decoding=\"async\" width=\"1024\" height=\"682\" src=\"https:\/\/contextoanalisisperiodistico.com\/wp-content\/uploads\/2025\/11\/img-20251112-wa01036384715139948316623-1024x682.jpg\" alt=\"\" class=\"wp-image-48072\" srcset=\"https:\/\/contextoanalisisperiodistico.com\/wp-content\/uploads\/2025\/11\/img-20251112-wa01036384715139948316623-1024x682.jpg 1024w, https:\/\/contextoanalisisperiodistico.com\/wp-content\/uploads\/2025\/11\/img-20251112-wa01036384715139948316623-300x200.jpg 300w, https:\/\/contextoanalisisperiodistico.com\/wp-content\/uploads\/2025\/11\/img-20251112-wa01036384715139948316623-768x512.jpg 768w, https:\/\/contextoanalisisperiodistico.com\/wp-content\/uploads\/2025\/11\/img-20251112-wa01036384715139948316623.jpg 1280w\" sizes=\"(max-width: 1024px) 100vw, 1024px\" \/><\/figure>\n\n\n\n<figure class=\"wp-block-image size-large\"><img loading=\"lazy\" decoding=\"async\" width=\"1024\" height=\"682\" src=\"https:\/\/contextoanalisisperiodistico.com\/wp-content\/uploads\/2025\/11\/img-20251112-wa01007137142760905109353-1024x682.jpg\" alt=\"\" class=\"wp-image-48074\" srcset=\"https:\/\/contextoanalisisperiodistico.com\/wp-content\/uploads\/2025\/11\/img-20251112-wa01007137142760905109353-1024x682.jpg 1024w, https:\/\/contextoanalisisperiodistico.com\/wp-content\/uploads\/2025\/11\/img-20251112-wa01007137142760905109353-300x200.jpg 300w, https:\/\/contextoanalisisperiodistico.com\/wp-content\/uploads\/2025\/11\/img-20251112-wa01007137142760905109353-768x512.jpg 768w, https:\/\/contextoanalisisperiodistico.com\/wp-content\/uploads\/2025\/11\/img-20251112-wa01007137142760905109353.jpg 1280w\" sizes=\"(max-width: 1024px) 100vw, 1024px\" \/><\/figure>\n\n\n\n<p>Oaxaca de Ju\u00e1rez, Oax. 12 de noviembre de 2025.- Durante la Audiencia P\u00fablica de la Comisi\u00f3n Presidencial para la Reforma Electoral realizada en la capital del estado, el Gobernador Salom\u00f3n Jara Cruz propuso la revalorizaci\u00f3n del aporte, vigencia y derecho a decidir de las comunidades de Oaxaca y del pa\u00eds, con la denominaci\u00f3n de los Sistemas Normativos de los Pueblos Originarios.<\/p>\n\n\n\n<p>\u201cLa Reforma Electoral, si ha de ser verdaderamente transformadora, debe comenzar por reconocer la pluralidad jur\u00eddica como una expresi\u00f3n leg\u00edtima de la democracia. Oaxaca aporta esa visi\u00f3n: la de una democracia que no solo se vota, sino que se construye en comunidad\u201d, refiri\u00f3.<\/p>\n\n\n\n<p>En el encuentro, al que asisti\u00f3 el coordinador general de Pol\u00edtica y Gobierno de la Oficina de la Presidencia de la Rep\u00fablica Arturo Zald\u00edvar Lelo de Larrea, el Mandatario estatal destac\u00f3 que la participaci\u00f3n pol\u00edtica en las comunidades no se impone desde los c\u00f3digos, sino se vive en el consenso, asamblea y palabra compartida.<\/p>\n\n\n\n<p>En este espacio que foment\u00f3 la exposici\u00f3n de las propuestas de diversos sectores de la entidad para fortalecer la democracia de M\u00e9xico, Jara Cruz argument\u00f3 que hoy, el t\u00e9rmino \u201cind\u00edgena\u201d puede tener una carga peyorativa, heredara de una visi\u00f3n colonial.<\/p>\n\n\n\n<p>\u201cNuestros pueblos no son reliquias del pasado, ni sectores marginados que deben ser tutelados; son sujetos colectivos de derecho, herederos de civilizaciones que fundaron la identidad de M\u00e9xico\u201d, se\u00f1al\u00f3.<\/p>\n\n\n\n<p>El Gobierno de Oaxaca se suma al esfuerzo nacional que impulsa la Presidenta Claudia Sheinbaum Pardo, cuya iniciativa representa un paso fundamental en la consolidaci\u00f3n de una democracia moderna, cercana, transparente y participativa; por ello, se construye entre todas y todos para que las reglas garanticen igualdad, justicia y eficacia en la vida p\u00fablica.<\/p>\n\n\n\n<p>En su oportunidad, Arturo Zald\u00edvar Lelo de Larrea indic\u00f3 que la Reforma Electoral no solo debe tomar en cuenta una opini\u00f3n descentralizada, sino que se deben sumar las voces de toda la poblaci\u00f3n mexicana, en el que est\u00e9n incluidos los pueblos originarios, las mujeres y juventudes.<\/p>\n\n\n\n<p>\u201cSer\u00e1 la primera reforma de la historia de M\u00e9xico emanada del pueblo y no de acuerdos realizados en oscuro, en las c\u00fapulas del poder\u201d, dijo.<\/p>\n\n\n\n<p>El titular de la Consejer\u00eda Jur\u00eddica y Asistencia Legal del Estado de Oaxaca, Geovany V\u00e1squez Sagrero destac\u00f3 la participaci\u00f3n de juventudes, acad\u00e9micos y especialistas; quienes han manifestado sus inquietudes y propuestas, las cuales ser\u00e1n llevadas ante el Congreso de la Uni\u00f3n.<\/p>\n\n\n\n<p>-0-<\/p>\n","protected":false},"excerpt":{"rendered":"<p>\u2022 El Mandatario estatal particip\u00f3 en la consulta p\u00fablica para la Reforma Electoral que impulsa&#8230;<\/p>\n","protected":false},"author":4,"featured_media":48069,"comment_status":"","ping_status":"open","sticky":false,"template":"","format":"standard","meta":{"footnotes":""},"categories":[9],"tags":[335],"jetpack_sharing_enabled":true,"featured_image_urls":{"full":["https:\/\/contextoanalisisperiodistico.com\/wp-content\/uploads\/2025\/11\/IMG-20251112-WA0099.jpg",1280,853,false],"thumbnail":["https:\/\/contextoanalisisperiodistico.com\/wp-content\/uploads\/2025\/11\/IMG-20251112-WA0099-150x150.jpg",150,150,true],"medium":["https:\/\/contextoanalisisperiodistico.com\/wp-content\/uploads\/2025\/11\/IMG-20251112-WA0099-300x200.jpg",300,200,true],"medium_large":["https:\/\/contextoanalisisperiodistico.com\/wp-content\/uploads\/2025\/11\/IMG-20251112-WA0099-768x512.jpg",640,427,true],"large":["https:\/\/contextoanalisisperiodistico.com\/wp-content\/uploads\/2025\/11\/IMG-20251112-WA0099-1024x682.jpg",640,426,true],"1536x1536":["https:\/\/contextoanalisisperiodistico.com\/wp-content\/uploads\/2025\/11\/IMG-20251112-WA0099.jpg",1280,853,false],"2048x2048":["https:\/\/contextoanalisisperiodistico.com\/wp-content\/uploads\/2025\/11\/IMG-20251112-WA0099.jpg",1280,853,false],"covernews-slider-full":["https:\/\/contextoanalisisperiodistico.com\/wp-content\/uploads\/2025\/11\/IMG-20251112-WA0099-1115x715.jpg",1115,715,true],"covernews-slider-center":["https:\/\/contextoanalisisperiodistico.com\/wp-content\/uploads\/2025\/11\/IMG-20251112-WA0099-800x500.jpg",800,500,true],"covernews-featured":["https:\/\/contextoanalisisperiodistico.com\/wp-content\/uploads\/2025\/11\/IMG-20251112-WA0099-1024x682.jpg",1024,682,true],"covernews-medium":["https:\/\/contextoanalisisperiodistico.com\/wp-content\/uploads\/2025\/11\/IMG-20251112-WA0099-540x340.jpg",540,340,true],"covernews-medium-square":["https:\/\/contextoanalisisperiodistico.com\/wp-content\/uploads\/2025\/11\/IMG-20251112-WA0099-400x250.jpg",400,250,true]},"author_info":{"display_name":"Mario Gir\u00f3n","author_link":"https:\/\/contextoanalisisperiodistico.com\/index.php\/author\/director\/"},"category_info":"<a href=\"https:\/\/contextoanalisisperiodistico.com\/index.php\/category\/politica\/\" rel=\"category tag\">Pol\u00edtica<\/a>","tag_info":"Pol\u00edtica","comment_count":"0","jetpack_featured_media_url":"https:\/\/contextoanalisisperiodistico.com\/wp-content\/uploads\/2025\/11\/IMG-20251112-WA0099.jpg","_links":{"self":[{"href":"https:\/\/contextoanalisisperiodistico.com\/index.php\/wp-json\/wp\/v2\/posts\/48075"}],"collection":[{"href":"https:\/\/contextoanalisisperiodistico.com\/index.php\/wp-json\/wp\/v2\/posts"}],"about":[{"href":"https:\/\/contextoanalisisperiodistico.com\/index.php\/wp-json\/wp\/v2\/types\/post"}],"author":[{"embeddable":true,"href":"https:\/\/contextoanalisisperiodistico.com\/index.php\/wp-json\/wp\/v2\/users\/4"}],"replies":[{"embeddable":true,"href":"https:\/\/contextoanalisisperiodistico.com\/index.php\/wp-json\/wp\/v2\/comments?post=48075"}],"version-history":[{"count":0,"href":"https:\/\/contextoanalisisperiodistico.com\/index.php\/wp-json\/wp\/v2\/posts\/48075\/revisions"}],"wp:featuredmedia":[{"embeddable":true,"href":"https:\/\/contextoanalisisperiodistico.com\/index.php\/wp-json\/wp\/v2\/media\/48069"}],"wp:attachment":[{"href":"https:\/\/contextoanalisisperiodistico.com\/index.php\/wp-json\/wp\/v2\/media?parent=48075"}],"wp:term":[{"taxonomy":"category","embeddable":true,"href":"https:\/\/contextoanalisisperiodistico.com\/index.php\/wp-json\/wp\/v2\/categories?post=48075"},{"taxonomy":"post_tag","embeddable":true,"href":"https:\/\/contextoanalisisperiodistico.com\/index.php\/wp-json\/wp\/v2\/tags?post=48075"}],"curies":[{"name":"wp","href":"https:\/\/api.w.org\/{rel}","templated":true}]}}