{"id":48062,"date":"2025-11-13T06:35:30","date_gmt":"2025-11-13T12:35:30","guid":{"rendered":"https:\/\/contextoanalisisperiodistico.com\/index.php\/2025\/11\/13\/exhorta-sso-a-vacunarse-de-neumococo-para-prevenir-la-neumonia\/"},"modified":"2025-11-13T06:35:30","modified_gmt":"2025-11-13T12:35:30","slug":"exhorta-sso-a-vacunarse-de-neumococo-para-prevenir-la-neumonia","status":"publish","type":"post","link":"https:\/\/contextoanalisisperiodistico.com\/index.php\/2025\/11\/13\/exhorta-sso-a-vacunarse-de-neumococo-para-prevenir-la-neumonia\/","title":{"rendered":"Exhorta SSO a vacunarse de neumococo para prevenir la neumon\u00eda"},"content":{"rendered":"<div id=\"fb-root\"><\/div>\n\n<p>\u2022 Este biol\u00f3gico junto con el de la influenza, son las principales herramientas preventivas para evitar cuadros graves de esta enfermedad<\/p>\n\n\n\n<figure class=\"wp-block-image size-large\"><img fetchpriority=\"high\" decoding=\"async\" width=\"300\" height=\"300\" src=\"https:\/\/contextoanalisisperiodistico.com\/wp-content\/uploads\/2025\/11\/img-20251028-wa02024102960028549491450-300x300.jpg\" alt=\"\" class=\"wp-image-48061\" srcset=\"https:\/\/contextoanalisisperiodistico.com\/wp-content\/uploads\/2025\/11\/img-20251028-wa02024102960028549491450-300x300.jpg 300w, https:\/\/contextoanalisisperiodistico.com\/wp-content\/uploads\/2025\/11\/img-20251028-wa02024102960028549491450-150x150.jpg 150w, https:\/\/contextoanalisisperiodistico.com\/wp-content\/uploads\/2025\/11\/img-20251028-wa02024102960028549491450-768x768.jpg 768w, https:\/\/contextoanalisisperiodistico.com\/wp-content\/uploads\/2025\/11\/img-20251028-wa02024102960028549491450.jpg 1024w\" sizes=\"(max-width: 300px) 100vw, 300px\" \/><\/figure>\n\n\n\n<p>Oaxaca de Ju\u00e1rez, Oax. 12 de noviembre de 2025.- En el marco del D\u00eda Mundial contra la Neumon\u00eda, Servicios de Salud de Oaxaca (SSO) informa que se cuenta con biol\u00f3gicos suficientes para proteger a la poblaci\u00f3n infantil y mayor contra el neumococo, una de las principales causas de esta enfermedad.<\/p>\n\n\n\n<p>En este sentido, exhorta a madres, padres y personas cuidadoras a vacunar a ni\u00f1as y ni\u00f1os de 2, 4 y 6 meses de edad, as\u00ed como aplicar el refuerzo en aquellos de 12 y 15 meses. En el caso de las personas mayores de 65 a\u00f1os, recomienda una dosis cada 5 a\u00f1os.<\/p>\n\n\n\n<p>La vacuna contra el neumococo, junto con la de influenza, son las principales herramientas preventivas para evitar cuadros graves de neumon\u00eda, una enfermedad que provoca la inflamaci\u00f3n de los pulmones a causa de infecciones virales o bacterianas.<\/p>\n\n\n\n<p>SSO sugiere a la poblaci\u00f3n estar atenta a s\u00edntomas como: respiraci\u00f3n r\u00e1pida o dificultosa, tos, fiebre, escalofr\u00edos, p\u00e9rdida del apetito o sonidos silbantes al respirar; as\u00ed como acudir de inmediato a la unidad m\u00e9dica m\u00e1s cercana, evitando la automedicaci\u00f3n, ya que podr\u00eda complicar el padecimiento.<\/p>\n\n\n\n<p>De acuerdo con el Sistema Nacional de Vigilancia Epidemiol\u00f3gica, hasta la semana 43 se han registrado 2 mil 424 casos de neumon\u00edas y bronconeumon\u00edas en Oaxaca; de las que mil 251 corresponden a mujeres y mil 173 a hombres.<\/p>\n\n\n\n<p>La dependencia llama a reforzar las medidas de prevenci\u00f3n, como el lavado frecuente de manos con agua y jab\u00f3n, el estornudo de etiqueta con el \u00e1ngulo interno del codo y el uso de cubrebocas en caso de s\u00edntomas respiratorios.<\/p>\n\n\n\n<p>-0-<\/p>\n","protected":false},"excerpt":{"rendered":"<p>\u2022 Este biol\u00f3gico junto con el de la influenza, son las principales herramientas preventivas para&#8230;<\/p>\n","protected":false},"author":4,"featured_media":48059,"comment_status":"","ping_status":"open","sticky":false,"template":"","format":"standard","meta":{"footnotes":""},"categories":[92],"tags":[324],"jetpack_sharing_enabled":true,"featured_image_urls":{"full":["https:\/\/contextoanalisisperiodistico.com\/wp-content\/uploads\/2025\/11\/IMG-20251112-WA0083.jpg",960,851,false],"thumbnail":["https:\/\/contextoanalisisperiodistico.com\/wp-content\/uploads\/2025\/11\/IMG-20251112-WA0083-150x150.jpg",150,150,true],"medium":["https:\/\/contextoanalisisperiodistico.com\/wp-content\/uploads\/2025\/11\/IMG-20251112-WA0083-300x266.jpg",300,266,true],"medium_large":["https:\/\/contextoanalisisperiodistico.com\/wp-content\/uploads\/2025\/11\/IMG-20251112-WA0083-768x681.jpg",640,568,true],"large":["https:\/\/contextoanalisisperiodistico.com\/wp-content\/uploads\/2025\/11\/IMG-20251112-WA0083.jpg",640,567,false],"1536x1536":["https:\/\/contextoanalisisperiodistico.com\/wp-content\/uploads\/2025\/11\/IMG-20251112-WA0083.jpg",960,851,false],"2048x2048":["https:\/\/contextoanalisisperiodistico.com\/wp-content\/uploads\/2025\/11\/IMG-20251112-WA0083.jpg",960,851,false],"covernews-slider-full":["https:\/\/contextoanalisisperiodistico.com\/wp-content\/uploads\/2025\/11\/IMG-20251112-WA0083-960x715.jpg",960,715,true],"covernews-slider-center":["https:\/\/contextoanalisisperiodistico.com\/wp-content\/uploads\/2025\/11\/IMG-20251112-WA0083-800x500.jpg",800,500,true],"covernews-featured":["https:\/\/contextoanalisisperiodistico.com\/wp-content\/uploads\/2025\/11\/IMG-20251112-WA0083.jpg",960,851,false],"covernews-medium":["https:\/\/contextoanalisisperiodistico.com\/wp-content\/uploads\/2025\/11\/IMG-20251112-WA0083-540x340.jpg",540,340,true],"covernews-medium-square":["https:\/\/contextoanalisisperiodistico.com\/wp-content\/uploads\/2025\/11\/IMG-20251112-WA0083-400x250.jpg",400,250,true]},"author_info":{"display_name":"Mario Gir\u00f3n","author_link":"https:\/\/contextoanalisisperiodistico.com\/index.php\/author\/director\/"},"category_info":"<a href=\"https:\/\/contextoanalisisperiodistico.com\/index.php\/category\/salud\/\" rel=\"category tag\">Salud<\/a>","tag_info":"Salud","comment_count":"0","jetpack_featured_media_url":"https:\/\/contextoanalisisperiodistico.com\/wp-content\/uploads\/2025\/11\/IMG-20251112-WA0083.jpg","_links":{"self":[{"href":"https:\/\/contextoanalisisperiodistico.com\/index.php\/wp-json\/wp\/v2\/posts\/48062"}],"collection":[{"href":"https:\/\/contextoanalisisperiodistico.com\/index.php\/wp-json\/wp\/v2\/posts"}],"about":[{"href":"https:\/\/contextoanalisisperiodistico.com\/index.php\/wp-json\/wp\/v2\/types\/post"}],"author":[{"embeddable":true,"href":"https:\/\/contextoanalisisperiodistico.com\/index.php\/wp-json\/wp\/v2\/users\/4"}],"replies":[{"embeddable":true,"href":"https:\/\/contextoanalisisperiodistico.com\/index.php\/wp-json\/wp\/v2\/comments?post=48062"}],"version-history":[{"count":0,"href":"https:\/\/contextoanalisisperiodistico.com\/index.php\/wp-json\/wp\/v2\/posts\/48062\/revisions"}],"wp:featuredmedia":[{"embeddable":true,"href":"https:\/\/contextoanalisisperiodistico.com\/index.php\/wp-json\/wp\/v2\/media\/48059"}],"wp:attachment":[{"href":"https:\/\/contextoanalisisperiodistico.com\/index.php\/wp-json\/wp\/v2\/media?parent=48062"}],"wp:term":[{"taxonomy":"category","embeddable":true,"href":"https:\/\/contextoanalisisperiodistico.com\/index.php\/wp-json\/wp\/v2\/categories?post=48062"},{"taxonomy":"post_tag","embeddable":true,"href":"https:\/\/contextoanalisisperiodistico.com\/index.php\/wp-json\/wp\/v2\/tags?post=48062"}],"curies":[{"name":"wp","href":"https:\/\/api.w.org\/{rel}","templated":true}]}}