{"id":47006,"date":"2025-10-16T19:52:41","date_gmt":"2025-10-17T01:52:41","guid":{"rendered":"https:\/\/contextoanalisisperiodistico.com\/index.php\/2025\/10\/16\/invita-seculta-a-disfrutar-de-arca-espectaculo-callejero-con-musica-en-vivo-de-pasatono\/"},"modified":"2025-10-16T19:52:41","modified_gmt":"2025-10-17T01:52:41","slug":"invita-seculta-a-disfrutar-de-arca-espectaculo-callejero-con-musica-en-vivo-de-pasatono","status":"publish","type":"post","link":"https:\/\/contextoanalisisperiodistico.com\/index.php\/2025\/10\/16\/invita-seculta-a-disfrutar-de-arca-espectaculo-callejero-con-musica-en-vivo-de-pasatono\/","title":{"rendered":"Invita Seculta a disfrutar de ARCA, espect\u00e1culo callejero con m\u00fasica en vivo de Pasatono"},"content":{"rendered":"<div id=\"fb-root\"><\/div>\n\n<p>\u2022 Las presentaciones se llevar\u00e1n a cabo del 19 al 24 de noviembre y del 11 al 16 de diciembre en espacios p\u00fablicos de la capital del estado<\/p>\n\n\n\n<figure class=\"wp-block-image size-large\"><img fetchpriority=\"high\" decoding=\"async\" width=\"900\" height=\"600\" src=\"https:\/\/contextoanalisisperiodistico.com\/wp-content\/uploads\/2025\/10\/img-20251016-wa00942643493887190962646.jpg\" alt=\"\" class=\"wp-image-47005\" srcset=\"https:\/\/contextoanalisisperiodistico.com\/wp-content\/uploads\/2025\/10\/img-20251016-wa00942643493887190962646.jpg 900w, https:\/\/contextoanalisisperiodistico.com\/wp-content\/uploads\/2025\/10\/img-20251016-wa00942643493887190962646-300x200.jpg 300w, https:\/\/contextoanalisisperiodistico.com\/wp-content\/uploads\/2025\/10\/img-20251016-wa00942643493887190962646-768x512.jpg 768w\" sizes=\"(max-width: 900px) 100vw, 900px\" \/><\/figure>\n\n\n\n<figure class=\"wp-block-image\"><img decoding=\"async\" width=\"300\" height=\"200\" src=\"https:\/\/contextoanalisisperiodistico.com\/wp-content\/uploads\/2025\/10\/img-20251016-wa00922507842643158861376-300x200.jpg\" alt=\"\" class=\"wp-image-47004\" srcset=\"https:\/\/contextoanalisisperiodistico.com\/wp-content\/uploads\/2025\/10\/img-20251016-wa00922507842643158861376-300x200.jpg 300w, https:\/\/contextoanalisisperiodistico.com\/wp-content\/uploads\/2025\/10\/img-20251016-wa00922507842643158861376-768x512.jpg 768w, https:\/\/contextoanalisisperiodistico.com\/wp-content\/uploads\/2025\/10\/img-20251016-wa00922507842643158861376.jpg 900w\" sizes=\"(max-width: 300px) 100vw, 300px\" \/><\/figure>\n\n\n\n<p>Oaxaca de Ju\u00e1rez Oax. 16 de octubre de 2025.- La Secretar\u00eda de las Culturas y Artes (Seculta) en coordinaci\u00f3n con la compa\u00f1\u00eda \u201cIdiotas Teatro\u201d, invitan a la poblaci\u00f3n a disfrutar del espect\u00e1culo callejero ARCA, que recorrer\u00e1 espacios p\u00fablicos de la ciudad de Oaxaca durante los meses de noviembre y diciembre.<\/p>\n\n\n\n<p>El titular de la dependencia estatal, Flavio Sosa Villavicencio detall\u00f3 que esta obra llevar\u00e1 el arte esc\u00e9nico al encuentro con el transe\u00fante, toda vez que la labor de la Seculta es acompa\u00f1ar, impulsar y abrir espacios que reflejan la riqueza creativa de la entidad.<\/p>\n\n\n\n<p>Las presentaciones de ARCA se llevar\u00e1n a cabo del 19 al 24 de noviembre y del 11 al 16 de diciembre en espacios p\u00fablicos de la capital oaxaque\u00f1a; bajo la dramaturgia y direcci\u00f3n esc\u00e9nica de Fernando Reyes Reyes y Cristian David, con m\u00fasica original de Rub\u00e9n Luengas e interpretada en vivo por Pasatono Orquesta.<\/p>\n\n\n\n<p>Este espect\u00e1culo de creaci\u00f3n colectiva de Idiotas Teatro transforma el espacio urbano en un pasacalle on\u00edrico, donde se entrelazan el teatro f\u00edsico, m\u00e1scaras, objetos, escultura y m\u00fasica; en un di\u00e1logo profundo con la memoria colectiva y las comunidades.<br \/>-0-<\/p>\n","protected":false},"excerpt":{"rendered":"<p>\u2022 Las presentaciones se llevar\u00e1n a cabo del 19 al 24 de noviembre y del&#8230;<\/p>\n","protected":false},"author":4,"featured_media":47003,"comment_status":"","ping_status":"open","sticky":false,"template":"","format":"standard","meta":{"footnotes":""},"categories":[4],"tags":[335],"jetpack_sharing_enabled":true,"featured_image_urls":{"full":["https:\/\/contextoanalisisperiodistico.com\/wp-content\/uploads\/2025\/10\/IMG-20251016-WA0093.jpg",800,1200,false],"thumbnail":["https:\/\/contextoanalisisperiodistico.com\/wp-content\/uploads\/2025\/10\/IMG-20251016-WA0093-150x150.jpg",150,150,true],"medium":["https:\/\/contextoanalisisperiodistico.com\/wp-content\/uploads\/2025\/10\/IMG-20251016-WA0093-200x300.jpg",200,300,true],"medium_large":["https:\/\/contextoanalisisperiodistico.com\/wp-content\/uploads\/2025\/10\/IMG-20251016-WA0093-768x1152.jpg",640,960,true],"large":["https:\/\/contextoanalisisperiodistico.com\/wp-content\/uploads\/2025\/10\/IMG-20251016-WA0093-683x1024.jpg",640,960,true],"1536x1536":["https:\/\/contextoanalisisperiodistico.com\/wp-content\/uploads\/2025\/10\/IMG-20251016-WA0093.jpg",800,1200,false],"2048x2048":["https:\/\/contextoanalisisperiodistico.com\/wp-content\/uploads\/2025\/10\/IMG-20251016-WA0093.jpg",800,1200,false],"covernews-slider-full":["https:\/\/contextoanalisisperiodistico.com\/wp-content\/uploads\/2025\/10\/IMG-20251016-WA0093-800x715.jpg",800,715,true],"covernews-slider-center":["https:\/\/contextoanalisisperiodistico.com\/wp-content\/uploads\/2025\/10\/IMG-20251016-WA0093-800x500.jpg",800,500,true],"covernews-featured":["https:\/\/contextoanalisisperiodistico.com\/wp-content\/uploads\/2025\/10\/IMG-20251016-WA0093.jpg",800,1200,false],"covernews-medium":["https:\/\/contextoanalisisperiodistico.com\/wp-content\/uploads\/2025\/10\/IMG-20251016-WA0093-540x340.jpg",540,340,true],"covernews-medium-square":["https:\/\/contextoanalisisperiodistico.com\/wp-content\/uploads\/2025\/10\/IMG-20251016-WA0093-400x250.jpg",400,250,true]},"author_info":{"display_name":"Mario Gir\u00f3n","author_link":"https:\/\/contextoanalisisperiodistico.com\/index.php\/author\/director\/"},"category_info":"<a href=\"https:\/\/contextoanalisisperiodistico.com\/index.php\/category\/cultura\/\" rel=\"category tag\">Cultura<\/a>","tag_info":"Cultura","comment_count":"0","jetpack_featured_media_url":"https:\/\/contextoanalisisperiodistico.com\/wp-content\/uploads\/2025\/10\/IMG-20251016-WA0093.jpg","_links":{"self":[{"href":"https:\/\/contextoanalisisperiodistico.com\/index.php\/wp-json\/wp\/v2\/posts\/47006"}],"collection":[{"href":"https:\/\/contextoanalisisperiodistico.com\/index.php\/wp-json\/wp\/v2\/posts"}],"about":[{"href":"https:\/\/contextoanalisisperiodistico.com\/index.php\/wp-json\/wp\/v2\/types\/post"}],"author":[{"embeddable":true,"href":"https:\/\/contextoanalisisperiodistico.com\/index.php\/wp-json\/wp\/v2\/users\/4"}],"replies":[{"embeddable":true,"href":"https:\/\/contextoanalisisperiodistico.com\/index.php\/wp-json\/wp\/v2\/comments?post=47006"}],"version-history":[{"count":0,"href":"https:\/\/contextoanalisisperiodistico.com\/index.php\/wp-json\/wp\/v2\/posts\/47006\/revisions"}],"wp:featuredmedia":[{"embeddable":true,"href":"https:\/\/contextoanalisisperiodistico.com\/index.php\/wp-json\/wp\/v2\/media\/47003"}],"wp:attachment":[{"href":"https:\/\/contextoanalisisperiodistico.com\/index.php\/wp-json\/wp\/v2\/media?parent=47006"}],"wp:term":[{"taxonomy":"category","embeddable":true,"href":"https:\/\/contextoanalisisperiodistico.com\/index.php\/wp-json\/wp\/v2\/categories?post=47006"},{"taxonomy":"post_tag","embeddable":true,"href":"https:\/\/contextoanalisisperiodistico.com\/index.php\/wp-json\/wp\/v2\/tags?post=47006"}],"curies":[{"name":"wp","href":"https:\/\/api.w.org\/{rel}","templated":true}]}}