{"id":46898,"date":"2025-10-14T20:45:04","date_gmt":"2025-10-15T02:45:04","guid":{"rendered":"https:\/\/contextoanalisisperiodistico.com\/index.php\/2025\/10\/14\/abre-salomon-jara-oportunidades-de-trabajo-a-mas-de-mil-jovenes-con-entrega-de-tarjetas-de-mi-primera-chamba\/"},"modified":"2025-10-14T20:48:16","modified_gmt":"2025-10-15T02:48:16","slug":"abre-salomon-jara-oportunidades-de-trabajo-a-mas-de-mil-jovenes-con-entrega-de-tarjetas-de-mi-primera-chamba","status":"publish","type":"post","link":"https:\/\/contextoanalisisperiodistico.com\/index.php\/2025\/10\/14\/abre-salomon-jara-oportunidades-de-trabajo-a-mas-de-mil-jovenes-con-entrega-de-tarjetas-de-mi-primera-chamba\/","title":{"rendered":"Abre Salom\u00f3n Jara oportunidad de trabajo a m\u00e1s de mil j\u00f3venes con entrega de tarjeta Mi Primera Chamba"},"content":{"rendered":"<div id=\"fb-root\"><\/div>\n\n<p>\u2022 Desde el CCCO, el Gobernador de Oaxaca adelant\u00f3 que presentar\u00e1 una iniciativa de ley al Congreso del Estado para que el programa perdure en los siguientes sexenios<\/p>\n\n\n\n<figure class=\"wp-block-image size-large\"><img fetchpriority=\"high\" decoding=\"async\" width=\"1024\" height=\"682\" src=\"https:\/\/contextoanalisisperiodistico.com\/wp-content\/uploads\/2025\/10\/img-20251014-wa01562583682663157014138-1024x682.jpg\" alt=\"\" class=\"wp-image-46896\" srcset=\"https:\/\/contextoanalisisperiodistico.com\/wp-content\/uploads\/2025\/10\/img-20251014-wa01562583682663157014138-1024x682.jpg 1024w, https:\/\/contextoanalisisperiodistico.com\/wp-content\/uploads\/2025\/10\/img-20251014-wa01562583682663157014138-300x200.jpg 300w, https:\/\/contextoanalisisperiodistico.com\/wp-content\/uploads\/2025\/10\/img-20251014-wa01562583682663157014138-768x512.jpg 768w, https:\/\/contextoanalisisperiodistico.com\/wp-content\/uploads\/2025\/10\/img-20251014-wa01562583682663157014138.jpg 1280w\" sizes=\"(max-width: 1024px) 100vw, 1024px\" \/><\/figure>\n\n\n\n<figure class=\"wp-block-image\"><img decoding=\"async\" width=\"1024\" height=\"682\" src=\"https:\/\/contextoanalisisperiodistico.com\/wp-content\/uploads\/2025\/10\/img-20251014-wa01544077120146014549799-1024x682.jpg\" alt=\"\" class=\"wp-image-46893\" srcset=\"https:\/\/contextoanalisisperiodistico.com\/wp-content\/uploads\/2025\/10\/img-20251014-wa01544077120146014549799-1024x682.jpg 1024w, https:\/\/contextoanalisisperiodistico.com\/wp-content\/uploads\/2025\/10\/img-20251014-wa01544077120146014549799-300x200.jpg 300w, https:\/\/contextoanalisisperiodistico.com\/wp-content\/uploads\/2025\/10\/img-20251014-wa01544077120146014549799-768x512.jpg 768w, https:\/\/contextoanalisisperiodistico.com\/wp-content\/uploads\/2025\/10\/img-20251014-wa01544077120146014549799.jpg 1280w\" sizes=\"(max-width: 1024px) 100vw, 1024px\" \/><\/figure>\n\n\n\n<figure class=\"wp-block-image\"><img decoding=\"async\" width=\"1024\" height=\"682\" src=\"https:\/\/contextoanalisisperiodistico.com\/wp-content\/uploads\/2025\/10\/img-20251014-wa01576720670461422198463-1024x682.jpg\" alt=\"\" class=\"wp-image-46892\" srcset=\"https:\/\/contextoanalisisperiodistico.com\/wp-content\/uploads\/2025\/10\/img-20251014-wa01576720670461422198463-1024x682.jpg 1024w, https:\/\/contextoanalisisperiodistico.com\/wp-content\/uploads\/2025\/10\/img-20251014-wa01576720670461422198463-300x200.jpg 300w, https:\/\/contextoanalisisperiodistico.com\/wp-content\/uploads\/2025\/10\/img-20251014-wa01576720670461422198463-768x512.jpg 768w, https:\/\/contextoanalisisperiodistico.com\/wp-content\/uploads\/2025\/10\/img-20251014-wa01576720670461422198463.jpg 1280w\" sizes=\"(max-width: 1024px) 100vw, 1024px\" \/><\/figure>\n\n\n\n<figure class=\"wp-block-image\"><img loading=\"lazy\" decoding=\"async\" width=\"1024\" height=\"682\" src=\"https:\/\/contextoanalisisperiodistico.com\/wp-content\/uploads\/2025\/10\/img-20251014-wa01593443269496121578046-1024x682.jpg\" alt=\"\" class=\"wp-image-46894\" srcset=\"https:\/\/contextoanalisisperiodistico.com\/wp-content\/uploads\/2025\/10\/img-20251014-wa01593443269496121578046-1024x682.jpg 1024w, https:\/\/contextoanalisisperiodistico.com\/wp-content\/uploads\/2025\/10\/img-20251014-wa01593443269496121578046-300x200.jpg 300w, https:\/\/contextoanalisisperiodistico.com\/wp-content\/uploads\/2025\/10\/img-20251014-wa01593443269496121578046-768x512.jpg 768w, https:\/\/contextoanalisisperiodistico.com\/wp-content\/uploads\/2025\/10\/img-20251014-wa01593443269496121578046.jpg 1147w\" sizes=\"(max-width: 1024px) 100vw, 1024px\" \/><\/figure>\n\n\n\n<figure class=\"wp-block-image\"><img loading=\"lazy\" decoding=\"async\" width=\"1024\" height=\"682\" src=\"https:\/\/contextoanalisisperiodistico.com\/wp-content\/uploads\/2025\/10\/img-20251014-wa01558669656641575376330-1024x682.jpg\" alt=\"\" class=\"wp-image-46895\" srcset=\"https:\/\/contextoanalisisperiodistico.com\/wp-content\/uploads\/2025\/10\/img-20251014-wa01558669656641575376330-1024x682.jpg 1024w, https:\/\/contextoanalisisperiodistico.com\/wp-content\/uploads\/2025\/10\/img-20251014-wa01558669656641575376330-300x200.jpg 300w, https:\/\/contextoanalisisperiodistico.com\/wp-content\/uploads\/2025\/10\/img-20251014-wa01558669656641575376330-768x512.jpg 768w, https:\/\/contextoanalisisperiodistico.com\/wp-content\/uploads\/2025\/10\/img-20251014-wa01558669656641575376330.jpg 1280w\" sizes=\"(max-width: 1024px) 100vw, 1024px\" \/><\/figure>\n\n\n\n<figure class=\"wp-block-image\"><img loading=\"lazy\" decoding=\"async\" width=\"1024\" height=\"682\" src=\"https:\/\/contextoanalisisperiodistico.com\/wp-content\/uploads\/2025\/10\/img-20251014-wa01587726605422197010119-1024x682.jpg\" alt=\"\" class=\"wp-image-46897\" srcset=\"https:\/\/contextoanalisisperiodistico.com\/wp-content\/uploads\/2025\/10\/img-20251014-wa01587726605422197010119-1024x682.jpg 1024w, https:\/\/contextoanalisisperiodistico.com\/wp-content\/uploads\/2025\/10\/img-20251014-wa01587726605422197010119-300x200.jpg 300w, https:\/\/contextoanalisisperiodistico.com\/wp-content\/uploads\/2025\/10\/img-20251014-wa01587726605422197010119-768x512.jpg 768w, https:\/\/contextoanalisisperiodistico.com\/wp-content\/uploads\/2025\/10\/img-20251014-wa01587726605422197010119.jpg 1280w\" sizes=\"(max-width: 1024px) 100vw, 1024px\" \/><\/figure>\n\n\n\n<p>Santa Luc\u00eda del Camino, Oax. 14 de octubre de 2025.- El programa de Mi Primera Chamba, Experiencia que Transforma tu Futuro lleg\u00f3 para quedarse y, como prueba de ello, el Gobernador Salom\u00f3n Jara Cruz entreg\u00f3 este martes mil 55 tarjetas a igual n\u00famero de j\u00f3venes, quienes acceden al mercado laboral en las ocho regiones de Oaxaca.<\/p>\n\n\n\n<p>Durante el acto efectuado en el Centro Cultural y de Convenciones de Oaxaca (CCCO), el Mandatario estatal adelant\u00f3 que, pr\u00f3ximamente, presentar\u00e1 una iniciativa de ley al Congreso del Estado para que este proyecto creado en la Primavera Oaxaque\u00f1a perdure en los siguientes sexenios.<\/p>\n\n\n\n<p>\u201cEstamos aqu\u00ed para dar resultados y emprender acciones incluyentes e integrales que permitan que la juventud cumpla el papel hist\u00f3rico que tiene, como agentes de transformaci\u00f3n\u201d, afirm\u00f3 junto a la Presidenta Honoraria del Sistema DIF Oaxaca, Irma Bola\u00f1os Quijano.<\/p>\n\n\n\n<p>Jara Cruz mencion\u00f3 que, con la estrategia estatal, implementada mediante la Secretar\u00eda de Bienestar Tequio e Inclusi\u00f3n (Sebienti), se salvaguarda el derecho al trabajo de las y los reci\u00e9n egresados de nivel superior, quienes ahora se insertan con \u00e9xito en la actividad productiva.<\/p>\n\n\n\n<p>Mediante este programa \u00fanico en el pa\u00eds, miles de mujeres y hombres que concluyen su preparaci\u00f3n universitaria inician, de inmediato, su formaci\u00f3n en el \u00e1mbito laboral durante 1 a\u00f1o, en el cual reciben un incentivo econ\u00f3mico de 8 mil 364 pesos mensuales.<\/p>\n\n\n\n<p>La titular de la Sebienti, Vilma Mart\u00ednez Cort\u00e9s refiri\u00f3 que esta entrega de tarjetas representa una nueva historia que se abre hacia el mundo laboral con dignidad y acompa\u00f1amiento, porque cuando las juventudes avanzan, Oaxaca florece.<\/p>\n\n\n\n<p>\u201cHemos asumido el compromiso de construir un estado en donde nadie se queda atr\u00e1s, porque las y los j\u00f3venes fueron ignorados y relegados; hoy son el presente y la fuerza viva que impulsa este nuevo tiempo para Oaxaca\u201d, declar\u00f3.<\/p>\n\n\n\n<p>A nombre de las y los beneficiarios, Guillermo Leyva Casta\u00f1\u00f3n originario de la regi\u00f3n Valles Centrales expres\u00f3 que el programa transform\u00f3 su vida al adquirir m\u00e1s conocimientos en su \u00e1rea de formaci\u00f3n profesional, lo que ha aumentado su confianza. \u201cMi Primera Chamba nos motiva y muestra que hay oportunidades para salir adelante, sin tener que irnos lejos\u201d, dijo.<\/p>\n\n\n\n<p>-0-<\/p>\n","protected":false},"excerpt":{"rendered":"<p>\u2022 Desde el CCCO, el Gobernador de Oaxaca adelant\u00f3 que presentar\u00e1 una iniciativa de ley&#8230;<\/p>\n","protected":false},"author":4,"featured_media":46891,"comment_status":"closed","ping_status":"open","sticky":false,"template":"","format":"standard","meta":{"footnotes":""},"categories":[9],"tags":[335],"jetpack_sharing_enabled":true,"featured_image_urls":{"full":["https:\/\/contextoanalisisperiodistico.com\/wp-content\/uploads\/2025\/10\/IMG-20251014-WA0160.jpg",1280,853,false],"thumbnail":["https:\/\/contextoanalisisperiodistico.com\/wp-content\/uploads\/2025\/10\/IMG-20251014-WA0160-150x150.jpg",150,150,true],"medium":["https:\/\/contextoanalisisperiodistico.com\/wp-content\/uploads\/2025\/10\/IMG-20251014-WA0160-300x200.jpg",300,200,true],"medium_large":["https:\/\/contextoanalisisperiodistico.com\/wp-content\/uploads\/2025\/10\/IMG-20251014-WA0160-768x512.jpg",640,427,true],"large":["https:\/\/contextoanalisisperiodistico.com\/wp-content\/uploads\/2025\/10\/IMG-20251014-WA0160-1024x682.jpg",640,426,true],"1536x1536":["https:\/\/contextoanalisisperiodistico.com\/wp-content\/uploads\/2025\/10\/IMG-20251014-WA0160.jpg",1280,853,false],"2048x2048":["https:\/\/contextoanalisisperiodistico.com\/wp-content\/uploads\/2025\/10\/IMG-20251014-WA0160.jpg",1280,853,false],"covernews-slider-full":["https:\/\/contextoanalisisperiodistico.com\/wp-content\/uploads\/2025\/10\/IMG-20251014-WA0160-1115x715.jpg",1115,715,true],"covernews-slider-center":["https:\/\/contextoanalisisperiodistico.com\/wp-content\/uploads\/2025\/10\/IMG-20251014-WA0160-800x500.jpg",800,500,true],"covernews-featured":["https:\/\/contextoanalisisperiodistico.com\/wp-content\/uploads\/2025\/10\/IMG-20251014-WA0160-1024x682.jpg",1024,682,true],"covernews-medium":["https:\/\/contextoanalisisperiodistico.com\/wp-content\/uploads\/2025\/10\/IMG-20251014-WA0160-540x340.jpg",540,340,true],"covernews-medium-square":["https:\/\/contextoanalisisperiodistico.com\/wp-content\/uploads\/2025\/10\/IMG-20251014-WA0160-400x250.jpg",400,250,true]},"author_info":{"display_name":"Mario Gir\u00f3n","author_link":"https:\/\/contextoanalisisperiodistico.com\/index.php\/author\/director\/"},"category_info":"<a href=\"https:\/\/contextoanalisisperiodistico.com\/index.php\/category\/politica\/\" rel=\"category tag\">Pol\u00edtica<\/a>","tag_info":"Pol\u00edtica","comment_count":"0","jetpack_featured_media_url":"https:\/\/contextoanalisisperiodistico.com\/wp-content\/uploads\/2025\/10\/IMG-20251014-WA0160.jpg","_links":{"self":[{"href":"https:\/\/contextoanalisisperiodistico.com\/index.php\/wp-json\/wp\/v2\/posts\/46898"}],"collection":[{"href":"https:\/\/contextoanalisisperiodistico.com\/index.php\/wp-json\/wp\/v2\/posts"}],"about":[{"href":"https:\/\/contextoanalisisperiodistico.com\/index.php\/wp-json\/wp\/v2\/types\/post"}],"author":[{"embeddable":true,"href":"https:\/\/contextoanalisisperiodistico.com\/index.php\/wp-json\/wp\/v2\/users\/4"}],"replies":[{"embeddable":true,"href":"https:\/\/contextoanalisisperiodistico.com\/index.php\/wp-json\/wp\/v2\/comments?post=46898"}],"version-history":[{"count":2,"href":"https:\/\/contextoanalisisperiodistico.com\/index.php\/wp-json\/wp\/v2\/posts\/46898\/revisions"}],"predecessor-version":[{"id":46900,"href":"https:\/\/contextoanalisisperiodistico.com\/index.php\/wp-json\/wp\/v2\/posts\/46898\/revisions\/46900"}],"wp:featuredmedia":[{"embeddable":true,"href":"https:\/\/contextoanalisisperiodistico.com\/index.php\/wp-json\/wp\/v2\/media\/46891"}],"wp:attachment":[{"href":"https:\/\/contextoanalisisperiodistico.com\/index.php\/wp-json\/wp\/v2\/media?parent=46898"}],"wp:term":[{"taxonomy":"category","embeddable":true,"href":"https:\/\/contextoanalisisperiodistico.com\/index.php\/wp-json\/wp\/v2\/categories?post=46898"},{"taxonomy":"post_tag","embeddable":true,"href":"https:\/\/contextoanalisisperiodistico.com\/index.php\/wp-json\/wp\/v2\/tags?post=46898"}],"curies":[{"name":"wp","href":"https:\/\/api.w.org\/{rel}","templated":true}]}}