{"id":46887,"date":"2025-10-14T17:36:33","date_gmt":"2025-10-14T23:36:33","guid":{"rendered":"https:\/\/contextoanalisisperiodistico.com\/index.php\/2025\/10\/14\/oaxaca-de-juarez-recibe-reconocimiento-por-su-compromiso-con-la-transparencia\/"},"modified":"2025-10-14T17:36:33","modified_gmt":"2025-10-14T23:36:33","slug":"oaxaca-de-juarez-recibe-reconocimiento-por-su-compromiso-con-la-transparencia","status":"publish","type":"post","link":"https:\/\/contextoanalisisperiodistico.com\/index.php\/2025\/10\/14\/oaxaca-de-juarez-recibe-reconocimiento-por-su-compromiso-con-la-transparencia\/","title":{"rendered":"Oaxaca de Ju\u00e1rez recibe reconocimiento por su compromiso con la transparencia"},"content":{"rendered":"<div id=\"fb-root\"><\/div>\n\n<ul class=\"wp-block-list\">\n<li>OGAIPO distingue al Ayuntamiento capitalino por cumplir al 100% con sus obligaciones de informaci\u00f3n p\u00fablica y formar parte del Cat\u00e1logo 2025 de Informaci\u00f3n de Inter\u00e9s P\u00fablico<\/li>\n<\/ul>\n\n\n\n<p>Oaxaca de Ju\u00e1rez, Oax., 14 de octubre de 2025.\u2013 El \u00d3rgano Garante de Acceso a la Informaci\u00f3n P\u00fablica, Transparencia, Protecci\u00f3n de Datos Personales y Buen Gobierno del Estado de Oaxaca (OGAIPO) otorg\u00f3 al Honorable Ayuntamiento de Oaxaca de Ju\u00e1rez que preside Ray Chagoya un doble reconocimiento por su destacada labor en materia de transparencia y rendici\u00f3n de cuentas.<\/p>\n\n\n\n<p>El Comisionado Presidente del OGAIPO, Josu\u00e9 Solana Salmor\u00e1n, y la Comisionada Claudia Ivette Soto Pineda entregaron al Municipio la Constancia por haber obtenido el 100% en cumplimiento derivado del Programa Anual de Verificaci\u00f3n al Cumplimiento de las Obligaciones de Transparencia 2024, as\u00ed como el Reconocimiento por formar parte de los Sujetos Obligados que conforman el Cat\u00e1logo 2025 de Informaci\u00f3n de Inter\u00e9s P\u00fablico.<\/p>\n\n\n\n<p>Ambos correspondientes al ejercicio 2024, al haber cumplido con los criterios establecidos para la dictaminaci\u00f3n de informaci\u00f3n sobresaliente o que genera beneficios directos a la ciudadan\u00eda.<\/p>\n\n\n\n<p>Durante la entrega, se destac\u00f3 la disposici\u00f3n del Ayuntamiento capitalino para fortalecer las buenas pr\u00e1cticas de gobierno abierto, al publicar informaci\u00f3n de utilidad p\u00fablica como las rutas de recolecci\u00f3n de residuos, tr\u00e1mites, servicios, facilitando la informaci\u00f3n mediante sus portales oficiales y la Plataforma Nacional de Transparencia.<\/p>\n\n\n\n<p>El comisionado presidente reconoci\u00f3 el trabajo de las \u00e1reas administrativas y de la Unidad de Transparencia del Ayuntamiento, as\u00ed como la coordinaci\u00f3n permanente con el \u00f3rgano garante estatal, subrayando que Oaxaca de Ju\u00e1rez se distingue por promover una transparencia proactiva que impulsa la confianza ciudadana y la rendici\u00f3n de cuentas.<\/p>\n\n\n\n<p>Con estas distinciones, el H. Ayuntamiento de Oaxaca de Ju\u00e1rez reafirma su compromiso con la honestidad, la apertura institucional y la transparencia como pilares de un buen gobierno, cercano a las y los oaxaque\u00f1os.<\/p>\n\n\n\n<figure class=\"wp-block-image size-large\"><img fetchpriority=\"high\" decoding=\"async\" width=\"853\" height=\"569\" src=\"https:\/\/contextoanalisisperiodistico.com\/wp-content\/uploads\/2025\/10\/img-20251014-wa01333564237262886113762.jpg\" alt=\"\" class=\"wp-image-46885\" srcset=\"https:\/\/contextoanalisisperiodistico.com\/wp-content\/uploads\/2025\/10\/img-20251014-wa01333564237262886113762.jpg 853w, https:\/\/contextoanalisisperiodistico.com\/wp-content\/uploads\/2025\/10\/img-20251014-wa01333564237262886113762-300x200.jpg 300w, https:\/\/contextoanalisisperiodistico.com\/wp-content\/uploads\/2025\/10\/img-20251014-wa01333564237262886113762-768x512.jpg 768w\" sizes=\"(max-width: 853px) 100vw, 853px\" \/><\/figure>\n\n\n\n<figure class=\"wp-block-image\"><img decoding=\"async\" width=\"300\" height=\"201\" src=\"https:\/\/contextoanalisisperiodistico.com\/wp-content\/uploads\/2025\/10\/img-20251014-wa01326290013126206310665-300x201.jpg\" alt=\"\" class=\"wp-image-46886\" srcset=\"https:\/\/contextoanalisisperiodistico.com\/wp-content\/uploads\/2025\/10\/img-20251014-wa01326290013126206310665-300x201.jpg 300w, https:\/\/contextoanalisisperiodistico.com\/wp-content\/uploads\/2025\/10\/img-20251014-wa01326290013126206310665-768x514.jpg 768w, https:\/\/contextoanalisisperiodistico.com\/wp-content\/uploads\/2025\/10\/img-20251014-wa01326290013126206310665.jpg 856w\" sizes=\"(max-width: 300px) 100vw, 300px\" \/><\/figure>\n","protected":false},"excerpt":{"rendered":"<p>Oaxaca de Ju\u00e1rez, Oax., 14 de octubre de 2025.\u2013 El \u00d3rgano Garante de Acceso a&#8230;<\/p>\n","protected":false},"author":4,"featured_media":46884,"comment_status":"","ping_status":"open","sticky":false,"template":"","format":"standard","meta":{"footnotes":""},"categories":[9],"tags":[335,340,178],"jetpack_sharing_enabled":true,"featured_image_urls":{"full":["https:\/\/contextoanalisisperiodistico.com\/wp-content\/uploads\/2025\/10\/IMG-20251014-WA0131.jpg",856,573,false],"thumbnail":["https:\/\/contextoanalisisperiodistico.com\/wp-content\/uploads\/2025\/10\/IMG-20251014-WA0131-150x150.jpg",150,150,true],"medium":["https:\/\/contextoanalisisperiodistico.com\/wp-content\/uploads\/2025\/10\/IMG-20251014-WA0131-300x201.jpg",300,201,true],"medium_large":["https:\/\/contextoanalisisperiodistico.com\/wp-content\/uploads\/2025\/10\/IMG-20251014-WA0131-768x514.jpg",640,428,true],"large":["https:\/\/contextoanalisisperiodistico.com\/wp-content\/uploads\/2025\/10\/IMG-20251014-WA0131.jpg",640,428,false],"1536x1536":["https:\/\/contextoanalisisperiodistico.com\/wp-content\/uploads\/2025\/10\/IMG-20251014-WA0131.jpg",856,573,false],"2048x2048":["https:\/\/contextoanalisisperiodistico.com\/wp-content\/uploads\/2025\/10\/IMG-20251014-WA0131.jpg",856,573,false],"covernews-slider-full":["https:\/\/contextoanalisisperiodistico.com\/wp-content\/uploads\/2025\/10\/IMG-20251014-WA0131.jpg",856,573,false],"covernews-slider-center":["https:\/\/contextoanalisisperiodistico.com\/wp-content\/uploads\/2025\/10\/IMG-20251014-WA0131-800x500.jpg",800,500,true],"covernews-featured":["https:\/\/contextoanalisisperiodistico.com\/wp-content\/uploads\/2025\/10\/IMG-20251014-WA0131.jpg",856,573,false],"covernews-medium":["https:\/\/contextoanalisisperiodistico.com\/wp-content\/uploads\/2025\/10\/IMG-20251014-WA0131-540x340.jpg",540,340,true],"covernews-medium-square":["https:\/\/contextoanalisisperiodistico.com\/wp-content\/uploads\/2025\/10\/IMG-20251014-WA0131-400x250.jpg",400,250,true]},"author_info":{"display_name":"Mario Gir\u00f3n","author_link":"https:\/\/contextoanalisisperiodistico.com\/index.php\/author\/director\/"},"category_info":"<a href=\"https:\/\/contextoanalisisperiodistico.com\/index.php\/category\/politica\/\" rel=\"category tag\">Pol\u00edtica<\/a>","tag_info":"Pol\u00edtica","comment_count":"0","jetpack_featured_media_url":"https:\/\/contextoanalisisperiodistico.com\/wp-content\/uploads\/2025\/10\/IMG-20251014-WA0131.jpg","_links":{"self":[{"href":"https:\/\/contextoanalisisperiodistico.com\/index.php\/wp-json\/wp\/v2\/posts\/46887"}],"collection":[{"href":"https:\/\/contextoanalisisperiodistico.com\/index.php\/wp-json\/wp\/v2\/posts"}],"about":[{"href":"https:\/\/contextoanalisisperiodistico.com\/index.php\/wp-json\/wp\/v2\/types\/post"}],"author":[{"embeddable":true,"href":"https:\/\/contextoanalisisperiodistico.com\/index.php\/wp-json\/wp\/v2\/users\/4"}],"replies":[{"embeddable":true,"href":"https:\/\/contextoanalisisperiodistico.com\/index.php\/wp-json\/wp\/v2\/comments?post=46887"}],"version-history":[{"count":0,"href":"https:\/\/contextoanalisisperiodistico.com\/index.php\/wp-json\/wp\/v2\/posts\/46887\/revisions"}],"wp:featuredmedia":[{"embeddable":true,"href":"https:\/\/contextoanalisisperiodistico.com\/index.php\/wp-json\/wp\/v2\/media\/46884"}],"wp:attachment":[{"href":"https:\/\/contextoanalisisperiodistico.com\/index.php\/wp-json\/wp\/v2\/media?parent=46887"}],"wp:term":[{"taxonomy":"category","embeddable":true,"href":"https:\/\/contextoanalisisperiodistico.com\/index.php\/wp-json\/wp\/v2\/categories?post=46887"},{"taxonomy":"post_tag","embeddable":true,"href":"https:\/\/contextoanalisisperiodistico.com\/index.php\/wp-json\/wp\/v2\/tags?post=46887"}],"curies":[{"name":"wp","href":"https:\/\/api.w.org\/{rel}","templated":true}]}}