{"id":46881,"date":"2025-10-14T15:35:11","date_gmt":"2025-10-14T21:35:11","guid":{"rendered":"https:\/\/contextoanalisisperiodistico.com\/index.php\/2025\/10\/14\/policia-municipal-detiene-a-cinco-personas-por-el-presunto-delito-de-amenazas\/"},"modified":"2025-10-14T15:35:11","modified_gmt":"2025-10-14T21:35:11","slug":"policia-municipal-detiene-a-cinco-personas-por-el-presunto-delito-de-amenazas","status":"publish","type":"post","link":"https:\/\/contextoanalisisperiodistico.com\/index.php\/2025\/10\/14\/policia-municipal-detiene-a-cinco-personas-por-el-presunto-delito-de-amenazas\/","title":{"rendered":"Polic\u00eda Municipal detiene a cinco personas por el presunto delito de amenazas"},"content":{"rendered":"<div id=\"fb-root\"><\/div>\n\n<p>Oaxaca de Ju\u00e1rez, Oax., 14 de octubre de 2025.- Personal de la Secretar\u00eda de Seguridad Vecinal efectu\u00f3 la detenci\u00f3n de cinco personas, al ser se\u00f1aladas como presuntas responsables del delito de amenazas.<\/p>\n\n\n\n<p>La intervenci\u00f3n de elementos de la Direcci\u00f3n de Proximidad Social ocurri\u00f3 el lunes a las 13:55 horas, luego que una vecina de la agencia de San Mart\u00edn Mexic\u00e1pam solicit\u00f3 apoyo al C-4 al indicar que un grupo de personas la desalojaba de su local de venta de comida ubicado en calle Mixc\u00f3atl y avenida Montoya, de dicha agencia.<\/p>\n\n\n\n<p>Al presentarse al lugar, los elementos contactaron con una mujer de 60 a\u00f1os de edad, quien se\u00f1al\u00f3 a cuatro hombres y una mujer que se hallaban al interior de su establecimiento, como quienes momentos antes la hab\u00edan agredido verbalmente, as\u00ed como le lanzaron diversas amenazas.<\/p>\n\n\n\n<p>La ofendida dijo que hace unos d\u00edas pidi\u00f3 un pr\u00e9stamo de dinero en efectivo y al atrasarse con un pago, los sujetos llegaron de manera violenta para agredirla, al mismo tiempo que sacaron varias cosas de su local para lanzarlas a la calle.<\/p>\n\n\n\n<p>Ante el se\u00f1alamiento directo, procedieron a la detenci\u00f3n de quienes dijeron llamarse \u00d3scar F. P. L., de 52 a\u00f1os de edad; Ricardo C. L., de 41 a\u00f1os; Josu\u00e9 S. L., de 38 a\u00f1os; Patricia J. R. G., de 29 a\u00f1os y Sergio G. M., de 31 a\u00f1os de edad.<\/p>\n\n\n\n<p>Las cinco personas detenidas quedaron a disposici\u00f3n de la Fiscal\u00eda estatal para determinar su situaci\u00f3n jur\u00eddica.<\/p>\n\n\n\n<p>Con estas acciones, la Secretar\u00eda de Seguridad Vecinal garantiza la integridad de las vecinas y vecinos de Oaxaca de Ju\u00e1rez.<\/p>\n\n\n\n<figure class=\"wp-block-image size-large\"><img fetchpriority=\"high\" decoding=\"async\" width=\"468\" height=\"584\" src=\"https:\/\/contextoanalisisperiodistico.com\/wp-content\/uploads\/2025\/10\/img-20251014-wa00898243388527695721575.jpg\" alt=\"\" class=\"wp-image-46878\" srcset=\"https:\/\/contextoanalisisperiodistico.com\/wp-content\/uploads\/2025\/10\/img-20251014-wa00898243388527695721575.jpg 468w, https:\/\/contextoanalisisperiodistico.com\/wp-content\/uploads\/2025\/10\/img-20251014-wa00898243388527695721575-240x300.jpg 240w\" sizes=\"(max-width: 468px) 100vw, 468px\" \/><\/figure>\n\n\n\n<figure class=\"wp-block-image\"><img decoding=\"async\" width=\"280\" height=\"300\" src=\"https:\/\/contextoanalisisperiodistico.com\/wp-content\/uploads\/2025\/10\/img-20251014-wa00927408324311426880814-280x300.jpg\" alt=\"\" class=\"wp-image-46877\" srcset=\"https:\/\/contextoanalisisperiodistico.com\/wp-content\/uploads\/2025\/10\/img-20251014-wa00927408324311426880814-280x300.jpg 280w, https:\/\/contextoanalisisperiodistico.com\/wp-content\/uploads\/2025\/10\/img-20251014-wa00927408324311426880814.jpg 440w\" sizes=\"(max-width: 280px) 100vw, 280px\" \/><\/figure>\n\n\n\n<figure class=\"wp-block-image\"><img decoding=\"async\" width=\"232\" height=\"300\" src=\"https:\/\/contextoanalisisperiodistico.com\/wp-content\/uploads\/2025\/10\/img-20251014-wa00914823831348830199584-232x300.jpg\" alt=\"\" class=\"wp-image-46880\" srcset=\"https:\/\/contextoanalisisperiodistico.com\/wp-content\/uploads\/2025\/10\/img-20251014-wa00914823831348830199584-232x300.jpg 232w, https:\/\/contextoanalisisperiodistico.com\/wp-content\/uploads\/2025\/10\/img-20251014-wa00914823831348830199584.jpg 467w\" sizes=\"(max-width: 232px) 100vw, 232px\" \/><\/figure>\n\n\n\n<figure class=\"wp-block-image\"><img loading=\"lazy\" decoding=\"async\" width=\"270\" height=\"300\" src=\"https:\/\/contextoanalisisperiodistico.com\/wp-content\/uploads\/2025\/10\/img-20251014-wa00937653542100312771740-270x300.jpg\" alt=\"\" class=\"wp-image-46879\" srcset=\"https:\/\/contextoanalisisperiodistico.com\/wp-content\/uploads\/2025\/10\/img-20251014-wa00937653542100312771740-270x300.jpg 270w, https:\/\/contextoanalisisperiodistico.com\/wp-content\/uploads\/2025\/10\/img-20251014-wa00937653542100312771740.jpg 430w\" sizes=\"(max-width: 270px) 100vw, 270px\" \/><\/figure>\n","protected":false},"excerpt":{"rendered":"<p>Oaxaca de Ju\u00e1rez, Oax., 14 de octubre de 2025.- Personal de la Secretar\u00eda de Seguridad&#8230;<\/p>\n","protected":false},"author":4,"featured_media":46876,"comment_status":"","ping_status":"open","sticky":false,"template":"","format":"standard","meta":{"footnotes":""},"categories":[10],"tags":[335],"jetpack_sharing_enabled":true,"featured_image_urls":{"full":["https:\/\/contextoanalisisperiodistico.com\/wp-content\/uploads\/2025\/10\/IMG-20251014-WA0090.jpg",487,601,false],"thumbnail":["https:\/\/contextoanalisisperiodistico.com\/wp-content\/uploads\/2025\/10\/IMG-20251014-WA0090-150x150.jpg",150,150,true],"medium":["https:\/\/contextoanalisisperiodistico.com\/wp-content\/uploads\/2025\/10\/IMG-20251014-WA0090-243x300.jpg",243,300,true],"medium_large":["https:\/\/contextoanalisisperiodistico.com\/wp-content\/uploads\/2025\/10\/IMG-20251014-WA0090.jpg",487,601,false],"large":["https:\/\/contextoanalisisperiodistico.com\/wp-content\/uploads\/2025\/10\/IMG-20251014-WA0090.jpg",487,601,false],"1536x1536":["https:\/\/contextoanalisisperiodistico.com\/wp-content\/uploads\/2025\/10\/IMG-20251014-WA0090.jpg",487,601,false],"2048x2048":["https:\/\/contextoanalisisperiodistico.com\/wp-content\/uploads\/2025\/10\/IMG-20251014-WA0090.jpg",487,601,false],"covernews-slider-full":["https:\/\/contextoanalisisperiodistico.com\/wp-content\/uploads\/2025\/10\/IMG-20251014-WA0090.jpg",487,601,false],"covernews-slider-center":["https:\/\/contextoanalisisperiodistico.com\/wp-content\/uploads\/2025\/10\/IMG-20251014-WA0090-487x500.jpg",487,500,true],"covernews-featured":["https:\/\/contextoanalisisperiodistico.com\/wp-content\/uploads\/2025\/10\/IMG-20251014-WA0090.jpg",487,601,false],"covernews-medium":["https:\/\/contextoanalisisperiodistico.com\/wp-content\/uploads\/2025\/10\/IMG-20251014-WA0090-487x340.jpg",487,340,true],"covernews-medium-square":["https:\/\/contextoanalisisperiodistico.com\/wp-content\/uploads\/2025\/10\/IMG-20251014-WA0090-400x250.jpg",400,250,true]},"author_info":{"display_name":"Mario Gir\u00f3n","author_link":"https:\/\/contextoanalisisperiodistico.com\/index.php\/author\/director\/"},"category_info":"<a href=\"https:\/\/contextoanalisisperiodistico.com\/index.php\/category\/seguridad\/\" rel=\"category tag\">Seguridad<\/a>","tag_info":"Seguridad","comment_count":"0","jetpack_featured_media_url":"https:\/\/contextoanalisisperiodistico.com\/wp-content\/uploads\/2025\/10\/IMG-20251014-WA0090.jpg","_links":{"self":[{"href":"https:\/\/contextoanalisisperiodistico.com\/index.php\/wp-json\/wp\/v2\/posts\/46881"}],"collection":[{"href":"https:\/\/contextoanalisisperiodistico.com\/index.php\/wp-json\/wp\/v2\/posts"}],"about":[{"href":"https:\/\/contextoanalisisperiodistico.com\/index.php\/wp-json\/wp\/v2\/types\/post"}],"author":[{"embeddable":true,"href":"https:\/\/contextoanalisisperiodistico.com\/index.php\/wp-json\/wp\/v2\/users\/4"}],"replies":[{"embeddable":true,"href":"https:\/\/contextoanalisisperiodistico.com\/index.php\/wp-json\/wp\/v2\/comments?post=46881"}],"version-history":[{"count":0,"href":"https:\/\/contextoanalisisperiodistico.com\/index.php\/wp-json\/wp\/v2\/posts\/46881\/revisions"}],"wp:featuredmedia":[{"embeddable":true,"href":"https:\/\/contextoanalisisperiodistico.com\/index.php\/wp-json\/wp\/v2\/media\/46876"}],"wp:attachment":[{"href":"https:\/\/contextoanalisisperiodistico.com\/index.php\/wp-json\/wp\/v2\/media?parent=46881"}],"wp:term":[{"taxonomy":"category","embeddable":true,"href":"https:\/\/contextoanalisisperiodistico.com\/index.php\/wp-json\/wp\/v2\/categories?post=46881"},{"taxonomy":"post_tag","embeddable":true,"href":"https:\/\/contextoanalisisperiodistico.com\/index.php\/wp-json\/wp\/v2\/tags?post=46881"}],"curies":[{"name":"wp","href":"https:\/\/api.w.org\/{rel}","templated":true}]}}