{"id":46855,"date":"2025-10-14T13:02:53","date_gmt":"2025-10-14T19:02:53","guid":{"rendered":"https:\/\/contextoanalisisperiodistico.com\/index.php\/2025\/10\/14\/continua-cabien-con-retiro-de-derrumbes-y-desazolve-en-la-carretera-san-lucas-cerro-del-vidrio-rio-grande\/"},"modified":"2025-10-14T13:09:06","modified_gmt":"2025-10-14T19:09:06","slug":"continua-cabien-con-retiro-de-derrumbes-y-desazolve-en-la-carretera-san-lucas-cerro-del-vidrio-rio-grande","status":"publish","type":"post","link":"https:\/\/contextoanalisisperiodistico.com\/index.php\/2025\/10\/14\/continua-cabien-con-retiro-de-derrumbes-y-desazolve-en-la-carretera-san-lucas-cerro-del-vidrio-rio-grande\/","title":{"rendered":"Contin\u00faa Cabien con retiro de derrumbes y desazolve en la carretera San Lucas Cerro del Vidrio \u2013 R\u00edo Grande"},"content":{"rendered":"<div id=\"fb-root\"><\/div>\n\n<p>\u2022 En coordinaci\u00f3n con los municipios y comunidades se garantizan caminos seguros y funcionales en beneficio de la poblaci\u00f3n<\/p>\n\n\n\n<p>Santa Catarina Juquila, Oax., 14 de octubre de 2025.-El Gobierno del Estado a trav\u00e9s de Caminos Bienestar (Cabien), avanza en los trabajos de retiro de derrumbes y desazolve de cunetas en la carretera San Lucas Cerro del Vidrio \u2013 R\u00edo Grande.<\/p>\n\n\n\n<p>Para garantizar la seguridad vial y mejorar la conectividad en la regi\u00f3n de la Costa, los esfuerzos se realizan de manera coordinada con las autoridades municipales en el tramo comprendido del kil\u00f3metro (km) 33+000 al km 50+000.<\/p>\n\n\n\n<p>Durante la jornada de este lunes, se avanz\u00f3 en los trabajos de desazolve de cunetas del km 39+000 al km 43+000; adem\u00e1s de atender una afectaci\u00f3n en el km 44+500, donde se realiz\u00f3 el relleno de la zona afectada con material extra\u00eddo del lugar.<\/p>\n\n\n\n<p>Estas acciones permitieron canalizar adecuadamente el agua pluvial hacia las obras de drenaje, evitando desbordamientos sobre la superficie de rodamiento.<\/p>\n\n\n\n<p>Asimismo, con el apoyo de las autoridades de San Marcos Zacatepec, se llev\u00f3 a cabo un tequio comunitario para limpiar la maleza en la zona y facilitar las labores de la maquinaria.<\/p>\n\n\n\n<p>Hasta el momento contin\u00faan los trabajos en el tramo del km 43+000 al km 50+000, con la finalidad de atender los da\u00f1os restantes y restablecer en su totalidad el tr\u00e1nsito vehicular.<\/p>\n\n\n\n<p>En coordinaci\u00f3n con las autoridades de Santa Catarina Juquila, se realiz\u00f3 un recorrido de supervisi\u00f3n para identificar puntos cr\u00edticos a lo largo del camino.<\/p>\n\n\n\n<p>Entre las afectaciones se encuentra un deslave en el km 49+100, en el acceso a la comunidad de San Marcos Zacatepec, donde se registra la p\u00e9rdida de la mitad de la calzada, situaci\u00f3n que requiere atenci\u00f3n prioritaria.<\/p>\n\n\n\n<p>-0-<\/p>\n\n\n\n<figure class=\"wp-block-image size-large\"><img fetchpriority=\"high\" decoding=\"async\" width=\"1024\" height=\"768\" src=\"https:\/\/contextoanalisisperiodistico.com\/wp-content\/uploads\/2025\/10\/img-20251014-wa00732644775330418294279-1024x768.jpg\" alt=\"\" class=\"wp-image-46858\" srcset=\"https:\/\/contextoanalisisperiodistico.com\/wp-content\/uploads\/2025\/10\/img-20251014-wa00732644775330418294279-1024x768.jpg 1024w, https:\/\/contextoanalisisperiodistico.com\/wp-content\/uploads\/2025\/10\/img-20251014-wa00732644775330418294279-300x225.jpg 300w, https:\/\/contextoanalisisperiodistico.com\/wp-content\/uploads\/2025\/10\/img-20251014-wa00732644775330418294279-768x576.jpg 768w, https:\/\/contextoanalisisperiodistico.com\/wp-content\/uploads\/2025\/10\/img-20251014-wa00732644775330418294279-1536x1152.jpg 1536w, https:\/\/contextoanalisisperiodistico.com\/wp-content\/uploads\/2025\/10\/img-20251014-wa00732644775330418294279.jpg 1600w\" sizes=\"(max-width: 1024px) 100vw, 1024px\" \/><\/figure>\n\n\n\n<figure class=\"wp-block-image\"><img decoding=\"async\" width=\"1024\" height=\"770\" src=\"https:\/\/contextoanalisisperiodistico.com\/wp-content\/uploads\/2025\/10\/img-20251014-wa00746797932608539069789-1024x770.jpg\" alt=\"\" class=\"wp-image-46856\" srcset=\"https:\/\/contextoanalisisperiodistico.com\/wp-content\/uploads\/2025\/10\/img-20251014-wa00746797932608539069789-1024x770.jpg 1024w, https:\/\/contextoanalisisperiodistico.com\/wp-content\/uploads\/2025\/10\/img-20251014-wa00746797932608539069789-300x226.jpg 300w, https:\/\/contextoanalisisperiodistico.com\/wp-content\/uploads\/2025\/10\/img-20251014-wa00746797932608539069789-768x578.jpg 768w, https:\/\/contextoanalisisperiodistico.com\/wp-content\/uploads\/2025\/10\/img-20251014-wa00746797932608539069789.jpg 1280w\" sizes=\"(max-width: 1024px) 100vw, 1024px\" \/><\/figure>\n\n\n\n<figure class=\"wp-block-image\"><img decoding=\"async\" width=\"1024\" height=\"770\" src=\"https:\/\/contextoanalisisperiodistico.com\/wp-content\/uploads\/2025\/10\/img-20251014-wa00751858702636470272202-1024x770.jpg\" alt=\"\" class=\"wp-image-46857\" srcset=\"https:\/\/contextoanalisisperiodistico.com\/wp-content\/uploads\/2025\/10\/img-20251014-wa00751858702636470272202-1024x770.jpg 1024w, https:\/\/contextoanalisisperiodistico.com\/wp-content\/uploads\/2025\/10\/img-20251014-wa00751858702636470272202-300x226.jpg 300w, https:\/\/contextoanalisisperiodistico.com\/wp-content\/uploads\/2025\/10\/img-20251014-wa00751858702636470272202-768x578.jpg 768w, https:\/\/contextoanalisisperiodistico.com\/wp-content\/uploads\/2025\/10\/img-20251014-wa00751858702636470272202.jpg 1280w\" sizes=\"(max-width: 1024px) 100vw, 1024px\" \/><\/figure>\n","protected":false},"excerpt":{"rendered":"<p>\u2022 En coordinaci\u00f3n con los municipios y comunidades se garantizan caminos seguros y funcionales en&#8230;<\/p>\n","protected":false},"author":4,"featured_media":46854,"comment_status":"closed","ping_status":"open","sticky":false,"template":"","format":"standard","meta":{"footnotes":""},"categories":[9],"tags":[335],"jetpack_sharing_enabled":true,"featured_image_urls":{"full":["https:\/\/contextoanalisisperiodistico.com\/wp-content\/uploads\/2025\/10\/IMG-20251014-WA0072.jpg",1280,963,false],"thumbnail":["https:\/\/contextoanalisisperiodistico.com\/wp-content\/uploads\/2025\/10\/IMG-20251014-WA0072-150x150.jpg",150,150,true],"medium":["https:\/\/contextoanalisisperiodistico.com\/wp-content\/uploads\/2025\/10\/IMG-20251014-WA0072-300x226.jpg",300,226,true],"medium_large":["https:\/\/contextoanalisisperiodistico.com\/wp-content\/uploads\/2025\/10\/IMG-20251014-WA0072-768x578.jpg",640,482,true],"large":["https:\/\/contextoanalisisperiodistico.com\/wp-content\/uploads\/2025\/10\/IMG-20251014-WA0072-1024x770.jpg",640,481,true],"1536x1536":["https:\/\/contextoanalisisperiodistico.com\/wp-content\/uploads\/2025\/10\/IMG-20251014-WA0072.jpg",1280,963,false],"2048x2048":["https:\/\/contextoanalisisperiodistico.com\/wp-content\/uploads\/2025\/10\/IMG-20251014-WA0072.jpg",1280,963,false],"covernews-slider-full":["https:\/\/contextoanalisisperiodistico.com\/wp-content\/uploads\/2025\/10\/IMG-20251014-WA0072-1115x715.jpg",1115,715,true],"covernews-slider-center":["https:\/\/contextoanalisisperiodistico.com\/wp-content\/uploads\/2025\/10\/IMG-20251014-WA0072-800x500.jpg",800,500,true],"covernews-featured":["https:\/\/contextoanalisisperiodistico.com\/wp-content\/uploads\/2025\/10\/IMG-20251014-WA0072-1024x770.jpg",1024,770,true],"covernews-medium":["https:\/\/contextoanalisisperiodistico.com\/wp-content\/uploads\/2025\/10\/IMG-20251014-WA0072-540x340.jpg",540,340,true],"covernews-medium-square":["https:\/\/contextoanalisisperiodistico.com\/wp-content\/uploads\/2025\/10\/IMG-20251014-WA0072-400x250.jpg",400,250,true]},"author_info":{"display_name":"Mario Gir\u00f3n","author_link":"https:\/\/contextoanalisisperiodistico.com\/index.php\/author\/director\/"},"category_info":"<a href=\"https:\/\/contextoanalisisperiodistico.com\/index.php\/category\/politica\/\" rel=\"category tag\">Pol\u00edtica<\/a>","tag_info":"Pol\u00edtica","comment_count":"0","jetpack_featured_media_url":"https:\/\/contextoanalisisperiodistico.com\/wp-content\/uploads\/2025\/10\/IMG-20251014-WA0072.jpg","_links":{"self":[{"href":"https:\/\/contextoanalisisperiodistico.com\/index.php\/wp-json\/wp\/v2\/posts\/46855"}],"collection":[{"href":"https:\/\/contextoanalisisperiodistico.com\/index.php\/wp-json\/wp\/v2\/posts"}],"about":[{"href":"https:\/\/contextoanalisisperiodistico.com\/index.php\/wp-json\/wp\/v2\/types\/post"}],"author":[{"embeddable":true,"href":"https:\/\/contextoanalisisperiodistico.com\/index.php\/wp-json\/wp\/v2\/users\/4"}],"replies":[{"embeddable":true,"href":"https:\/\/contextoanalisisperiodistico.com\/index.php\/wp-json\/wp\/v2\/comments?post=46855"}],"version-history":[{"count":2,"href":"https:\/\/contextoanalisisperiodistico.com\/index.php\/wp-json\/wp\/v2\/posts\/46855\/revisions"}],"predecessor-version":[{"id":46860,"href":"https:\/\/contextoanalisisperiodistico.com\/index.php\/wp-json\/wp\/v2\/posts\/46855\/revisions\/46860"}],"wp:featuredmedia":[{"embeddable":true,"href":"https:\/\/contextoanalisisperiodistico.com\/index.php\/wp-json\/wp\/v2\/media\/46854"}],"wp:attachment":[{"href":"https:\/\/contextoanalisisperiodistico.com\/index.php\/wp-json\/wp\/v2\/media?parent=46855"}],"wp:term":[{"taxonomy":"category","embeddable":true,"href":"https:\/\/contextoanalisisperiodistico.com\/index.php\/wp-json\/wp\/v2\/categories?post=46855"},{"taxonomy":"post_tag","embeddable":true,"href":"https:\/\/contextoanalisisperiodistico.com\/index.php\/wp-json\/wp\/v2\/tags?post=46855"}],"curies":[{"name":"wp","href":"https:\/\/api.w.org\/{rel}","templated":true}]}}